{"id":6586,"date":"2022-11-26T22:34:00","date_gmt":"2022-11-26T21:34:00","guid":{"rendered":"https:\/\/swiety-jozef.pl\/?p=6586"},"modified":"2022-11-26T22:43:18","modified_gmt":"2022-11-26T21:43:18","slug":"edykt-w-sprawie-beatyfikacji-siostry-m-iwony-krol","status":"publish","type":"post","link":"https:\/\/swiety-jozef.pl\/index.php\/2022\/11\/26\/edykt-w-sprawie-beatyfikacji-siostry-m-iwony-krol\/","title":{"rendered":"Edykt w sprawie beatyfikacji Siostry M. Iwony Kr\u00f3l"},"content":{"rendered":"\n<!--more-->\n\n\n\n<div style=\"height:22px\" aria-hidden=\"true\" class=\"wp-block-spacer\"><\/div>\n\n\n\n<p>Dnia 28 stycznia 2022 roku, w odpowiedzi na wniosek mieszka\u0144c\u00f3w Wschowy, zwr\u00f3ci\u0142o si\u0119 do mnie Zgromadzenie Si\u00f3str \u015bw. El\u017cbiety z pro\u015bb\u0105 o przeprowadzenie procesu beatyfikacyjnego i kanonizacyjnego Siostry M. Iwony (Anny) Kr\u00f3l CSSE.<\/p>\n\n\n\n<p>Siostra M. Iwona Kr\u00f3l urodzi\u0142a si\u0119 12 maja 1908 roku w Mrozach, ko\u0142o Kartuz. Na chrzcie \u015bwi\u0119tym nadano jej imi\u0119 Anna. Ju\u017c jako nastolatka wykazywa\u0142a niezwyk\u0142\u0105 pobo\u017cno\u015b\u0107 i umi\u0142owanie Eucharystii.<\/p>\n\n\n\n<p>W wieku 22 lat, dnia 06 sierpnia 1930 roku wst\u0105pi\u0142a do Zgromadzenia Si\u00f3str \u015bw. El\u017cbiety w Poznaniu. Dnia 10 sierpnia 1931 roku otrzyma\u0142a habit zakonny i imi\u0119 zakonne Maria Iwona, rozpoczynaj\u0105c tym samym czas nowicjatu. Pierwsze \u015bluby z\u0142o\u017cy\u0142a 20 sierpnia 1932 roku. Podczas formacji pocz\u0105tkowej przygotowywa\u0142a si\u0119 do zawodu piel\u0119gniarki uzyskuj\u0105c dyplom i uprawnienia pa\u0144stwowe. Kr\u00f3tko po z\u0142o\u017ceniu pierwszych \u015blub\u00f3w zakonnych, dnia 7 wrze\u015bnia 1932 roku, zosta\u0142a skierowana na pierwsz\u0105 plac\u00f3wk\u0119 do Wyrzyska, gdzie pracowa\u0142a jako piel\u0119gniarka w szpitalu. Pos\u0142ugiwa\u0142a r\u00f3wnie\u017c w Kruszwicy, a od 9 marca 1936 roku pracowa\u0142a, w charakterze piel\u0119gniarki, w Domu Starc\u00f3w w Pucku. Dnia 21 sierpnia 1937 roku z\u0142o\u017cy\u0142a \u015bluby wieczyste i na zawsze, nierozerwalnie z\u0142\u0105czy\u0142a si\u0119 z umi\u0142owanym Mistrzem.<\/p>\n\n\n\n<p>W 1939 roku wraz z innymi siostrami zosta\u0142a wywieziona z Pucka przez niemieckich \u017co\u0142nierzy. Siostry uda\u0142y si\u0119 do Gda\u0144ska, sk\u0105d wys\u0142ano je do Domu Generalnego we Wroc\u0142awiu. Siostr\u0119 M. Iwon\u0119 skierowano do pracy na plac\u00f3wce we Wschowie, gdzie po\u015bwi\u0119ci\u0142a si\u0119 opiece nad chorymi, czuwaj\u0105c przy nich zar\u00f3wno w ci\u0105gu dnia jak i w nocy. Nie tylko leczy\u0142a i piel\u0119gnowa\u0142a chorych, ale przede wszystkim otacza\u0142a ich ufn\u0105 modlitw\u0105. W 1944 roku \u00f3wczesny ksi\u0105dz proboszcz przekaza\u0142 jej klucze do ko\u015bcio\u0142a z pro\u015bb\u0105, aby si\u0119 nim opiekowa\u0142a. Wzi\u0119\u0142a sobie g\u0142\u0119boko do serca us\u0142yszane s\u0142owa i strzeg\u0142a \u015bwi\u0105tyni z nara\u017ceniem \u017cycia. We w\u0142asnych d\u0142oniach wynios\u0142a z niej bomb\u0119 zegarow\u0105, kt\u00f3ra po kilkunastu godzinach wybuch\u0142a. W ten spos\u00f3b uchroni\u0142a ko\u015bci\u00f3\u0142 przed zniszczeniem. Je\u017adzi\u0142a po okolicznych wioskach, gdzie zbiera\u0142a sprofanowane przez radzieckich \u017co\u0142nierzy konsekrowane hostie i sprz\u0119ty liturgiczne. Odznacza\u0142a si\u0119 wielk\u0105 odwag\u0105, wiedzia\u0142a jak wiele ryzykuje, by\u0142a \u015bwiadoma jak okrutni i bestialscy potrafili by\u0107 \u017co\u0142nierze. Mimo tego, mi\u0142o\u015b\u0107 do Eucharystii, kt\u00f3ra towarzyszy\u0142a jej od m\u0142odzie\u0144czych lat, by\u0142a silniejsza ni\u017c strach. Nara\u017ca\u0142a si\u0119 na niebezpiecze\u0144stwo ka\u017cdego dnia i ca\u0142\u0105 ufno\u015b\u0107 sk\u0142ada\u0142a w r\u0119ce Boga, kt\u00f3remu odda\u0142a ca\u0142kowicie swoje \u017cycie, wierz\u0105c, \u017ce On nieustannie nad ni\u0105 czuwa i j\u0105 chroni. Siostra M. Iwona zako\u0144czy\u0142a swoje ziemskie pielgrzymowanie dnia 8 sierpnia 1990 roku. Pochowana zosta\u0142a 12 sierpnia tego\u017c roku na cmentarzu parafialnym we Wschowie.<\/p>\n\n\n\n<p>W zwi\u0105zku z powy\u017cszym, zgodnie z wytycznymi prawa kanonizacyjnego zwr\u00f3ci\u0142em si\u0119 do Kongregacji Episkopatu Polski o opini\u0119 w sprawie rozpocz\u0119cia procesu beatyfikacyjnego i kanonizacyjnego Siostry M. Iwony Kr\u00f3l. Ksi\u0119\u017ca Biskupi zgromadzeni na 392 Zebraniu Plenarnym Konferencji Episkopatu Polski, kt\u00f3re obradowa\u0142o w Zakopanem w dniach 6-7 czerwca 2022 roku, wyrazili pozytywn\u0105 opini\u0119 (SEP \u2013 D 6.3-56). Zgodnie z prawem zosta\u0142a r\u00f3wnie\u017c skierowana pro\u015bba o nihil obstat do Dykasterii Spraw Kanonizacyjnych.<\/p>\n\n\n\n<p>Zwracam si\u0119 z serdeczn\u0105 pro\u015bb\u0105 do wszystkich, kt\u00f3rzy posiadaj\u0105 jakiekolwiek dokumenty, pisma, zdj\u0119cia, pami\u0105tki lub wiadomo\u015bci w przed\u0142o\u017conej sprawie, zar\u00f3wno pozytywne jak i negatywne, aby zechcieli przekaza\u0107 je do Kurii Diecezjalnej w Zielonej G\u00f3rze lub na adres Wicepostulatorki sprawy \u2013 siostry M. Weroniki Szelejewskiej, pl. \u015bw. Jana 1, 67-400 Wschowa.<\/p>\n\n\n\n<p>Zielona G\u00f3ra, 17.11.2022 r.<\/p>\n\n\n\n<p>Znak: Hb6-7\/22<\/p>\n\n\n\n<p class=\"has-text-align-right\">+Tadeusz Lity\u0144ski<br>Biskup Zielonog\u00f3rsko-Gorzowski<\/p>\n\n\n\n<p class=\"has-text-align-right\">ks. Piotr Kubiak<br>Kanclerz Kurii<\/p>\n\n\n\n<div style=\"height:20px\" aria-hidden=\"true\" class=\"wp-block-spacer\"><\/div>\n","protected":false},"excerpt":{"rendered":"","protected":false},"author":3,"featured_media":4338,"comment_status":"closed","ping_status":"closed","sticky":false,"template":"","format":"standard","meta":{"_lmt_disableupdate":"","_lmt_disable":"","footnotes":""},"categories":[1],"tags":[],"class_list":["post-6586","post","type-post","status-publish","format-standard","has-post-thumbnail","hentry","category-bez-kategorii"],"_links":{"self":[{"href":"https:\/\/swiety-jozef.pl\/index.php\/wp-json\/wp\/v2\/posts\/6586","targetHints":{"allow":["GET"]}}],"collection":[{"href":"https:\/\/swiety-jozef.pl\/index.php\/wp-json\/wp\/v2\/posts"}],"about":[{"href":"https:\/\/swiety-jozef.pl\/index.php\/wp-json\/wp\/v2\/types\/post"}],"author":[{"embeddable":true,"href":"https:\/\/swiety-jozef.pl\/index.php\/wp-json\/wp\/v2\/users\/3"}],"replies":[{"embeddable":true,"href":"https:\/\/swiety-jozef.pl\/index.php\/wp-json\/wp\/v2\/comments?post=6586"}],"version-history":[{"count":2,"href":"https:\/\/swiety-jozef.pl\/index.php\/wp-json\/wp\/v2\/posts\/6586\/revisions"}],"predecessor-version":[{"id":6588,"href":"https:\/\/swiety-jozef.pl\/index.php\/wp-json\/wp\/v2\/posts\/6586\/revisions\/6588"}],"wp:featuredmedia":[{"embeddable":true,"href":"https:\/\/swiety-jozef.pl\/index.php\/wp-json\/wp\/v2\/media\/4338"}],"wp:attachment":[{"href":"https:\/\/swiety-jozef.pl\/index.php\/wp-json\/wp\/v2\/media?parent=6586"}],"wp:term":[{"taxonomy":"category","embeddable":true,"href":"https:\/\/swiety-jozef.pl\/index.php\/wp-json\/wp\/v2\/categories?post=6586"},{"taxonomy":"post_tag","embeddable":true,"href":"https:\/\/swiety-jozef.pl\/index.php\/wp-json\/wp\/v2\/tags?post=6586"}],"curies":[{"name":"wp","href":"https:\/\/api.w.org\/{rel}","templated":true}]}}