{"id":6520,"date":"2022-11-05T14:34:08","date_gmt":"2022-11-05T13:34:08","guid":{"rendered":"https:\/\/swiety-jozef.pl\/?p=6520"},"modified":"2022-11-05T14:46:46","modified_gmt":"2022-11-05T13:46:46","slug":"intencje-mszalne-6-11-13-11-2022-r","status":"publish","type":"post","link":"https:\/\/swiety-jozef.pl\/index.php\/2022\/11\/05\/intencje-mszalne-6-11-13-11-2022-r\/","title":{"rendered":"Intencje mszalne 6.11 \u2013 13.11.2022 r."},"content":{"rendered":"\n<!--more-->\n\n\n\n<div style=\"height:22px\" aria-hidden=\"true\" class=\"wp-block-spacer\"><\/div>\n\n\n\n<p><strong>Niedziela 06.11.2022r.<\/strong><\/p>\n\n\n\n<p>7<sup>30 <\/sup><strong>1. <\/strong>+ z rodzin Nowak i Jakubowczak<\/p>\n\n\n\n<p><strong>2. <\/strong>+ Barbara Plas, + Ewa Str\u0105ka, + Zofia Grzelka, + Danuta Ba\u0144kowska \u2013 z r\u00f3\u017cy MB Klenickiej<\/p>\n\n\n\n<p>9<sup>30 <\/sup><strong>1.<\/strong> ++ cz\u0142onkinie z r\u00f3\u017cy Niepokalana Serca NMP<\/p>\n\n\n\n<p><strong>2.<\/strong> + Ma\u0142gorzata, + Ludwik, + Eugeniusz Kruszyk, + Dorota i + Stanis\u0142aw Bartkowiak<\/p>\n\n\n\n<p>11<sup>00<\/sup> <strong>1.<\/strong> + Albin \u015aliwi\u0144ski \u2013 z okazji ur.<\/p>\n\n\n\n<p><strong>2.<\/strong> Dz.: Emilia \u2013 2 r. ur., siostra Alicja i rodzice<\/p>\n\n\n\n<p>12<sup>30 <\/sup><strong>1.<\/strong>  Zosia Szyszko \u2013 6 r. ur.<\/p>\n\n\n\n<p><strong>2.<\/strong> + Marian Pi\u0105tek (6 greg)<\/p>\n\n\n\n<p>14<sup>00<\/sup> <strong>1.<\/strong> + Bronis\u0142awa i + Marian Tyrakowscy i ++ z ich rodzin<\/p>\n\n\n\n<p>18<sup>30<\/sup> <strong>1. <\/strong>+ Helena, + Micha\u0142, + Stanis\u0142aw Zawidlak<\/p>\n\n\n\n<p><strong>2. <\/strong>++ cz\u0142onkowie i sympatycy orkiestry Fermata Band<\/p>\n\n\n\n<div style=\"height:23px\" aria-hidden=\"true\" class=\"wp-block-spacer\"><\/div>\n\n\n\n<p><strong>Poniedzia\u0142ek 07.11.2022r.<\/strong><\/p>\n\n\n\n<p>7<sup>00 <\/sup><strong>1.<\/strong> + Marian Pi\u0105tek (7 greg)<\/p>\n\n\n\n<p>18<sup>00<\/sup> <strong>1. <\/strong>++ Wanda i Ryszard D\u0105browscy<\/p>\n\n\n\n<p><strong>2.<\/strong> + J\u00f3zef Pawlak \u2013 21 r. \u015bm. oraz ++ z rodziny<\/p>\n\n\n\n<div style=\"height:26px\" aria-hidden=\"true\" class=\"wp-block-spacer\"><\/div>\n\n\n\n<p><strong>Wtorek 08.11.2022r.<\/strong><\/p>\n\n\n\n<p>7<sup>00 <\/sup><strong>1. <\/strong>+ Irena Baranowska\u2013 1 r. \u015bm.<\/p>\n\n\n\n<p>11<sup>55<\/sup> <strong>1.<\/strong><em>KSP<\/em>: <strong>+ <\/strong>Kazimierz Galin \u2013 1 r. \u015bm.<\/p>\n\n\n\n<p>18<sup>00 <\/sup><strong>1.<\/strong> + Marian Pi\u0105tek (8 greg)<\/p>\n\n\n\n<p><strong>2. <\/strong>+ Tomasz Ziera\u0142ko \u2013 1 r. \u015bm.<\/p>\n\n\n\n<div style=\"height:24px\" aria-hidden=\"true\" class=\"wp-block-spacer\"><\/div>\n\n\n\n<p><strong>\u015aroda 09.11.2022r.<\/strong><\/p>\n\n\n\n<p>7<sup>00 <\/sup><strong>1.<\/strong> + Marian Pi\u0105tek (9 greg)<\/p>\n\n\n\n<p>18<sup>00 <\/sup><strong>1.<\/strong><sup><\/sup> ++ Kazimiera i Helena Matyjasik<\/p>\n\n\n\n<p> <strong>2. <\/strong>W intencji czcicieli MB Nieustaj\u0105cej Pomocy i \u015bw. J\u00f3zefa<\/p>\n\n\n\n<div style=\"height:23px\" aria-hidden=\"true\" class=\"wp-block-spacer\"><\/div>\n\n\n\n<p><strong>Czwartek 10.11.2022r.<\/strong><\/p>\n\n\n\n<p>7<sup>00<\/sup> <strong>1.<\/strong> + Marian Pi\u0105tek (10 greg)<\/p>\n\n\n\n<p><strong>2. <\/strong>++ z rodzin Malaczewski i Bator oraz +<\/p>\n\n\n\n<p>+ z r\u00f3\u017cy Niepokalanego Pocz\u0119cia NMP<\/p>\n\n\n\n<p>18<sup>00 <\/sup><strong>1.<\/strong><sup> <\/sup>++ cz\u0142onkinie r\u00f3\u017cy MB Rokitnia\u0144skiej<\/p>\n\n\n\n<p><strong>2.<\/strong> ++ z r\u00f3\u017cy MB Nieustaj\u0105cej Pomocy: + Maria Kami\u0144ska, +<\/p>\n\n\n\n<p>Olga Komar, + Krystyna Bia\u0142ek, + Jadwiga Kmiecik, + Irena Czwi\u0119czek, +&nbsp;Alicja Walkowska<\/p>\n\n\n\n<div style=\"height:24px\" aria-hidden=\"true\" class=\"wp-block-spacer\"><\/div>\n\n\n\n<p><strong>Pi\u0105tek 11.11.2022r.<\/strong><\/p>\n\n\n\n<p>7<sup>00<\/sup> <strong>1.<\/strong> ++ Stefania, Jan, Zdzis\u0142aw Sromek oraz ++ Anna i Franciszek z&nbsp;rodzin\u0105<\/p>\n\n\n\n<p>10<sup>00<\/sup> <strong>1. <\/strong>W intencji Ojczyzny<\/p>\n\n\n\n<p>18<sup>00<\/sup> <strong>1.<\/strong> + Marian Pi\u0105tek (11 greg)<\/p>\n\n\n\n<p><strong>2.<\/strong> ++ z rodziny Wareluk w r. \u015bm. oraz + Eugeniusz Ejkiewicz, + Andrzej Geneja<\/p>\n\n\n\n<div style=\"height:22px\" aria-hidden=\"true\" class=\"wp-block-spacer\"><\/div>\n\n\n\n<p><strong>Sobota 12.11.2022r.<\/strong><\/p>\n\n\n\n<p>7<sup>00<\/sup> <strong>1. <\/strong>++ z rodzin Micha\u0142owskich i Walendowskich<\/p>\n\n\n\n<p>18<sup>00<\/sup> <strong>1.<\/strong> + Marian Pi\u0105tek (12 greg)<\/p>\n\n\n\n<p><strong>2. <\/strong>+ Anna Zielant \u2013 7 r. \u015bm. i ++ z rodziny<\/p>\n\n\n\n<div style=\"height:24px\" aria-hidden=\"true\" class=\"wp-block-spacer\"><\/div>\n\n\n\n<p><strong>Niedziela 13.11.2022r.<\/strong><\/p>\n\n\n\n<p>7<sup>30 <\/sup><strong>1. <\/strong>+ Zofia Grzelka \u2013 2 r. \u015bm.<\/p>\n\n\n\n<p>9<sup>30 <\/sup><strong>1.<\/strong> + Franciszka (k) Jack\u00f3w \u2013 5 r. \u015bm.<\/p>\n\n\n\n<p><strong>2.<\/strong> Dz.: Jan \u2013 85 r. ur. \u2013 z pro\u015bb\u0105 o Bo\u017ce b\u0142ogos\u0142awie\u0144stwo i \u0142ask\u0119 zdrowia<\/p>\n\n\n\n<p>11<sup>00<\/sup> <strong>1.<\/strong> ++ Danuta i Zdzis\u0142aw Zawierucha oraz ++ z rodziny Zawierucha<\/p>\n\n\n\n<p><strong>2.<\/strong> + Maria Maciejewska \u2013 1 r. \u015bm.<\/p>\n\n\n\n<p>12<sup>30 <\/sup><strong>1.<\/strong> + Tomasz Haniszewski \u2013 9 r. \u015bm. oraz ++ z rodziny<\/p>\n\n\n\n<p><strong>2.<\/strong> Dz.: Mieczys\u0142aw \u2013 80 r. ur.<\/p>\n\n\n\n<p>14<sup>00<\/sup> <strong>1.<\/strong> + Marian Pi\u0105tek (13 greg)<\/p>\n\n\n\n<p><strong>2. <\/strong>+ Stefania, + Stanis\u0142aw, +Stefania, + Jan, + W\u0142adys\u0142aw- 2 r. \u015bm.<\/p>\n\n\n\n<p><em>16<\/em><sup><em>00<\/em><\/sup><em> KONCERT Z OKAZJI 20 LECIA ORKIESTRY<\/em><\/p>\n\n\n\n<p>18<sup>30<\/sup> <strong>1. <\/strong>+ Janina Weryszko \u2013 8 r. \u015bm. oraz ++ rodzice: Pawe\u0142 i Tekla<\/p>\n\n\n\n<p><strong>2. <\/strong>+ Marianna Szymankiewicz \u2013 2 r. \u015bm. oraz z okazji ur.<\/p>\n\n\n\n<div style=\"height:38px\" aria-hidden=\"true\" class=\"wp-block-spacer\"><\/div>\n","protected":false},"excerpt":{"rendered":"","protected":false},"author":3,"featured_media":4429,"comment_status":"closed","ping_status":"closed","sticky":false,"template":"","format":"standard","meta":{"_lmt_disableupdate":"","_lmt_disable":"","footnotes":""},"categories":[20],"tags":[],"class_list":["post-6520","post","type-post","status-publish","format-standard","has-post-thumbnail","hentry","category-intencje"],"_links":{"self":[{"href":"https:\/\/swiety-jozef.pl\/index.php\/wp-json\/wp\/v2\/posts\/6520","targetHints":{"allow":["GET"]}}],"collection":[{"href":"https:\/\/swiety-jozef.pl\/index.php\/wp-json\/wp\/v2\/posts"}],"about":[{"href":"https:\/\/swiety-jozef.pl\/index.php\/wp-json\/wp\/v2\/types\/post"}],"author":[{"embeddable":true,"href":"https:\/\/swiety-jozef.pl\/index.php\/wp-json\/wp\/v2\/users\/3"}],"replies":[{"embeddable":true,"href":"https:\/\/swiety-jozef.pl\/index.php\/wp-json\/wp\/v2\/comments?post=6520"}],"version-history":[{"count":2,"href":"https:\/\/swiety-jozef.pl\/index.php\/wp-json\/wp\/v2\/posts\/6520\/revisions"}],"predecessor-version":[{"id":6522,"href":"https:\/\/swiety-jozef.pl\/index.php\/wp-json\/wp\/v2\/posts\/6520\/revisions\/6522"}],"wp:featuredmedia":[{"embeddable":true,"href":"https:\/\/swiety-jozef.pl\/index.php\/wp-json\/wp\/v2\/media\/4429"}],"wp:attachment":[{"href":"https:\/\/swiety-jozef.pl\/index.php\/wp-json\/wp\/v2\/media?parent=6520"}],"wp:term":[{"taxonomy":"category","embeddable":true,"href":"https:\/\/swiety-jozef.pl\/index.php\/wp-json\/wp\/v2\/categories?post=6520"},{"taxonomy":"post_tag","embeddable":true,"href":"https:\/\/swiety-jozef.pl\/index.php\/wp-json\/wp\/v2\/tags?post=6520"}],"curies":[{"name":"wp","href":"https:\/\/api.w.org\/{rel}","templated":true}]}}