{"id":6509,"date":"2022-11-01T19:56:05","date_gmt":"2022-11-01T18:56:05","guid":{"rendered":"https:\/\/swiety-jozef.pl\/?p=6509"},"modified":"2022-11-01T20:01:10","modified_gmt":"2022-11-01T19:01:10","slug":"aktualizacja-ogloszen-duszpasterskich-z-dnia-30-10-2022-r","status":"publish","type":"post","link":"https:\/\/swiety-jozef.pl\/index.php\/2022\/11\/01\/aktualizacja-ogloszen-duszpasterskich-z-dnia-30-10-2022-r\/","title":{"rendered":"Aktualizacja og\u0142osze\u0144 duszpasterskich z dnia 30.10.2022 r. Dotyczy odpustu za zmar\u0142ych."},"content":{"rendered":"\n<!--more-->\n\n\n\n<div style=\"height:25px\" aria-hidden=\"true\" class=\"wp-block-spacer\"><\/div>\n\n\n\n<h4 class=\"wp-block-heading\">Aktualizacja dotyczy odpustu za zmar\u0142ych, punkt 8 og\u0142osze\u0144 duszpasterskich:<\/h4>\n\n\n\n<div style=\"height:25px\" aria-hidden=\"true\" class=\"wp-block-spacer\"><\/div>\n\n\n\n<p>Odpusty za zmar\u0142ych: <strong>Dla o\u015bmiu os\u00f3b w dniach od 1 do 8 listopada mo\u017cemy uzyska\u0107 odpust zupe\u0142ny.<\/strong> Do uzyskania odpustu konieczne jest: modlitwa  za zmar\u0142ego, nawiedzenie cmentarza, spowied\u017a sakramentalna lub stan bez grzechu, przyj\u0119cie Komunii \u015awi\u0119tej i odm\u00f3wienie dowolnej modlitwy w intencjach Ojca \u015awi\u0119tego.<\/p>\n\n\n\n<div style=\"height:25px\" aria-hidden=\"true\" class=\"wp-block-spacer\"><\/div>\n\n\n\n<p class=\"has-text-align-right\"><strong>Proboszcz<br>Ks. Krzysztof Kocz<\/strong><\/p>\n","protected":false},"excerpt":{"rendered":"","protected":false},"author":3,"featured_media":3316,"comment_status":"closed","ping_status":"closed","sticky":false,"template":"","format":"standard","meta":{"_lmt_disableupdate":"","_lmt_disable":"","footnotes":""},"categories":[1],"tags":[],"class_list":["post-6509","post","type-post","status-publish","format-standard","has-post-thumbnail","hentry","category-bez-kategorii"],"_links":{"self":[{"href":"https:\/\/swiety-jozef.pl\/index.php\/wp-json\/wp\/v2\/posts\/6509","targetHints":{"allow":["GET"]}}],"collection":[{"href":"https:\/\/swiety-jozef.pl\/index.php\/wp-json\/wp\/v2\/posts"}],"about":[{"href":"https:\/\/swiety-jozef.pl\/index.php\/wp-json\/wp\/v2\/types\/post"}],"author":[{"embeddable":true,"href":"https:\/\/swiety-jozef.pl\/index.php\/wp-json\/wp\/v2\/users\/3"}],"replies":[{"embeddable":true,"href":"https:\/\/swiety-jozef.pl\/index.php\/wp-json\/wp\/v2\/comments?post=6509"}],"version-history":[{"count":5,"href":"https:\/\/swiety-jozef.pl\/index.php\/wp-json\/wp\/v2\/posts\/6509\/revisions"}],"predecessor-version":[{"id":6515,"href":"https:\/\/swiety-jozef.pl\/index.php\/wp-json\/wp\/v2\/posts\/6509\/revisions\/6515"}],"wp:featuredmedia":[{"embeddable":true,"href":"https:\/\/swiety-jozef.pl\/index.php\/wp-json\/wp\/v2\/media\/3316"}],"wp:attachment":[{"href":"https:\/\/swiety-jozef.pl\/index.php\/wp-json\/wp\/v2\/media?parent=6509"}],"wp:term":[{"taxonomy":"category","embeddable":true,"href":"https:\/\/swiety-jozef.pl\/index.php\/wp-json\/wp\/v2\/categories?post=6509"},{"taxonomy":"post_tag","embeddable":true,"href":"https:\/\/swiety-jozef.pl\/index.php\/wp-json\/wp\/v2\/tags?post=6509"}],"curies":[{"name":"wp","href":"https:\/\/api.w.org\/{rel}","templated":true}]}}