{"id":6463,"date":"2022-10-16T02:21:47","date_gmt":"2022-10-16T00:21:47","guid":{"rendered":"https:\/\/swiety-jozef.pl\/?p=6463"},"modified":"2022-10-16T02:21:48","modified_gmt":"2022-10-16T00:21:48","slug":"komunikat-w-liturgiczne-wspomnienie-sw-lukasza-patrona-sluzby-zdrowia","status":"publish","type":"post","link":"https:\/\/swiety-jozef.pl\/index.php\/2022\/10\/16\/komunikat-w-liturgiczne-wspomnienie-sw-lukasza-patrona-sluzby-zdrowia\/","title":{"rendered":"Komunikat w liturgiczne wspomnienie \u015bw. \u0141ukasza \u2013 patrona s\u0142u\u017cby zdrowia"},"content":{"rendered":"\n<!--more-->\n\n\n\n<div style=\"height:21px\" aria-hidden=\"true\" class=\"wp-block-spacer\"><\/div>\n\n\n\n<p>Drodzy Diecezjanie,<\/p>\n\n\n\n<p>Drodzy Pracownicy S\u0142u\u017cby Zdrowia,<\/p>\n\n\n\n<p>Co roku 18 pa\u017adziernika wspominamy w liturgii Ko\u015bcio\u0142a \u015bw. \u0141ukasza \u2013 patrona S\u0142u\u017cby Zdrowia. Urodzi\u0142 si\u0119 on w Antiochii Syryjskiej, z zawodu by\u0142 lekarzem. Po przyj\u0119ciu chrze\u015bcija\u0144stwa sta\u0142 si\u0119 wsp\u00f3\u0142pracownikiem \u015bw. Paw\u0142a i towarzyszem jego misyjnych podr\u00f3\u017cy. Jest autorem Ewangelii, w kt\u00f3rej przedstawi\u0142 Chrystusa jako lekarza duszy i cia\u0142a. W opisach wielu uzdrowie\u0144 i wskrzesze\u0144 daje nam przyk\u0142ad ogromnej wra\u017cliwo\u015bci Jezusa na ludzkie cierpienie, kt\u00f3rej my r\u00f3wnie\u017c mo\u017cemy do\u015bwiadczy\u0107.<\/p>\n\n\n\n<p>Liturgiczne wspomnienie \u015bw. \u0141ukasza zaprasza nas wszystkich do troski o tych, kt\u00f3rzy wok\u00f3\u0142 nas prze\u017cywaj\u0105 trud choroby, ale i docenienia tych, kt\u00f3rzy w codzienno\u015bci nios\u0105 chorym potrzebn\u0105 pomoc. Osoby zajmuj\u0105ce si\u0119 pomoc\u0105 medyczn\u0105 zawsze cieszy\u0142y si\u0119 spo\u0142ecznym szacunkiem, a zaw\u00f3d lekarza wi\u0105za\u0142 si\u0119 tak\u017ce ze szczeg\u00f3ln\u0105 misj\u0105 i powo\u0142aniem. Wyra\u017cam swoj\u0105 wdzi\u0119czno\u015b\u0107 lekarzom oraz wszystkim pracownikom s\u0142u\u017cby zdrowia oraz instytucjom zwi\u0105zanym z ochron\u0105 zdrowia za trud kompetentnej pracy dla ratowania \u017cycia i zdrowia pacjent\u00f3w oraz przekazuj\u0119 wyrazy uznania dla medycznego powo\u0142ania i pos\u0142ugi wobec os\u00f3b chorych i cierpi\u0105cych.<\/p>\n\n\n\n<p>We wtorek 18 pa\u017adziernika podczas Mszy \u015bw. o godz. 10:30 w parafii \u015bw. Micha\u0142a Archanio\u0142a w \u015awiebodzinie b\u0119d\u0119 modli\u0142 si\u0119 za pracownik\u00f3w S\u0142u\u017cby Zdrowia naszej diecezji, natomiast o godzinie 12:00 w \u015awiebodzi\u0144skim Domu Kultury zostan\u0105 wr\u0119czone statuetki \u201eLubuski Samarytanin\u201d. Poprzez t\u0119 nagrod\u0119 pragniemy ju\u017c kolejny raz wyr\u00f3\u017cni\u0107 osoby i instytucje, kt\u00f3re podejmuj\u0105 przyk\u0142adn\u0105, bezinteresown\u0105 i holistyczn\u0105, czyli uwzgl\u0119dniaj\u0105ca tak\u017ce wymiar duchowy, s\u0142u\u017cb\u0119 wzgl\u0119dem os\u00f3b chorych, cierpi\u0105cych i ich rodzin oraz przyczyniaj\u0105 si\u0119 poprzez swoj\u0105 prac\u0119 do poprawy jako\u015bci opieki zdrowotnej.<\/p>\n\n\n\n<p>Niech \u015bwi\u0119ty \u0141ukasz wyprasza pracownikom s\u0142u\u017cby zdrowia si\u0142\u0119 i moc niesienia pomocy i ulgi w cierpieniu na wz\u00f3r dobrego Samarytanina.<\/p>\n\n\n\n<p class=\"has-text-align-right\">+ Tadeusz Lity\u0144ski<\/p>\n\n\n\n<p class=\"has-text-align-right\">Biskup Zielonog\u00f3rsko-Gorzowski<\/p>\n\n\n\n<p>Zielona G\u00f3ra, 14 pa\u017adziernika 2022 r.<\/p>\n\n\n\n<p>Znak: B2-11\/22<\/p>\n\n\n\n<div style=\"height:40px\" aria-hidden=\"true\" class=\"wp-block-spacer\"><\/div>\n","protected":false},"excerpt":{"rendered":"","protected":false},"author":3,"featured_media":4338,"comment_status":"closed","ping_status":"closed","sticky":false,"template":"","format":"standard","meta":{"_lmt_disableupdate":"","_lmt_disable":"","footnotes":""},"categories":[1],"tags":[],"class_list":["post-6463","post","type-post","status-publish","format-standard","has-post-thumbnail","hentry","category-bez-kategorii"],"_links":{"self":[{"href":"https:\/\/swiety-jozef.pl\/index.php\/wp-json\/wp\/v2\/posts\/6463","targetHints":{"allow":["GET"]}}],"collection":[{"href":"https:\/\/swiety-jozef.pl\/index.php\/wp-json\/wp\/v2\/posts"}],"about":[{"href":"https:\/\/swiety-jozef.pl\/index.php\/wp-json\/wp\/v2\/types\/post"}],"author":[{"embeddable":true,"href":"https:\/\/swiety-jozef.pl\/index.php\/wp-json\/wp\/v2\/users\/3"}],"replies":[{"embeddable":true,"href":"https:\/\/swiety-jozef.pl\/index.php\/wp-json\/wp\/v2\/comments?post=6463"}],"version-history":[{"count":2,"href":"https:\/\/swiety-jozef.pl\/index.php\/wp-json\/wp\/v2\/posts\/6463\/revisions"}],"predecessor-version":[{"id":6465,"href":"https:\/\/swiety-jozef.pl\/index.php\/wp-json\/wp\/v2\/posts\/6463\/revisions\/6465"}],"wp:featuredmedia":[{"embeddable":true,"href":"https:\/\/swiety-jozef.pl\/index.php\/wp-json\/wp\/v2\/media\/4338"}],"wp:attachment":[{"href":"https:\/\/swiety-jozef.pl\/index.php\/wp-json\/wp\/v2\/media?parent=6463"}],"wp:term":[{"taxonomy":"category","embeddable":true,"href":"https:\/\/swiety-jozef.pl\/index.php\/wp-json\/wp\/v2\/categories?post=6463"},{"taxonomy":"post_tag","embeddable":true,"href":"https:\/\/swiety-jozef.pl\/index.php\/wp-json\/wp\/v2\/tags?post=6463"}],"curies":[{"name":"wp","href":"https:\/\/api.w.org\/{rel}","templated":true}]}}