{"id":6403,"date":"2022-10-02T09:01:08","date_gmt":"2022-10-02T07:01:08","guid":{"rendered":"https:\/\/swiety-jozef.pl\/?p=6403"},"modified":"2022-10-02T09:01:55","modified_gmt":"2022-10-02T07:01:55","slug":"pielgrzymka-zywego-rozanca-i-apostolatu-margaretka-do-rokitna-2022-r","status":"publish","type":"post","link":"https:\/\/swiety-jozef.pl\/index.php\/2022\/10\/02\/pielgrzymka-zywego-rozanca-i-apostolatu-margaretka-do-rokitna-2022-r\/","title":{"rendered":"Pielgrzymka \u017bywego R\u00f3\u017ca\u0144ca i Apostolatu Margaretka\u00a0do\u00a0Rokitna 1.10.2022 r."},"content":{"rendered":"\n<!--more-->\n\n\n\n<div style=\"height:20px\" aria-hidden=\"true\" class=\"wp-block-spacer\"><\/div>\n\n\n\n<p class=\"has-normal-font-size\"><strong>W diecezjalnym sanktuarium Matki Bo\u017cej Cierpliwie S\u0142uchaj\u0105cej w Rokitnie 1 pa\u017adziernika odby\u0142a si\u0119 doroczna pielgrzymka  \u017bywego R\u00f3\u017ca\u0144ca i Apostolstwa &#8222;Margaretka&#8221;. Modlitwie przewodniczy\u0142 bp Adrian Put.<\/strong><\/p>\n\n\n\n<p><strong>W homilii biskup pomocniczy m\u00f3wi\u0142 o potrzebie jedno\u015bci we wsp\u00f3\u0142czesnym Ko\u015bciele:<\/strong><\/p>\n\n\n\n<p><\/p>\n\n\n\n<figure class=\"wp-block-embed is-type-video is-provider-youtube wp-block-embed-youtube wp-embed-aspect-16-9 wp-has-aspect-ratio\"><div class=\"wp-block-embed__wrapper\">\n<iframe title=\"Pielgrzymka r\u00f3\u017ca\u0144cowa do Rokitna\" width=\"1170\" height=\"658\" src=\"https:\/\/www.youtube.com\/embed\/pPZyTtwhl5I?feature=oembed\" frameborder=\"0\" allow=\"accelerometer; autoplay; clipboard-write; encrypted-media; gyroscope; picture-in-picture\" allowfullscreen><\/iframe>\n<\/div><\/figure>\n\n\n\n<div style=\"height:26px\" aria-hidden=\"true\" class=\"wp-block-spacer\"><\/div>\n\n\n\n<p><strong>Biskup postawi\u0142 przed pielgrzymami konkretne zadanie:<\/strong><\/p>\n\n\n\n<figure class=\"wp-block-embed is-type-video is-provider-youtube wp-block-embed-youtube wp-embed-aspect-16-9 wp-has-aspect-ratio\"><div class=\"wp-block-embed__wrapper\">\n<iframe title=\"R\u00f3\u017ca\u0144cowa pielgrzymka do Rokitna\" width=\"1170\" height=\"658\" src=\"https:\/\/www.youtube.com\/embed\/BQ9EtGWVA90?feature=oembed\" frameborder=\"0\" allow=\"accelerometer; autoplay; clipboard-write; encrypted-media; gyroscope; picture-in-picture\" allowfullscreen><\/iframe>\n<\/div><\/figure>\n\n\n\n<div style=\"height:24px\" aria-hidden=\"true\" class=\"wp-block-spacer\"><\/div>\n\n\n\n<p><strong>Wi\u0119cej zdj\u0119\u0107 pod tym linkiem: <a href=\"https:\/\/zgg.gosc.pl\/gal\/spis\/7857756.Pielgrzymka-Zywego-Rozanca-i-Apostolstwa-Margaretka-do-Rokitna\" target=\"_blank\" rel=\"noreferrer noopener\">KLIKNIJ<\/a><\/strong><\/p>\n\n\n\n<div style=\"height:43px\" aria-hidden=\"true\" class=\"wp-block-spacer\"><\/div>\n","protected":false},"excerpt":{"rendered":"","protected":false},"author":3,"featured_media":6404,"comment_status":"closed","ping_status":"closed","sticky":false,"template":"","format":"standard","meta":{"_lmt_disableupdate":"","_lmt_disable":"","footnotes":""},"categories":[1],"tags":[],"class_list":["post-6403","post","type-post","status-publish","format-standard","has-post-thumbnail","hentry","category-bez-kategorii"],"_links":{"self":[{"href":"https:\/\/swiety-jozef.pl\/index.php\/wp-json\/wp\/v2\/posts\/6403","targetHints":{"allow":["GET"]}}],"collection":[{"href":"https:\/\/swiety-jozef.pl\/index.php\/wp-json\/wp\/v2\/posts"}],"about":[{"href":"https:\/\/swiety-jozef.pl\/index.php\/wp-json\/wp\/v2\/types\/post"}],"author":[{"embeddable":true,"href":"https:\/\/swiety-jozef.pl\/index.php\/wp-json\/wp\/v2\/users\/3"}],"replies":[{"embeddable":true,"href":"https:\/\/swiety-jozef.pl\/index.php\/wp-json\/wp\/v2\/comments?post=6403"}],"version-history":[{"count":7,"href":"https:\/\/swiety-jozef.pl\/index.php\/wp-json\/wp\/v2\/posts\/6403\/revisions"}],"predecessor-version":[{"id":6411,"href":"https:\/\/swiety-jozef.pl\/index.php\/wp-json\/wp\/v2\/posts\/6403\/revisions\/6411"}],"wp:featuredmedia":[{"embeddable":true,"href":"https:\/\/swiety-jozef.pl\/index.php\/wp-json\/wp\/v2\/media\/6404"}],"wp:attachment":[{"href":"https:\/\/swiety-jozef.pl\/index.php\/wp-json\/wp\/v2\/media?parent=6403"}],"wp:term":[{"taxonomy":"category","embeddable":true,"href":"https:\/\/swiety-jozef.pl\/index.php\/wp-json\/wp\/v2\/categories?post=6403"},{"taxonomy":"post_tag","embeddable":true,"href":"https:\/\/swiety-jozef.pl\/index.php\/wp-json\/wp\/v2\/tags?post=6403"}],"curies":[{"name":"wp","href":"https:\/\/api.w.org\/{rel}","templated":true}]}}