{"id":6397,"date":"2022-10-01T22:19:53","date_gmt":"2022-10-01T20:19:53","guid":{"rendered":"https:\/\/swiety-jozef.pl\/?p=6397"},"modified":"2022-10-02T10:34:07","modified_gmt":"2022-10-02T08:34:07","slug":"ogloszenia-duszpasterskie-2-10-2022-r","status":"publish","type":"post","link":"https:\/\/swiety-jozef.pl\/index.php\/2022\/10\/01\/ogloszenia-duszpasterskie-2-10-2022-r\/","title":{"rendered":"Og\u0142oszenia duszpasterskie 2.10.2022 r."},"content":{"rendered":"\n<!--more-->\n\n\n\n<p class=\"has-text-align-right\">Nowa S\u00f3l 2 X 2022<\/p>\n\n\n\n<h4 class=\"has-text-align-center wp-block-heading\">Og\u0142oszenia duszpasterskie<br>XXVII Niedziela okresu zwyk\u0142ego<\/h4>\n\n\n\n<div style=\"height:26px\" aria-hidden=\"true\" class=\"wp-block-spacer\"><\/div>\n\n\n\n<ol class=\"wp-block-list\"><li>Dzisiaj 27 niedziela okresu zwyk\u0142ego.<\/li><li><strong>Dzisiaj na Mszy \u015bw. o godz. 7<\/strong><sup><strong>30<\/strong><\/sup><strong> zmiana tajemnic \u017bywego R\u00f3\u017ca\u0144ca.<\/strong><\/li><li><strong>Dzisiaj po Mszy \u015bw. o godz. 18<\/strong><sup><strong>30<\/strong><\/sup><strong> konferencja dla rodzic\u00f3w i rodzic\u00f3w chrzestnych.<\/strong><\/li><li><strong>Dzisiaj na Mszy \u015bw. o godz. 11<\/strong><sup><strong>00<\/strong><\/sup><strong>po\u015bwi\u0119cenie r\u00f3\u017ca\u0144c\u00f3w dla dzieci klas III.<\/strong><\/li><li><strong>Rozpocz\u0105\u0142 si\u0119 miesi\u0105c pa\u017adziernik<\/strong> \u2013 miesi\u0105c oddawania czci Matce Bo\u017cej przez nabo\u017ce\u0144stwo r\u00f3\u017ca\u0144cowe.<\/li><\/ol>\n\n\n\n<div class=\"wp-block-group\"><div class=\"wp-block-group__inner-container is-layout-flow wp-block-group-is-layout-flow\">\n<ul class=\"wp-block-list\"><li><strong>Nabo\u017ce\u0144stwo r\u00f3\u017ca\u0144cowe\u00a0<\/strong>dla\u00a0<strong>dzieci w dni powszednie<\/strong>\u00a0od poniedzia\u0142ku do pi\u0105tku\u00a0<strong>o godz. 17<\/strong><sup><strong>00<\/strong><\/sup><strong>,<\/strong> dzieci po ka\u017cdym r\u00f3\u017ca\u0144cu otrzymuj\u0105 naklejki kolejnych tajemnic r\u00f3\u017ca\u0144ca.<\/li><\/ul>\n\n\n\n<ul class=\"wp-block-list\"><li>R\u00f3\u017caniec dla <strong>starszych o godz. 17<\/strong><sup><strong>30 <\/strong><\/sup>po r\u00f3\u017ca\u0144cu ok. godz. 18<sup>00<\/sup> Msza \u015aw<strong>.<\/strong><\/li><\/ul>\n\n\n\n<ul class=\"wp-block-list\"><li><strong>W niedziele r\u00f3\u017caniec o godz. 18<\/strong><sup><strong>00<\/strong><\/sup><\/li><\/ul>\n<\/div><\/div>\n\n\n\n<ol class=\"wp-block-list\" start=\"6\"><li><strong>Dzieci klas III po Mszy \u015bw. prosimy o pozostanie w ko\u015bciele po wpisy do dzienniczk\u00f3w; dzieci klas II i m\u0142odsze zapraszamy do kaplicy po naklejki z dzisiejszej ewangelii.<\/strong><\/li><li><strong>W \u015brod\u0119 o godz. 18<\/strong><sup><strong>00 <\/strong><\/sup><strong>Nowenna<\/strong> do Matki Bo\u017cej Nieustaj\u0105cej Pomocy i \u015bw. J\u00f3zefa.<\/li><li><strong>W tym tygodniu I czwartek i I pi\u0105tek miesi\u0105ca<\/strong><\/li><\/ol>\n\n\n\n<div class=\"wp-block-group\"><div class=\"wp-block-group__inner-container is-layout-flow wp-block-group-is-layout-flow\">\n<ul class=\"wp-block-list\"><li><strong>W czwartek<\/strong> o godz. 17<sup>30 <\/sup>r\u00f3\u017caniec prowadzi<sup> <\/sup>wsp\u00f3lnota Przyjaci\u00f3\u0142 Parady\u017ca<\/li><\/ul>\n\n\n\n<ul class=\"wp-block-list\"><li><strong>W pi\u0105tek<\/strong> od godz. <strong>15<\/strong><sup><strong>00 <\/strong><\/sup>\u2013 Godzina Mi\u0142osierdzia i Adoracja Naj\u015bwi\u0119tszego Sakramentu z nabo\u017ce\u0144stwem wynagradzaj\u0105cym. O godz. 18<sup><strong>00 <\/strong><\/sup>Msza \u015bw. ku czci Naj\u015bwi\u0119tszego Serca P. Jezusa.<\/li><\/ul>\n\n\n\n<ul class=\"wp-block-list\"><li><strong>Spowied\u017a \u015bw. pierwszopi\u0105tkowa w pi\u0105tek od godz. 15<\/strong><sup><strong>00 <\/strong><\/sup><strong>do 18<\/strong><sup><strong>00<\/strong><\/sup><strong>.<\/strong><\/li><\/ul>\n<\/div><\/div>\n\n\n\n<ol class=\"wp-block-list\" start=\"9\"><li><strong>Spotkanie kandydat\u00f3w do bierzmowani z kl. VIII w poniedzia\u0142ek, 10 pa\u017adziernika. Rozpocz\u0119cie spotkania Msz\u0105 \u015bw. o godz. 18<\/strong><sup><strong>00<\/strong><\/sup><strong>.<\/strong><\/li><li><strong>Dzisiaj Bracia Kapucyni zapraszaj\u0105 na PIKNIK PARAFIALNY z okazji Uroczysto\u015bci \u015bw. Franciszka i jubileuszu 75 lat pobytu w Nowej Soli.<\/strong> Piknik rozpoczyna si\u0119 o godz. 12.30, a o 16.00 odb\u0119dzie si\u0119 Koncert Antoniny Krzyszto\u0144. Wst\u0119p wolny.<\/li><li><strong>Kurs przedma\u0142\u017ce\u0144ski odb\u0119dzie si\u0119 <\/strong><strong>w parafii \u015bw. Micha\u0142a <\/strong><strong>w dniach 16-<\/strong><strong>21.10.2022.<\/strong><\/li><li><strong><em>Dzi\u0119kujemy za ofiary na tac\u0119 i za przelewy na konto parafii. B\u00f3g Zap\u0142a\u0107. Numer konta bankowego parafii: 58 9673 0007 0000 0300 4864 0001<\/em><\/strong><\/li><li><strong>Dzi\u0119kujemy 4 osobom z <\/strong><strong>o\u015b. <\/strong><strong>Konstytucji 3 Maja blok nr 15, blok nr 17 i 1 osobie ch\u0119tnej <\/strong>za sprz\u0105tanie ko\u015bcio\u0142a i ofiary na kwiaty. <strong>Msza \u015bw. za te rodziny 1.12 o godz. 6<\/strong><sup><strong>30<\/strong><\/sup> .<\/li><li><strong>W sobot\u0119 o godz. 9<\/strong><sup><strong>00<\/strong><\/sup><strong> do sprz\u0105tania ko\u015bcio\u0142a zapraszam wiernych zamieszka\u0142ych na o\u015b. <\/strong><strong>Konstytucji 3 Maja blok nr 16 i blok nr 18<\/strong><\/li><li>Zach\u0119camy do zakupu prasy katolickiej: <strong>Niedziela, Go\u015b\u0107 Niedzielny, Go\u015b\u0107 Niedzielny EXSTRA, Ma\u0142y Go\u015b\u0107, G\u0142os \u015aw. J\u00f3zefa w cenie 3,50 z\u0142<\/strong><\/li><li><strong>W minionym tygodniu z naszej parafii zmarli:<\/strong> +Irena <strong>Czech<\/strong> zam. ul. Woj. Pol.; +Marian <strong>Wieliczko<\/strong> zam. ul. Reymonta; +Ryszard <strong>Zelek<\/strong> zam. Os. Konst. 3 Maja, + Monika Naumowicz zam. Os. Konst. 3 Maja,<\/li><\/ol>\n\n\n\n<p><strong>Pami\u0119tajmy o naszych zmar\u0142ych polecaj\u0105c ich Bo\u017cemu Mi\u0142osierdziu.<\/strong><\/p>\n\n\n\n<p><strong>Pozdrawiamy wszystkich chorych, pami\u0119tamy o Was w modlitwie, \u017cycz\u0105c szybkiego powrotu do zdrowia.<\/strong><\/p>\n\n\n\n<p><strong>Wszystkim parafianom i go\u015bciom \u017cyczymy dobrej niedzieli i Bo\u017cego b\u0142ogos\u0142awie\u0144stwa.<\/strong><\/p>\n\n\n\n<p><\/p>\n\n\n\n<p class=\"has-text-align-right\">Proboszcz<br>Ks. Krzysztof Kocz<\/p>\n","protected":false},"excerpt":{"rendered":"","protected":false},"author":3,"featured_media":3316,"comment_status":"closed","ping_status":"closed","sticky":false,"template":"","format":"standard","meta":{"_lmt_disableupdate":"","_lmt_disable":"","footnotes":""},"categories":[19],"tags":[],"class_list":["post-6397","post","type-post","status-publish","format-standard","has-post-thumbnail","hentry","category-ogloszenia"],"_links":{"self":[{"href":"https:\/\/swiety-jozef.pl\/index.php\/wp-json\/wp\/v2\/posts\/6397","targetHints":{"allow":["GET"]}}],"collection":[{"href":"https:\/\/swiety-jozef.pl\/index.php\/wp-json\/wp\/v2\/posts"}],"about":[{"href":"https:\/\/swiety-jozef.pl\/index.php\/wp-json\/wp\/v2\/types\/post"}],"author":[{"embeddable":true,"href":"https:\/\/swiety-jozef.pl\/index.php\/wp-json\/wp\/v2\/users\/3"}],"replies":[{"embeddable":true,"href":"https:\/\/swiety-jozef.pl\/index.php\/wp-json\/wp\/v2\/comments?post=6397"}],"version-history":[{"count":5,"href":"https:\/\/swiety-jozef.pl\/index.php\/wp-json\/wp\/v2\/posts\/6397\/revisions"}],"predecessor-version":[{"id":6413,"href":"https:\/\/swiety-jozef.pl\/index.php\/wp-json\/wp\/v2\/posts\/6397\/revisions\/6413"}],"wp:featuredmedia":[{"embeddable":true,"href":"https:\/\/swiety-jozef.pl\/index.php\/wp-json\/wp\/v2\/media\/3316"}],"wp:attachment":[{"href":"https:\/\/swiety-jozef.pl\/index.php\/wp-json\/wp\/v2\/media?parent=6397"}],"wp:term":[{"taxonomy":"category","embeddable":true,"href":"https:\/\/swiety-jozef.pl\/index.php\/wp-json\/wp\/v2\/categories?post=6397"},{"taxonomy":"post_tag","embeddable":true,"href":"https:\/\/swiety-jozef.pl\/index.php\/wp-json\/wp\/v2\/tags?post=6397"}],"curies":[{"name":"wp","href":"https:\/\/api.w.org\/{rel}","templated":true}]}}