{"id":6373,"date":"2022-09-17T19:58:01","date_gmt":"2022-09-17T17:58:01","guid":{"rendered":"https:\/\/swiety-jozef.pl\/?p=6373"},"modified":"2022-09-17T20:05:12","modified_gmt":"2022-09-17T18:05:12","slug":"nabor-na-studia-podyplomowe-w-zielonej-gorze","status":"publish","type":"post","link":"https:\/\/swiety-jozef.pl\/index.php\/2022\/09\/17\/nabor-na-studia-podyplomowe-w-zielonej-gorze\/","title":{"rendered":"Nab\u00f3r na studia podyplomowe w Zielonej G\u00f3rze"},"content":{"rendered":"\n<!--more-->\n\n\n\n<div style=\"height:23px\" aria-hidden=\"true\" class=\"wp-block-spacer\"><\/div>\n\n\n\n<h4 class=\"wp-block-heading\">Nab\u00f3r na studia podyplomowe w Zielonej G\u00f3rze &#8211; 2022 r.<\/h4>\n\n\n\n<p>Zbli\u017ca si\u0119 termin zako\u0144czenia rekrutacji na podyplomowe studia teologiczno-katechetyczne w Instytucie Filozoficzno-Teologicznym im. Edyty Stein w Zielonej G\u00f3rze.<\/p>\n\n\n\n<p>Studia podyplomowe s\u0105 odp\u0142atne i trwaj\u0105 cztery semestry. Przeznaczone s\u0105 one wy\u0142\u0105cznie dla os\u00f3b posiadaj\u0105cych przygotowanie psychologiczno-pedagogiczne, a wi\u0119c de facto dla nauczycieli, kt\u00f3rzy chcieliby uczy\u0107 katechezy jako drugiego przedmiotu.<\/p>\n\n\n\n<p>Rekrutacja podstawowa trwa do 25 wrze\u015bnia br. W przypadku pozostania wolnych miejsc zostanie przeprowadzona rekrutacja uzupe\u0142niaj\u0105ca do dnia 31 pa\u017adziernika 2022 r. Szczeg\u00f3\u0142y na stronie <a rel=\"noreferrer noopener\" href=\"http:\/\/ift.zgora.pl\/index.php\/2016-06-07-06-51-41\/teologiczno-katechetyczne1\/rekrutacja\" target=\"_blank\"><strong>ift.zgora.pl<\/strong><\/a> oraz pod numerem telefonu 792 272 754 (Sekretariat IFT).<\/p>\n\n\n\n<div style=\"height:45px\" aria-hidden=\"true\" class=\"wp-block-spacer\"><\/div>\n","protected":false},"excerpt":{"rendered":"","protected":false},"author":3,"featured_media":6374,"comment_status":"closed","ping_status":"closed","sticky":false,"template":"","format":"standard","meta":{"_lmt_disableupdate":"","_lmt_disable":"","footnotes":""},"categories":[1],"tags":[],"class_list":["post-6373","post","type-post","status-publish","format-standard","has-post-thumbnail","hentry","category-bez-kategorii"],"_links":{"self":[{"href":"https:\/\/swiety-jozef.pl\/index.php\/wp-json\/wp\/v2\/posts\/6373","targetHints":{"allow":["GET"]}}],"collection":[{"href":"https:\/\/swiety-jozef.pl\/index.php\/wp-json\/wp\/v2\/posts"}],"about":[{"href":"https:\/\/swiety-jozef.pl\/index.php\/wp-json\/wp\/v2\/types\/post"}],"author":[{"embeddable":true,"href":"https:\/\/swiety-jozef.pl\/index.php\/wp-json\/wp\/v2\/users\/3"}],"replies":[{"embeddable":true,"href":"https:\/\/swiety-jozef.pl\/index.php\/wp-json\/wp\/v2\/comments?post=6373"}],"version-history":[{"count":9,"href":"https:\/\/swiety-jozef.pl\/index.php\/wp-json\/wp\/v2\/posts\/6373\/revisions"}],"predecessor-version":[{"id":6384,"href":"https:\/\/swiety-jozef.pl\/index.php\/wp-json\/wp\/v2\/posts\/6373\/revisions\/6384"}],"wp:featuredmedia":[{"embeddable":true,"href":"https:\/\/swiety-jozef.pl\/index.php\/wp-json\/wp\/v2\/media\/6374"}],"wp:attachment":[{"href":"https:\/\/swiety-jozef.pl\/index.php\/wp-json\/wp\/v2\/media?parent=6373"}],"wp:term":[{"taxonomy":"category","embeddable":true,"href":"https:\/\/swiety-jozef.pl\/index.php\/wp-json\/wp\/v2\/categories?post=6373"},{"taxonomy":"post_tag","embeddable":true,"href":"https:\/\/swiety-jozef.pl\/index.php\/wp-json\/wp\/v2\/tags?post=6373"}],"curies":[{"name":"wp","href":"https:\/\/api.w.org\/{rel}","templated":true}]}}