{"id":6304,"date":"2022-08-06T23:06:47","date_gmt":"2022-08-06T21:06:47","guid":{"rendered":"https:\/\/swiety-jozef.pl\/?p=6304"},"modified":"2022-08-06T23:06:50","modified_gmt":"2022-08-06T21:06:50","slug":"ogloszenia-duszpasterskie-07-08-2022-r","status":"publish","type":"post","link":"https:\/\/swiety-jozef.pl\/index.php\/2022\/08\/06\/ogloszenia-duszpasterskie-07-08-2022-r\/","title":{"rendered":"Og\u0142oszenia duszpasterskie 07.08.2022 r."},"content":{"rendered":"\n<!--more-->\n\n\n\n<p class=\"has-text-align-right\">Nowa S\u00f3l 7 VIII 2022<\/p>\n\n\n\n<h4 class=\"has-text-align-center wp-block-heading\">Og\u0142oszenia duszpasterskie<br>XIX Niedziela okresu zwyk\u0142ego<\/h4>\n\n\n\n<div style=\"height:24px\" aria-hidden=\"true\" class=\"wp-block-spacer\"><\/div>\n\n\n\n<ol class=\"wp-block-list\"><li><strong>Dzisiaj XIX niedziela okresu zwyk\u0142ego.<\/strong><\/li><li><strong>Trwa miesi\u0105c sierpie\u0144 \u2013 miesi\u0105c trze\u017awo\u015bci \u2013 modlimy si\u0119 o trze\u017awo\u015b\u0107 dla Polski<\/strong><\/li><li><strong>Dzisiaj taca przeznaczona jest na KUL i Instytut Filozoficzno \u2013 Teologiczny w Zielonej G\u00f3rze.<\/strong><\/li><li><strong>W \u015brod\u0119 o godz 18<\/strong><strong><sup>00<\/sup><\/strong><strong> Nowenna do MB Nieustaj\u0105cej Pomocy i \u015bw. J\u00f3zefa.<\/strong><\/li><li><strong>W pi\u0105tek na Jasn\u0105 G\u00f3ra wchodzi piesza Pielgrzymka naszej diecezji. Dzi\u0119kujemy Bogu za pielgrzym\u00f3w, kt\u00f3rzy pielgrzymowali, za kap\u0142an\u00f3w, za Duchowych Pielgrzym\u00f3w i tych kt\u00f3rzy ich wspierali.<\/strong><\/li><li><strong>S\u0105 jeszcze wolne miejsca pielgrzymki autobusem na Jasn\u0105 G\u00f3r\u0119. Wyjazd 11 VIII o godz 22<\/strong><sup><strong>00<\/strong><\/sup><strong> z pod plebanii, mo\u017cna do\u0142\u0105czy\u0107 do pieszych pielgrzym\u00f3w w K\u0142obucku lub jecha\u0107 dalej na Jasn\u0105 G\u00f3r\u0105- koszt 150 z\u0142<\/strong><\/li><\/ol>\n\n\n\n<ul class=\"wp-block-list\"><li><strong>wi\u0119cej informacji: w zakrystii lub na <a href=\"http:\/\/www.pielgrzymka.zgora.pl\/\" target=\"_blank\" rel=\"noreferrer noopener\">www.pielgrzymka.zgora.pl<\/a><\/strong><\/li><\/ul>\n\n\n\n<ol class=\"wp-block-list\" start=\"7\"><li><strong>Czas wakacji<\/strong> &#8211; <strong>bardzo prosz\u0119 rodzic\u00f3w<\/strong>, \u017ceby zapewnili swoim dzieciom u organizator\u00f3w oboz\u00f3w i kolonii, <strong>aby dzieci mog\u0142y uczestniczy\u0107 w niedzielnej Mszy \u015bw<\/strong>.&nbsp;<strong>&nbsp;<\/strong>Przypominam o nale\u017cytym stroju na Mszach \u015bw. i przy zwiedzaniu ko\u015bcio\u0142\u00f3w.<\/li><li><strong><em>Dzi\u0119kujemy za ofiary na tac\u0119 i za przelewy na konto parafii. B\u00f3g Zap\u0142a\u0107. Numer konta bankowego parafii:<\/em><\/strong><em> <\/em><strong><em>58 9673 0007 0000 0300 4864 0001<\/em><\/strong><\/li><li><strong>Za tydzie\u0144 trzecia niedziela miesi\u0105ca \u2013 taca przeznaczona jest na potrzeby parafii za trosk\u0119 i zrozumienie serdeczne B\u00f3g zap\u0142a\u0107<\/strong><\/li><li><strong>Sakrament pokuty w naszym ko\u015bciele, codziennie p\u00f3\u0142 godz. przed ka\u017cd\u0105 Msz\u0105 \u015bw.<\/strong><\/li><li><strong>Codziennie w kaplicy o godz. 15<\/strong><strong><sup>00 <\/sup><\/strong><strong>Koronka do Bo\u017cego Mi\u0142osierdzia.<\/strong><\/li><li><strong>Dzi\u0119kujemy osobom <\/strong>zamieszka\u0142ym na<strong> Kossaka blok 5; 7; 9 i jednej osobie ch\u0119tnej<\/strong> za sprz\u0105tanie ko\u015bcio\u0142a i ofiary na kwiaty, <strong>Msza \u015bw. za te rodziny 5 IX o godz 7<\/strong><sup><strong>00<\/strong><\/sup> .<\/li><li><strong>W sobot\u0119 o godz. 9<\/strong><sup><strong>00<\/strong><\/sup><strong> do sprz\u0105tania ko\u015bcio\u0142a zapraszam wiernych zamieszka\u0142ych na ul. Wojska Polskiego wszystkie domki.<\/strong><\/li><li>Zach\u0119camy do zakupu prasy katolickiej: <strong>Niedziela, Go\u015b\u0107 Niedzielny, Ma\u0142y Go\u015b\u0107,<\/strong><\/li><li><strong>W minionym tygodniu<\/strong> z naszej parafii zmar\u0142a<strong>: \u2026\u2026\u2026\u2026<\/strong><\/li><\/ol>\n\n\n\n<p><strong>Pami\u0119tajmy o naszych zmar\u0142ych polecaj\u0105c ich Bo\u017cemu Mi\u0142osierdziu.<\/strong><\/p>\n\n\n\n<p><strong>Pozdrawiamy wszystkich chorych, \u017cycz\u0105c szybkiego powrotu do zdrowia.<\/strong><\/p>\n\n\n\n<p><strong>Wszystkim parafianom<\/strong><strong> i go\u015bciom \u017cyczymy dobrej niedzieli i Bo\u017cego b\u0142ogos\u0142awie\u0144stwa.<\/strong><\/p>\n","protected":false},"excerpt":{"rendered":"","protected":false},"author":3,"featured_media":3316,"comment_status":"closed","ping_status":"closed","sticky":false,"template":"","format":"standard","meta":{"_lmt_disableupdate":"","_lmt_disable":"","footnotes":""},"categories":[19],"tags":[],"class_list":["post-6304","post","type-post","status-publish","format-standard","has-post-thumbnail","hentry","category-ogloszenia"],"_links":{"self":[{"href":"https:\/\/swiety-jozef.pl\/index.php\/wp-json\/wp\/v2\/posts\/6304","targetHints":{"allow":["GET"]}}],"collection":[{"href":"https:\/\/swiety-jozef.pl\/index.php\/wp-json\/wp\/v2\/posts"}],"about":[{"href":"https:\/\/swiety-jozef.pl\/index.php\/wp-json\/wp\/v2\/types\/post"}],"author":[{"embeddable":true,"href":"https:\/\/swiety-jozef.pl\/index.php\/wp-json\/wp\/v2\/users\/3"}],"replies":[{"embeddable":true,"href":"https:\/\/swiety-jozef.pl\/index.php\/wp-json\/wp\/v2\/comments?post=6304"}],"version-history":[{"count":1,"href":"https:\/\/swiety-jozef.pl\/index.php\/wp-json\/wp\/v2\/posts\/6304\/revisions"}],"predecessor-version":[{"id":6305,"href":"https:\/\/swiety-jozef.pl\/index.php\/wp-json\/wp\/v2\/posts\/6304\/revisions\/6305"}],"wp:featuredmedia":[{"embeddable":true,"href":"https:\/\/swiety-jozef.pl\/index.php\/wp-json\/wp\/v2\/media\/3316"}],"wp:attachment":[{"href":"https:\/\/swiety-jozef.pl\/index.php\/wp-json\/wp\/v2\/media?parent=6304"}],"wp:term":[{"taxonomy":"category","embeddable":true,"href":"https:\/\/swiety-jozef.pl\/index.php\/wp-json\/wp\/v2\/categories?post=6304"},{"taxonomy":"post_tag","embeddable":true,"href":"https:\/\/swiety-jozef.pl\/index.php\/wp-json\/wp\/v2\/tags?post=6304"}],"curies":[{"name":"wp","href":"https:\/\/api.w.org\/{rel}","templated":true}]}}