{"id":6156,"date":"2022-06-29T18:51:55","date_gmt":"2022-06-29T16:51:55","guid":{"rendered":"https:\/\/swiety-jozef.pl\/?p=6156"},"modified":"2022-06-29T18:52:57","modified_gmt":"2022-06-29T16:52:57","slug":"ks-adrian-put-biskupem-pomocniczym-diecezji-zielonogorsko-gorzowskiej","status":"publish","type":"post","link":"https:\/\/swiety-jozef.pl\/index.php\/2022\/06\/29\/ks-adrian-put-biskupem-pomocniczym-diecezji-zielonogorsko-gorzowskiej\/","title":{"rendered":"Ks. Adrian Put \u2013 biskupem pomocniczym diecezji zielonog\u00f3rsko-gorzowskiej"},"content":{"rendered":"\n<!--more-->\n\n\n\n<div style=\"height:24px\" aria-hidden=\"true\" class=\"wp-block-spacer\"><\/div>\n\n\n\n<p><strong>Ks. Adrian Put, proboszcz parafii pw. \u015bw. Jadwigi \u015al\u0105skiej w Zielonej G\u00f3rze zosta\u0142 mianowany biskupem pomocniczym diecezji zielonog\u00f3rsko-gorzowskiej. Decyzj\u0119 Ojca \u015awi\u0119tego Franciszka og\u0142osi\u0142a dzi\u015b (28 czerwca 2022 r.) w po\u0142udnie Nuncjatura Apostolska w Polsce.<\/strong><\/p>\n\n\n\n<p><strong>Ks. Adrian PUT<\/strong>&nbsp;urodzi\u0142 si\u0119 4 listopada 1978 roku w Szczecinie.<\/p>\n\n\n\n<p>Po uko\u0144czeniu szko\u0142y \u015bredniej, w latach 1998-2004 odby\u0142 formacj\u0119 w Wy\u017cszym Seminarium Duchownym Diecezji Zielonog\u00f3rsko-Gorzowskiej w Go\u015bcikowie-Parady\u017cu. \u015awi\u0119cenia kap\u0142a\u0144skie przyj\u0105\u0142 22 maja 2004 roku w katedrze w Gorzowie.<\/p>\n\n\n\n<p>W latach 2004-2007 by\u0142 wikariuszem w parafii pw. Nawiedzenia Naj\u015bw. Maryi Panny w Lubsku, a w latach 2009-2011 w parafii pw. Pierwszych M\u0119czennik\u00f3w Polski w Gorzowie Wielkopolskim.<\/p>\n\n\n\n<p>W roku akademickim 2007\/2008 rozpocz\u0105\u0142 studia doktoranckie na Wydziale Teologicznym Uniwersytetu Szczeci\u0144skiego, kt\u00f3re zwie\u0144czy\u0142 w 2015 roku uzyskaniem tytu\u0142u doktora nauk teologicznych w specjalno\u015bci: historia Ko\u015bcio\u0142a.<\/p>\n\n\n\n<p>1 wrze\u015bnia 2011 r. zosta\u0142 mianowany redaktorem odpowiedzialnym&nbsp;<em>Aspekt\u00f3w<\/em>&nbsp;\u2013 zielonog\u00f3rsko-gorzowskiej edycji tygodnika katolickiego&nbsp;<em>Niedziela<\/em>&nbsp;oraz pomocniczym duszpasterzem m\u0142odzie\u017cy ds. Ruchu&nbsp;<em>\u015awiat\u0142o-\u017bycie<\/em>.<\/p>\n\n\n\n<p>W latach 2015-2021 by\u0142 proboszczem parafii pw. \u015bw. Stanis\u0142awa Kostki w Zielonej G\u00f3rze. Od 2015 roku pe\u0142ni funkcj\u0119 moderatora diecezjalnego Diakonii Ruchu \u015awiat\u0142o-\u017bycie Diecezji Zielonog\u00f3rsko-Gorzowskiej, od 2017 roku nale\u017cy do Diecezjalnej Rady Duszpasterskiej, a od 2019 odpowiada za Diecezjalny O\u015brodek Katechumenalny.<\/p>\n\n\n\n<p>W 2021 roku otrzyma\u0142 tytu\u0142 honorowego kanonika zielonog\u00f3rskiej kapitu\u0142y kolegiackiej pw. \u015bw. Jadwigi.<\/p>\n\n\n\n<p>Od 2 sierpnia 2021 roku jest proboszczem parafii konkatedralnej pw. \u015bw. Jadwigi \u015al\u0105skiej w Zielonej G\u00f3rze.<\/p>\n\n\n\n<p>BP KEP<\/p>\n\n\n\n<p><a href=\"https:\/\/episkopat.pl\/komunikat-nuncjatury-ks-adrian-puta-biskupem-pomocniczym-diecezji-zielonogorsko-gorzowskiej\/\" target=\"_blank\" rel=\"noreferrer noopener\">>>KOMUNIKAT NUNCJATURY APOSTOLSKIEJ W POLSCE<\/a><\/p>\n\n\n\n<p>Zdj\u0119cie Biskupa Nominata:<\/p>\n\n\n\n<p><\/p>\n\n\n<div class=\"wp-block-image\">\n<figure class=\"aligncenter size-full\"><img fetchpriority=\"high\" decoding=\"async\" width=\"696\" height=\"464\" src=\"https:\/\/swiety-jozef.pl\/wp-content\/uploads\/2022\/06\/ks-Adrian-Put.jpg\" alt=\"\" class=\"wp-image-6157\" srcset=\"https:\/\/swiety-jozef.pl\/wp-content\/uploads\/2022\/06\/ks-Adrian-Put.jpg 696w, https:\/\/swiety-jozef.pl\/wp-content\/uploads\/2022\/06\/ks-Adrian-Put-300x200.jpg 300w, https:\/\/swiety-jozef.pl\/wp-content\/uploads\/2022\/06\/ks-Adrian-Put-585x390.jpg 585w, https:\/\/swiety-jozef.pl\/wp-content\/uploads\/2022\/06\/ks-Adrian-Put-263x175.jpg 263w\" sizes=\"(max-width: 696px) 100vw, 696px\" \/><figcaption>fot. www.konkatedrazielonagora.pl<\/figcaption><\/figure>\n<\/div>\n\n\n<div style=\"height:23px\" aria-hidden=\"true\" class=\"wp-block-spacer\"><\/div>\n\n\n\n<p><\/p>\n","protected":false},"excerpt":{"rendered":"","protected":false},"author":3,"featured_media":6158,"comment_status":"closed","ping_status":"closed","sticky":false,"template":"","format":"standard","meta":{"_lmt_disableupdate":"","_lmt_disable":"","footnotes":""},"categories":[1],"tags":[],"class_list":["post-6156","post","type-post","status-publish","format-standard","has-post-thumbnail","hentry","category-bez-kategorii"],"_links":{"self":[{"href":"https:\/\/swiety-jozef.pl\/index.php\/wp-json\/wp\/v2\/posts\/6156","targetHints":{"allow":["GET"]}}],"collection":[{"href":"https:\/\/swiety-jozef.pl\/index.php\/wp-json\/wp\/v2\/posts"}],"about":[{"href":"https:\/\/swiety-jozef.pl\/index.php\/wp-json\/wp\/v2\/types\/post"}],"author":[{"embeddable":true,"href":"https:\/\/swiety-jozef.pl\/index.php\/wp-json\/wp\/v2\/users\/3"}],"replies":[{"embeddable":true,"href":"https:\/\/swiety-jozef.pl\/index.php\/wp-json\/wp\/v2\/comments?post=6156"}],"version-history":[{"count":3,"href":"https:\/\/swiety-jozef.pl\/index.php\/wp-json\/wp\/v2\/posts\/6156\/revisions"}],"predecessor-version":[{"id":6161,"href":"https:\/\/swiety-jozef.pl\/index.php\/wp-json\/wp\/v2\/posts\/6156\/revisions\/6161"}],"wp:featuredmedia":[{"embeddable":true,"href":"https:\/\/swiety-jozef.pl\/index.php\/wp-json\/wp\/v2\/media\/6158"}],"wp:attachment":[{"href":"https:\/\/swiety-jozef.pl\/index.php\/wp-json\/wp\/v2\/media?parent=6156"}],"wp:term":[{"taxonomy":"category","embeddable":true,"href":"https:\/\/swiety-jozef.pl\/index.php\/wp-json\/wp\/v2\/categories?post=6156"},{"taxonomy":"post_tag","embeddable":true,"href":"https:\/\/swiety-jozef.pl\/index.php\/wp-json\/wp\/v2\/tags?post=6156"}],"curies":[{"name":"wp","href":"https:\/\/api.w.org\/{rel}","templated":true}]}}