{"id":5577,"date":"2022-04-17T15:59:56","date_gmt":"2022-04-17T13:59:56","guid":{"rendered":"https:\/\/swiety-jozef.pl\/?p=5577"},"modified":"2022-07-24T10:48:55","modified_gmt":"2022-07-24T08:48:55","slug":"ogloszenia-duszpasterskie-17-04-2022-r","status":"publish","type":"post","link":"https:\/\/swiety-jozef.pl\/index.php\/2022\/04\/17\/ogloszenia-duszpasterskie-17-04-2022-r\/","title":{"rendered":"Og\u0142oszenia duszpasterskie 17.04.2022 r."},"content":{"rendered":"\n<!--more-->\n\n\n\n<p class=\"has-text-align-right\">Nowa S\u00f3l 17 IV 2022<\/p>\n\n\n\n<h4 class=\"has-text-align-center wp-block-heading\">Og\u0142oszenia duszpasterskie<br>I NIEDZIELA Wielkanocna<br>ZMARTWYCHWSTANIA PA\u0143SKIEGO rok C<\/h4>\n\n\n\n<div style=\"height:35px\" aria-hidden=\"true\" class=\"wp-block-spacer\"><\/div>\n\n\n\n<ol class=\"wp-block-list\"><li><strong>Dzisiaj niedziela Zmartwychwstania Pana Jezusa. Msze \u015bw. w naszym ko\u015bciele:<\/strong> <strong>o godz. 6<\/strong><sup><strong>00<\/strong><\/sup><strong> z procesj\u0105 rezurekcyjn\u0105, o godz.: 9<\/strong><sup><strong>30<\/strong><\/sup><strong>, 11<\/strong><sup><strong>00<\/strong><\/sup><strong>,12<\/strong><sup><strong>30<\/strong><\/sup><strong>, 14<\/strong><sup><strong>00 <\/strong><\/sup><strong>i 18<\/strong><sup><strong>30<\/strong><\/sup><\/li><\/ol>\n\n\n\n<ol class=\"wp-block-list\" start=\"2\"><li><strong>Jutro drugi dzie\u0144 \u015awi\u0105t Wielkanocnych. Msze \u015bw. w dniu jutrzejszym b\u0119d\u0105 wed\u0142ug porz\u0105dku niedzielnego, czyli o godz. 7.30, 9.30, 11.00, 12.30, 14.00 i 18.30.<\/strong><\/li><li><strong>Ofiary na tac\u0119 z drugiego dnia Wielkanocy tradycyjnie przeznaczone s\u0105 na Katolicki Uniwersytet Lubelski i Instytut Filozoficzno &#8211; Teologiczny w Zielonej G\u00f3rze.<\/strong><\/li><li><strong>Trwamy w modlitwie nowenny do Mi\u0142osierdzia Bo\u017cego, zapraszamy codziennie o godz. 15<\/strong><sup><strong>00<\/strong><\/sup><strong> do naszej kaplicy ca\u0142odniowej adoracji Naj\u015bwi\u0119tszego Sakramentu.<\/strong><\/li><li><strong>Za tydzie\u0144 niedziel\u0119 24 kwietnia prze\u017cywa\u0107 b\u0119dziemy <\/strong><em><strong>\u015awi\u0119to Mi\u0142osierdzia Bo\u017cego.<\/strong><\/em><\/li><li><strong>Pragn\u0119 wyrazi\u0107 szczer\u0105 i serdeczn\u0105 wdzi\u0119czno\u015b\u0107 Ksi\u0119\u017com wsp\u00f3\u0142pracownikom za pos\u0142ug\u0119 w konfesjonale w okresie Wielkiego Postu, za przygotowanie dekoracji Ciemnicy i Grobu Pa\u0144skiego ks. Szymonowi, dzi\u0119kuje pani Magdalenie za u\u0142o\u017cenie kwiat\u00f3w \u2013 dzi\u0119kuj\u0119 i wszystkim kt\u00f3rzy z\u0142o\u017cyli ofiar\u0119 na kwiaty do Bo\u017cego Grobu &#8211; 1200 tulipan\u00f3w. Dzi\u0119kuje za opraw\u0119 liturgii: ceremoniarzom, szafarzom, panom ministrantom i ca\u0142ej S\u0142u\u017cbie Liturgicznej O\u0142tarza. Dzi\u0119kuj\u0119 za starann\u0105 pos\u0142ug\u0119 podczas Triduum Paschalnego; Ch\u00f3rowi i siostrze Natalii, panu Hubertowi i ca\u0142ej Parafialnej Orkiestrze D\u0119tej FERMATA BAND za udzia\u0142 w dzisiejszej uroczysto\u015bci rezurekcyjnej. Dzi\u0119kuj\u0119 za ciasto i specja\u0142y, kt\u00f3re otrzymali\u015bmy na plebani\u0119.<\/strong><\/li><li>Niech Dobry B\u00f3g wszystkim stokrotnie wynagrodzi za ka\u017cdy trud i ka\u017cde dobro wniesione dla wi\u0119kszej chwa\u0142y i duchowego dobra wiernych.<\/li><li><strong>W \u015brod\u0119 o godz. 18<\/strong><sup>00 <\/sup><strong>nowenna do MB Nieustaj\u0105cej Pomocy i \u015bw. J\u00f3zefa.<\/strong><\/li><li><strong>W pi\u0105tek w oktawie Wielkanocy nie obowi\u0105zuj post od pokarm\u00f3w mi\u0119snych.<\/strong><\/li><li><strong>W przysz\u0142\u0105 niedziel\u0119 zbi\u00f3rka do puszek na dzia\u0142alno\u015bci charytatywn\u0105 Caritas naszej Diecezji.<\/strong><\/li><li><strong>W sobot\u0119 na godz. 9<\/strong><sup><strong>00<\/strong><\/sup><strong> do sprz\u0105tania ko\u015bcio\u0142a prosz\u0119 wiernych zam. ul. Matejki blok nr. 20<\/strong><\/li><li><strong><em>Dzi\u0119kujemy za ofiary na tac\u0119 i za przelewy na konto parafii. B\u00f3g Zap\u0142a\u0107. Numer konta bankowego parafii: 58 9673 0007 0000 0300 4864 0001. <\/em>Dzisiaj 3 niedziela miesi\u0105ca taca przeznaczona na potrzeby parafii \u2013 B\u00f3g Zap\u0142a\u0107<\/strong><\/li><li><strong>W pomieszczeniach naszej plebanii go\u015bcimy 20 os\u00f3b, s\u0105 to mamy z dzie\u0107mi z Ukrainy. B\u00f3g zap\u0142a\u0107 za wielk\u0105 pomoc, zainteresowanie i wielk\u0105 wra\u017cliwo\u015b\u0107 serca. Je\u017celi kto\u015b chcia\u0142y pom\u00f3c to prosz\u0119 wcze\u015bniej uzgodni\u0107 z ks. proboszczem. Za tydzie\u0144 ko\u015bci\u00f3\u0142 prawos\u0142awny b\u0119dzie prze\u017cywa\u0142 swoje obchody Zmartwychwstania Pa\u0144skiego.<\/strong><\/li><li><strong>Zach\u0119camy do zakupu i lektury prasy katolickiej: Tygodnika NIEDZIELA, GO\u015a\u0106 NIEDZIELNY I G\u0142os \u015awi\u0119tego J\u00f3zefa, kupi\u0107 je mo\u017cna w zakrystii i u ministrant\u00f3w przy wyj\u015bciu z ko\u015bcio\u0142a.<\/strong><\/li><li><strong>Drodzy Siostry i Bracia! Chrystus Zmartwychwsta\u0142, prawdziwie Zmartwychwsta\u0142!!! Alleluja!!! Pragniemy \u017cyczy\u0107 Wam jako Duszpasterze, aby Chrystus obecny w EUCHARYSTII odnowi\u0142 i opromieni\u0142 Was blaskiem Swego Zmartwychwstania. Niechaj rado\u015b\u0107 i nadzieja, kt\u00f3re wyp\u0142ywaj\u0105 z Groty Zmartwychwstania pozostan\u0105 na zawsze w Waszych Sercach. \u017byczymy Wam, aby Tajemnica Paschalna nape\u0142ni\u0142a ka\u017cdego z Was wiar\u0105 i rado\u015bci\u0105! Niech wyzwala w Waszych wn\u0119trzach Moc do pomna\u017cania dobra w rodzinach, parafii i naszej Ojczy\u017anie. \u017byczenia POKOJU i wszelkiego dobra od Zmartwychwsta\u0142ego Pana sk\u0142adamy r\u00f3wnie\u017c wszystkim przyby\u0142ym Go\u015bciom! Niech B\u00f3g Wszechmog\u0105cy Wszystkim za wszelkie ofiary, dobro\u0107, modlitw\u0119 i prace stokrotnie wynagrodzi. B\u00f3g Zap\u0142a\u0107!<\/strong><\/li><\/ol>\n\n\n\n<div style=\"height:50px\" aria-hidden=\"true\" class=\"wp-block-spacer\"><\/div>\n","protected":false},"excerpt":{"rendered":"","protected":false},"author":3,"featured_media":3316,"comment_status":"closed","ping_status":"closed","sticky":false,"template":"","format":"standard","meta":{"_lmt_disableupdate":"","_lmt_disable":"","footnotes":""},"categories":[19],"tags":[],"class_list":["post-5577","post","type-post","status-publish","format-standard","has-post-thumbnail","hentry","category-ogloszenia"],"_links":{"self":[{"href":"https:\/\/swiety-jozef.pl\/index.php\/wp-json\/wp\/v2\/posts\/5577","targetHints":{"allow":["GET"]}}],"collection":[{"href":"https:\/\/swiety-jozef.pl\/index.php\/wp-json\/wp\/v2\/posts"}],"about":[{"href":"https:\/\/swiety-jozef.pl\/index.php\/wp-json\/wp\/v2\/types\/post"}],"author":[{"embeddable":true,"href":"https:\/\/swiety-jozef.pl\/index.php\/wp-json\/wp\/v2\/users\/3"}],"replies":[{"embeddable":true,"href":"https:\/\/swiety-jozef.pl\/index.php\/wp-json\/wp\/v2\/comments?post=5577"}],"version-history":[{"count":6,"href":"https:\/\/swiety-jozef.pl\/index.php\/wp-json\/wp\/v2\/posts\/5577\/revisions"}],"predecessor-version":[{"id":5591,"href":"https:\/\/swiety-jozef.pl\/index.php\/wp-json\/wp\/v2\/posts\/5577\/revisions\/5591"}],"wp:featuredmedia":[{"embeddable":true,"href":"https:\/\/swiety-jozef.pl\/index.php\/wp-json\/wp\/v2\/media\/3316"}],"wp:attachment":[{"href":"https:\/\/swiety-jozef.pl\/index.php\/wp-json\/wp\/v2\/media?parent=5577"}],"wp:term":[{"taxonomy":"category","embeddable":true,"href":"https:\/\/swiety-jozef.pl\/index.php\/wp-json\/wp\/v2\/categories?post=5577"},{"taxonomy":"post_tag","embeddable":true,"href":"https:\/\/swiety-jozef.pl\/index.php\/wp-json\/wp\/v2\/tags?post=5577"}],"curies":[{"name":"wp","href":"https:\/\/api.w.org\/{rel}","templated":true}]}}