{"id":5360,"date":"2022-07-10T12:47:48","date_gmt":"2022-07-10T10:47:48","guid":{"rendered":"https:\/\/swiety-jozef.pl\/?p=5360"},"modified":"2022-07-24T09:31:00","modified_gmt":"2022-07-24T07:31:00","slug":"intencje-mszalne-10-17-07-2022-r","status":"publish","type":"post","link":"https:\/\/swiety-jozef.pl\/index.php\/2022\/07\/10\/intencje-mszalne-10-17-07-2022-r\/","title":{"rendered":"Intencje mszalne 10 \u2013 17.07.2022 r."},"content":{"rendered":"\n<!--more-->\n\n\n\n<h4 class=\"wp-block-heading\">Intencje mszalne 10 \u2013 17.07.2022 r.<\/h4>\n\n\n\n<div style=\"height:26px\" aria-hidden=\"true\" class=\"wp-block-spacer\"><\/div>\n\n\n\n<p><strong>Niedziela 10.07.2022r.<\/strong><\/p>\n\n\n\n<p>7<sup>30 <\/sup>+Wanda Brzezicka 11r.\u015bm.<\/p>\n\n\n\n<p>9<sup>30<\/sup> +Zenon Kawa z ok. imienin<\/p>\n\n\n\n<p>11<sup>00<\/sup> 1. w int. Franciszek w 5 rocz. urodzin<\/p>\n\n\n\n<p>2. ++Aniela Bylinowicz 9r.\u015bm. rodzice i te\u015bciowie<\/p>\n\n\n\n<p>12<sup>30 <\/sup>Dz-b\u0142. w int. Amelia Kierul w 6 rocz. urodzin o Bo\u017ce b\u0142og, opiek\u0119 Matki Bo\u017cej dla niej i ca\u0142ej rodziny<\/p>\n\n\n\n<p>14<sup>00<\/sup> ++Czes\u0142awa(ona) i Boles\u0142aw Wojtu\u015bciszyn i zm. z rodz.<\/p>\n\n\n\n<p>18<sup>30 <\/sup>w int. Ignacy Pohl w 1 rocz. urodzin dzi\u0119kczynna z pro\u015bb\u0105 o Bo\u017ce b\u0142og, opiek\u0119 Matki Naj\u015bwi\u0119tszej na dalsze lata \u017cycia<\/p>\n\n\n\n<div style=\"height:25px\" aria-hidden=\"true\" class=\"wp-block-spacer\"><\/div>\n\n\n\n<p><strong>Poniedzia\u0142ek 11.07.2022r.<\/strong><\/p>\n\n\n\n<p>7<sup>00<\/sup> Dz-b\u0142. w int. Anna i Walery w 7 rocz. \u015blubu o Boze b\u0142og. dla rodziny i c\u00f3rki Wiktorii<\/p>\n\n\n\n<p>18<sup>00<\/sup> ++Marianna i W\u0142adys\u0142aw Kiwior<\/p>\n\n\n\n<div style=\"height:26px\" aria-hidden=\"true\" class=\"wp-block-spacer\"><\/div>\n\n\n\n<p><strong>Wtorek 12.07.2022r.<\/strong><\/p>\n\n\n\n<p>7<sup>00 <\/sup>+ks. Roman Jarosz 2r.\u015bm. \u2013 int. od Si\u00f3str S\u0142ug Jezusa<\/p>\n\n\n\n<p>18<sup>00<\/sup> +Paulina Pogoda 1r.\u015bm.<\/p>\n\n\n\n<div style=\"height:24px\" aria-hidden=\"true\" class=\"wp-block-spacer\"><\/div>\n\n\n\n<p><strong>\u015aroda 13.07.2022r.<\/strong><\/p>\n\n\n\n<p>7<sup>00 <\/sup>++za dusze czy\u015b\u0107cowe<\/p>\n\n\n\n<p>18<sup>00 <\/sup>w int. Czcicieli Matki Bo\u017cej Nieustaj\u0105cej Pomocy oraz Daniel w 27 rocz. urodzin<\/p>\n\n\n\n<div style=\"height:24px\" aria-hidden=\"true\" class=\"wp-block-spacer\"><\/div>\n\n\n\n<p><strong>Czwartek 14.07.2022r.<\/strong><\/p>\n\n\n\n<p>7<sup>00<\/sup> ++Bo\u017cena Augustyniak-Cichy i Alicja Pabi\u015b<\/p>\n\n\n\n<p>18<sup>00<\/sup> ++Stanis\u0142aw Ku\u015bmierek 30r.\u015bm. i Anna<\/p>\n\n\n\n<div style=\"height:26px\" aria-hidden=\"true\" class=\"wp-block-spacer\"><\/div>\n\n\n\n<p><a><\/a> <strong>Pi\u0105tek 15.07.2022r.<\/strong><\/p>\n\n\n\n<p>7<sup>00<\/sup> za sprz\u0105taj\u0105cych ko\u015bci\u00f3\u0142 dnia 11.06<\/p>\n\n\n\n<p>18<sup>00<\/sup> +El\u017cbieta Stawiarz 5r.\u015bm.<\/p>\n\n\n\n<div style=\"height:26px\" aria-hidden=\"true\" class=\"wp-block-spacer\"><\/div>\n\n\n\n<p><strong>Sobota 16.07.2022r.<\/strong><\/p>\n\n\n\n<p>7<sup>00<\/sup> ++Boles\u0142aw 17r.\u015bm., rodzice i te\u015bciowe<\/p>\n\n\n\n<p>18<sup>00<\/sup> +Zofia Matusiak 8r.\u015bm.<\/p>\n\n\n\n<div style=\"height:24px\" aria-hidden=\"true\" class=\"wp-block-spacer\"><\/div>\n\n\n\n<p><strong>Niedziela 17.07.2022r.<\/strong><\/p>\n\n\n\n<p>7<sup>30 <\/sup>w int. El\u017cbieta Adamcewicz z ok. imienin \u2013 int. od R\u00f3\u017cy Niepokalane Serce NMP<\/p>\n\n\n\n<p>9<sup>30<\/sup> ++Dariusz Heinze 15r.\u015bm. oraz Gabriel Zwolni\u0144ski<\/p>\n\n\n\n<p>11<sup>00<\/sup> ++z rodz. Nowak i Jakubowczak<\/p>\n\n\n\n<p>12<sup>30 <\/sup>+Roman Kulczycki 30 r.\u015bm.<\/p>\n\n\n\n<p>14<sup>00<\/sup> ++Aniela Chimiak i zm. z rodz.<\/p>\n\n\n\n<p>18<sup>30 <\/sup>++Krystyna Urban 3r.\u015bm., Zbigniew Urban 1r.\u015bm.<\/p>\n\n\n\n<div style=\"height:29px\" aria-hidden=\"true\" class=\"wp-block-spacer\"><\/div>\n","protected":false},"excerpt":{"rendered":"","protected":false},"author":3,"featured_media":4429,"comment_status":"closed","ping_status":"closed","sticky":false,"template":"","format":"standard","meta":{"_lmt_disableupdate":"","_lmt_disable":"","footnotes":""},"categories":[20],"tags":[],"class_list":["post-5360","post","type-post","status-publish","format-standard","has-post-thumbnail","hentry","category-intencje"],"_links":{"self":[{"href":"https:\/\/swiety-jozef.pl\/index.php\/wp-json\/wp\/v2\/posts\/5360","targetHints":{"allow":["GET"]}}],"collection":[{"href":"https:\/\/swiety-jozef.pl\/index.php\/wp-json\/wp\/v2\/posts"}],"about":[{"href":"https:\/\/swiety-jozef.pl\/index.php\/wp-json\/wp\/v2\/types\/post"}],"author":[{"embeddable":true,"href":"https:\/\/swiety-jozef.pl\/index.php\/wp-json\/wp\/v2\/users\/3"}],"replies":[{"embeddable":true,"href":"https:\/\/swiety-jozef.pl\/index.php\/wp-json\/wp\/v2\/comments?post=5360"}],"version-history":[{"count":2,"href":"https:\/\/swiety-jozef.pl\/index.php\/wp-json\/wp\/v2\/posts\/5360\/revisions"}],"predecessor-version":[{"id":6262,"href":"https:\/\/swiety-jozef.pl\/index.php\/wp-json\/wp\/v2\/posts\/5360\/revisions\/6262"}],"wp:featuredmedia":[{"embeddable":true,"href":"https:\/\/swiety-jozef.pl\/index.php\/wp-json\/wp\/v2\/media\/4429"}],"wp:attachment":[{"href":"https:\/\/swiety-jozef.pl\/index.php\/wp-json\/wp\/v2\/media?parent=5360"}],"wp:term":[{"taxonomy":"category","embeddable":true,"href":"https:\/\/swiety-jozef.pl\/index.php\/wp-json\/wp\/v2\/categories?post=5360"},{"taxonomy":"post_tag","embeddable":true,"href":"https:\/\/swiety-jozef.pl\/index.php\/wp-json\/wp\/v2\/tags?post=5360"}],"curies":[{"name":"wp","href":"https:\/\/api.w.org\/{rel}","templated":true}]}}