{"id":5350,"date":"2022-06-05T22:58:15","date_gmt":"2022-06-05T20:58:15","guid":{"rendered":"https:\/\/swiety-jozef.pl\/?p=5350"},"modified":"2022-07-24T09:37:24","modified_gmt":"2022-07-24T07:37:24","slug":"intencje-mszalne-5-12-06-2022-r","status":"publish","type":"post","link":"https:\/\/swiety-jozef.pl\/index.php\/2022\/06\/05\/intencje-mszalne-5-12-06-2022-r\/","title":{"rendered":"Intencje mszalne 5 \u2013 12.06.2022 r."},"content":{"rendered":"\n<!--more-->\n\n\n\n<h4 class=\"wp-block-heading\">Intencje mszalne 5 \u2013 12.06.2022 r.<\/h4>\n\n\n\n<div style=\"height:25px\" aria-hidden=\"true\" class=\"wp-block-spacer\"><\/div>\n\n\n\n<p><strong>Niedziela 05.06.2022r. Zes\u0142anie Ducha \u015awi\u0119tego<\/strong><\/p>\n\n\n\n<p>7<sup>30 <\/sup>1. ++Piotr Kutny 7r.\u015bm. i rodzice<\/p>\n\n\n\n<p>2. +Boles\u0142aw Kocur \u2013 greg. 21<\/p>\n\n\n\n<p>9<sup>30<\/sup> 1. +Maria Piechowiak 28r.\u015bm.<\/p>\n\n\n\n<p>2. +Iwona Sebastian 30 dzie\u0144 po \u015bm.<\/p>\n\n\n\n<p>11<sup>00<\/sup> 1. w int. Barbara w 60 rocz. urodzin<\/p>\n\n\n\n<p>2. ++Edward Wi\u015bniewski 19r.\u015bm., Julianna Wi\u015bniewska 10r.\u015bm.<\/p>\n\n\n\n<p>12<sup>30 <\/sup>1. Rocznica I Komunii \u015awi\u0119tej<\/p>\n\n\n\n<p>2. +Anna Hoffman<\/p>\n\n\n\n<p>14<sup>00<\/sup> 1. w int. Ma\u0142gorzata i Andrzej Peter 10rocz. \u015blubu (dzieci Milena, Marcel)<\/p>\n\n\n\n<p>2. Dz-b\u0142. w int. Jakub w 18 rocz. urodzin<\/p>\n\n\n\n<p>18<sup>30 <\/sup>1. ++Marta Rzewuska 4r.\u015bm., Helena Grabowska 5r.\u015bm.<\/p>\n\n\n\n<p>2. +Zbigniew D\u0119bicki 4r.\u015bm.<\/p>\n\n\n\n<div style=\"height:25px\" aria-hidden=\"true\" class=\"wp-block-spacer\"><\/div>\n\n\n\n<p><strong>Poniedzia\u0142ek 06.06.2022r. NMP Matki Ko\u015bcio\u0142a<\/strong><\/p>\n\n\n\n<p>7<sup>00<\/sup> +Boles\u0142aw Kocur \u2013 greg. 22<\/p>\n\n\n\n<p>9<sup>00 <\/sup>++Antoni, Maria Stoncel<\/p>\n\n\n\n<p>18<sup>00<\/sup> 1. ++Kazimierz, Krzysztof, Piotr Przybylscy \u2013 int. od rodz.<\/p>\n\n\n\n<p>2. +Jan Noweta 11r.\u015bm.<\/p>\n\n\n\n<div style=\"height:27px\" aria-hidden=\"true\" class=\"wp-block-spacer\"><\/div>\n\n\n\n<p><strong>Wtorek 07.06.2022r.<\/strong><\/p>\n\n\n\n<p>7<sup>00 <\/sup>1. +Boles\u0142aw Kocur \u2013 greg. 23<\/p>\n\n\n\n<p>2. +Iwona Sebastian \u2013 int. od Danusi z rodzin\u0105<\/p>\n\n\n\n<p>18<sup>00<\/sup> 1. ++Ma\u0142gorzata K\u0142usewicz 1r.\u015bm, Miko\u0142aj Kasperek 13r.\u015bm.<\/p>\n\n\n\n<p>2. ++Jadwiga Szaci\u0142\u0142o 8r.\u015bm, Marian, Franciszka Szaci\u0142\u0142o<\/p>\n\n\n\n<div style=\"height:24px\" aria-hidden=\"true\" class=\"wp-block-spacer\"><\/div>\n\n\n\n<p><strong>\u015aroda 08.06.2022r.<\/strong><\/p>\n\n\n\n<p>7<sup>00 <\/sup>1. +Boles\u0142aw Kocur &#8211; greg. 24<\/p>\n\n\n\n<p>2. +Marianna Gerlach<\/p>\n\n\n\n<p>9<sup>50 <\/sup>SP Katolik:<\/p>\n\n\n\n<p>18<sup>00 <\/sup>1. w int. Czcicieli Matki Bo\u017cej Nieustaj\u0105cej Pomocy<\/p>\n\n\n\n<p>2. Dz-b\u0142. w int. Antoni<\/p>\n\n\n\n<div style=\"height:25px\" aria-hidden=\"true\" class=\"wp-block-spacer\"><\/div>\n\n\n\n<p><strong>Czwartek 09.06.2022r.<\/strong><\/p>\n\n\n\n<p>7<sup>00 <\/sup>1. +Boles\u0142aw Kocur \u2013 greg. 25<\/p>\n\n\n\n<p>2. +Iwona Sebastian \u2013 int. od rodz. Wiatowicz<\/p>\n\n\n\n<p>18<sup>00<\/sup> 1. ++Jan Hulewicz 21r.\u015bm., rodzice i te\u015bciowie<\/p>\n\n\n\n<p>2. ++rodzice, rodze\u0144stwo, dziadkowie, krewni z rodziny<\/p>\n\n\n\n<div style=\"height:27px\" aria-hidden=\"true\" class=\"wp-block-spacer\"><\/div>\n\n\n\n<p><strong>Pi\u0105tek 10.06.2022r.<\/strong><\/p>\n\n\n\n<p>7<sup>00<\/sup> 1. +Tadeusz Jo\u0144ski m-c po \u015bm.<\/p>\n\n\n\n<p>2. +Boles\u0142aw Kocur \u2013 greg. 26<\/p>\n\n\n\n<p>18<sup>00<\/sup> 1. +Maria Wro\u0144ska 3 m-c po \u015bm.<\/p>\n\n\n\n<p>2. ++W\u0142adys\u0142aw W\u00f3jcik 16r.\u015bm., rodzice z obu stron<\/p>\n\n\n\n<div style=\"height:23px\" aria-hidden=\"true\" class=\"wp-block-spacer\"><\/div>\n\n\n\n<p><strong>Sobota 11.06.2022r.<\/strong><\/p>\n\n\n\n<p>7<sup>00<\/sup> +Boles\u0142aw Kocur \u2013 greg. 27<\/p>\n\n\n\n<p>16<sup>00 <\/sup>\u015alub: Ma\u0142gorzata Dmytrak \u2013 Piotr Wojna<\/p>\n\n\n\n<p>18<sup>00<\/sup> 1. ++z rodz. Lisowskich i Za\u0142\u0119skich<\/p>\n\n\n\n<p>2. ++Emilia i Wit Szyma\u0144scy<\/p>\n\n\n\n<div style=\"height:24px\" aria-hidden=\"true\" class=\"wp-block-spacer\"><\/div>\n\n\n\n<p><strong>Niedziela 12.06.2022r. Naj\u015bwi\u0119tszej Tr\u00f3jcy<\/strong><\/p>\n\n\n\n<p>7<sup>30 <\/sup>1. +Danuta Szymczyk 3r.\u015bm.<\/p>\n\n\n\n<p>2. ++Piotr Grzebieniowskich 32r.\u015bm., Bronis\u0142awa<\/p>\n\n\n\n<p>9<sup>30<\/sup> 1. ++z rodz. Sowula, Krawczyk, G\u0119gotek<\/p>\n\n\n\n<p>2. w int. cz\u0142onki\u0144 z R\u00f3\u017cy MB Klenickiej Janina Rochowiak, Emilia Maca\u0142a, Halina W\u0142odarek i ich rodzin o Bo\u017ce b\u0142og. i potrzebne \u0142aski<\/p>\n\n\n\n<p>11<sup>00<\/sup> 1. Dz-b\u0142. w int. Daria w 6 rocz. urodzin<\/p>\n\n\n\n<p>2. +Boles\u0142aw Kocur \u2013 greg. 28<\/p>\n\n\n\n<p>12<sup>30 <\/sup>1. +Maria Po\u0142omka \u2013 int. od R\u00f3\u017cy MB Cz\u0119stochowskiej<\/p>\n\n\n\n<p>2. Dz-b\u0142. w int. Stanis\u0142awy w 80 rocz. urodzin (3 dzieci, 6 wnuk\u00f3w, 8 prawnuk\u00f3w)<\/p>\n\n\n\n<p><em>Chrzty: Zuzanna Stec, Kacper Juszczak<\/em><\/p>\n\n\n\n<p>14<sup>00<\/sup> ++Karolina, Kazimierz Kluz i zm. z rodz.<\/p>\n\n\n\n<p>18<sup>30 <\/sup>1. ++Jan, Janina Stolarek, Jadwiga Zdunek<\/p>\n\n\n\n<p>2. za dusze w czy\u015b\u0107cu cierpi\u0105ce<\/p>\n\n\n\n<div style=\"height:30px\" aria-hidden=\"true\" class=\"wp-block-spacer\"><\/div>\n","protected":false},"excerpt":{"rendered":"","protected":false},"author":3,"featured_media":4429,"comment_status":"closed","ping_status":"closed","sticky":false,"template":"","format":"standard","meta":{"_lmt_disableupdate":"","_lmt_disable":"","footnotes":""},"categories":[20],"tags":[],"class_list":["post-5350","post","type-post","status-publish","format-standard","has-post-thumbnail","hentry","category-intencje"],"_links":{"self":[{"href":"https:\/\/swiety-jozef.pl\/index.php\/wp-json\/wp\/v2\/posts\/5350","targetHints":{"allow":["GET"]}}],"collection":[{"href":"https:\/\/swiety-jozef.pl\/index.php\/wp-json\/wp\/v2\/posts"}],"about":[{"href":"https:\/\/swiety-jozef.pl\/index.php\/wp-json\/wp\/v2\/types\/post"}],"author":[{"embeddable":true,"href":"https:\/\/swiety-jozef.pl\/index.php\/wp-json\/wp\/v2\/users\/3"}],"replies":[{"embeddable":true,"href":"https:\/\/swiety-jozef.pl\/index.php\/wp-json\/wp\/v2\/comments?post=5350"}],"version-history":[{"count":2,"href":"https:\/\/swiety-jozef.pl\/index.php\/wp-json\/wp\/v2\/posts\/5350\/revisions"}],"predecessor-version":[{"id":6000,"href":"https:\/\/swiety-jozef.pl\/index.php\/wp-json\/wp\/v2\/posts\/5350\/revisions\/6000"}],"wp:featuredmedia":[{"embeddable":true,"href":"https:\/\/swiety-jozef.pl\/index.php\/wp-json\/wp\/v2\/media\/4429"}],"wp:attachment":[{"href":"https:\/\/swiety-jozef.pl\/index.php\/wp-json\/wp\/v2\/media?parent=5350"}],"wp:term":[{"taxonomy":"category","embeddable":true,"href":"https:\/\/swiety-jozef.pl\/index.php\/wp-json\/wp\/v2\/categories?post=5350"},{"taxonomy":"post_tag","embeddable":true,"href":"https:\/\/swiety-jozef.pl\/index.php\/wp-json\/wp\/v2\/tags?post=5350"}],"curies":[{"name":"wp","href":"https:\/\/api.w.org\/{rel}","templated":true}]}}