{"id":5268,"date":"2022-04-09T15:00:28","date_gmt":"2022-04-09T13:00:28","guid":{"rendered":"https:\/\/swiety-jozef.pl\/?p=5268"},"modified":"2022-07-24T10:49:37","modified_gmt":"2022-07-24T08:49:37","slug":"ogloszenia-duszpasterskie-10-04-2022-r-2","status":"publish","type":"post","link":"https:\/\/swiety-jozef.pl\/index.php\/2022\/04\/09\/ogloszenia-duszpasterskie-10-04-2022-r-2\/","title":{"rendered":"Og\u0142oszenia duszpasterskie 10.04.2022 r."},"content":{"rendered":"\n<!--more-->\n\n\n\n<p class=\"has-text-align-right\">Nowa S\u00f3l 3 IV 2022 <\/p>\n\n\n\n<p><\/p>\n\n\n\n<h4 class=\"has-text-align-center wp-block-heading\">Og\u0142oszenia duszpasterskie<br>VI Niedziela Wielkiego Postu Rok C<br>Niedziela Palmowa <\/h4>\n\n\n\n<div style=\"height:25px\" aria-hidden=\"true\" class=\"wp-block-spacer\"><\/div>\n\n\n\n<ol class=\"wp-block-list\" type=\"1\"><li>Dzisiaj Niedziela Palmowa czyli M\u0119ki Pa\u0144skiej, rozpoczynamy Wielki Tydzie\u0144 &#8211; po\u015bwi\u0119cenie palm na ka\u017cdej Mszy \u015bw. Przed ka\u017cd\u0105 Msz\u0105 \u015awi\u0119t\u0105 s\u0105 <strong>sprzedawane palmy. Doch\u00f3d przeznaczony na rekolekcje wakacyjne dla naszych dzieci i m\u0142odzie\u017cy z oazy i scholii.<\/strong><\/li><li><strong>Kleryk Damian Swiniarek syn Mariusza i Agnieszki zd. Przybylska, urodzony dnia 23.05.1997r. w Nowej Soli pragnie przyj\u0105\u0107 od Ko\u015bcio\u0142a&nbsp; \u015bwi\u0119cenia diakonatu. Kandydata poleca si\u0119 modlitwie wiernych. Kto by za\u015b o nim co\u015b wiedzia\u0142, co by go czyni\u0142o niegodnym \u015bwi\u0119ce\u0144 diakonatu, by\u0142by w sumieniu obowi\u0105zany zawiadomi\u0107 tutejszy urz\u0105d parafialny, przy czym nale\u017cy pami\u0119ta\u0107, \u017ce by\u0142oby grzechem rzuca\u0107 na niewinnego nies\u0142uszne pos\u0105dzenia.<\/strong><\/li><li><strong>Poniedzia\u0142ek po mszy \u015bw. wieczornej spotkanie dla kandydat\u00f3w do bierzmowania z klas VIII, przed wr\u0119czeniem krzy\u017cy w Wielki Pi\u0105tek. \u00d3smoklasi\u015bci przynosz\u0105 podania do biskupa oraz uzasadnienie wyboru imienia \u015bw. patrona do bierzmowania. Na spotkanie ks. Artur zaprasza &nbsp;r\u00f3wnie\u017c rodzic\u00f3w, kt\u00f3rym zosta\u0142y przydzielone funkcje podczas bierzmowania.<\/strong><\/li><li><em>Pr\u00f3ba sypania kwiat\u00f3w i niesienia poduszek na procesji rezurekcyjnej b\u0119dzie<\/em> w \u015brod\u0119 o godz. 17-tej. Serdecznie zapraszamy do sypania kwiat\u00f3w i niesienia poduszek dziewczynki i ch\u0142opc\u00f3w.<\/li><li>W \u015brod\u0119 o godz. 18:00 <strong>nowenna do MB Nieustaj\u0105cej Pomocy.<\/strong><\/li><li>&nbsp;&nbsp;W Wielki Pi\u0105tek&nbsp;<strong>obowi\u0105zuje \u015bcis\u0142y post (jako\u015bciowy nie spo\u017cywamy pokarm\u00f3w mi\u0119snych i li\u015bciowy tylko 3 posi\u0142ki) i abstynencja od napoj\u00f3w alkoholowych&nbsp;<\/strong><\/li><li><strong>Mo\u017cliwo\u015b\u0107 spowiedzi codziennie p\u00f3\u0142 godziny przed Msz\u0105 \u015bwi\u0119t\u0105.<\/strong><\/li><li><strong>W t\u0105 sobot\u0119 kancelaria nieczynna.<\/strong><\/li><li><strong>Parafialny Zesp\u00f3\u0142 Caritas<\/strong> dzi\u0119kuje za przyniesion\u0105<strong> \u017cywno\u015b\u0107<\/strong>, przekazali\u015bmy j\u0105 potrzebuj\u0105cym. <strong>B\u00f3g zap\u0142a\u0107<\/strong> <\/li><li><strong>W pomieszczeniach naszej plebanii go\u015bcimy 20 os\u00f3b, s\u0105 to mamy z dzie\u0107mi z Ukrainy. B\u00f3g zap\u0142a\u0107 za wielk\u0105 pomoc, zainteresowanie i wielk\u0105 wra\u017cliwo\u015b\u0107 serca. Je\u017celi kto\u015b chcia\u0142y pom\u00f3c to prosz\u0119 wcze\u015bniej uzgodni\u0107 z ks. proboszczem.<\/strong><\/li><li><strong>Dzieci klas II po Mszy \u015bw. zapraszamy do kaplicy, dzieci klas III prosimy o pozostanie w ko\u015bciele. <\/strong><\/li><li><strong>Dzi\u0119kujemy 7 osobom z ul. Matejki blok nr 18 i 1 osobie ch\u0119tnej za sprz\u0105tanie ko\u015bcio\u0142a i ofiary na kwiaty, Msza \u015bw. za te rodziny odb\u0119dzie si\u0119 2.05 o godz. 7<sup>00<\/sup>.<\/strong><\/li><li>Zach\u0119camy do zakupu i lektury prasy katolickiej: Tygodnika <strong>NIEDZIELA, GO\u015a\u0106 NIEDZIELNY I G\u0142os \u015awi\u0119tego J\u00f3zefa, Mi\u0142ujcie si\u0119,&nbsp; <\/strong>kupi\u0107 je mo\u017cna w zakrystii i przy wyj\u015bciu z&nbsp; ko\u015bcio\u0142a.<strong>&nbsp;<\/strong><\/li><li>Dzi\u0119kujemy za ofiary tac\u0119 i za przelew na konto parafii. B\u00f3g Zap\u0142a\u0107. Numer konta bankowego parafii: 58 9673 0007 0000 0300 4864 0001<\/li><li>W minionym tygodniu z naszej parafii zmarli: +Tadeusz Melski zam. ul. Fredry; +Edward Szynczewski zam. o\u015b. Konst. 3 Maja; +Bo\u017cena Bawiec zam. ul. Mickiewicza; +Tadeusz Jo\u0144ski zam. o\u015b. Konst. 3 Maja<\/li><li>Pami\u0119tajmy o zmar\u0142ych polecaj\u0105c ich Bo\u017cemu Mi\u0142osierdziu.<\/li><li><strong>Pozdrawiamy wszystkich chorych, pami\u0119tamy o Was w modlitwie, \u017cycz\u0105c szybkiego powrotu do zdrowia.<\/strong><\/li><li><em>Zapraszamy codziennie na modlitw\u0119 Koronki do Bo\u017cego Mi\u0142osierdzia o godz. 15<sup>00<\/sup> w kaplicy a o godz. 17<sup>30<\/sup>&nbsp;do wsp\u00f3lnej modlitwy r\u00f3\u017ca\u0144cowej.<\/em><\/li><li><em>W kaplicy naszego ko\u015bcio\u0142a trwa ca\u0142odniowa Adoracja Naj\u015bwi\u0119tszego Sakramentu w niedziel\u0119 od godz. 15<sup>00<\/sup> a w dni powszednie po Mszy \u015bw. porannej do Mszy \u015bw. wieczornej.<\/em><\/li><li>Kancelaria czynna: w poniedzia\u0142ek i w sobot\u0119 od godz. 17<sup>00<\/sup> od godz. 18<sup>00<\/sup>.<\/li><\/ol>\n\n\n\n<p><strong><u>Wszystkim parafianom i go\u015bciom \u017cyczymy dobrej niedzieli i Bo\u017cego&nbsp; b\u0142ogos\u0142awie\u0144stwa.<\/u><\/strong><\/p>\n","protected":false},"excerpt":{"rendered":"","protected":false},"author":1,"featured_media":3316,"comment_status":"closed","ping_status":"closed","sticky":false,"template":"","format":"standard","meta":{"_lmt_disableupdate":"","_lmt_disable":"","footnotes":""},"categories":[19],"tags":[],"class_list":["post-5268","post","type-post","status-publish","format-standard","has-post-thumbnail","hentry","category-ogloszenia"],"_links":{"self":[{"href":"https:\/\/swiety-jozef.pl\/index.php\/wp-json\/wp\/v2\/posts\/5268","targetHints":{"allow":["GET"]}}],"collection":[{"href":"https:\/\/swiety-jozef.pl\/index.php\/wp-json\/wp\/v2\/posts"}],"about":[{"href":"https:\/\/swiety-jozef.pl\/index.php\/wp-json\/wp\/v2\/types\/post"}],"author":[{"embeddable":true,"href":"https:\/\/swiety-jozef.pl\/index.php\/wp-json\/wp\/v2\/users\/1"}],"replies":[{"embeddable":true,"href":"https:\/\/swiety-jozef.pl\/index.php\/wp-json\/wp\/v2\/comments?post=5268"}],"version-history":[{"count":5,"href":"https:\/\/swiety-jozef.pl\/index.php\/wp-json\/wp\/v2\/posts\/5268\/revisions"}],"predecessor-version":[{"id":6293,"href":"https:\/\/swiety-jozef.pl\/index.php\/wp-json\/wp\/v2\/posts\/5268\/revisions\/6293"}],"wp:featuredmedia":[{"embeddable":true,"href":"https:\/\/swiety-jozef.pl\/index.php\/wp-json\/wp\/v2\/media\/3316"}],"wp:attachment":[{"href":"https:\/\/swiety-jozef.pl\/index.php\/wp-json\/wp\/v2\/media?parent=5268"}],"wp:term":[{"taxonomy":"category","embeddable":true,"href":"https:\/\/swiety-jozef.pl\/index.php\/wp-json\/wp\/v2\/categories?post=5268"},{"taxonomy":"post_tag","embeddable":true,"href":"https:\/\/swiety-jozef.pl\/index.php\/wp-json\/wp\/v2\/tags?post=5268"}],"curies":[{"name":"wp","href":"https:\/\/api.w.org\/{rel}","templated":true}]}}