{"id":5207,"date":"2022-04-07T11:27:33","date_gmt":"2022-04-07T09:27:33","guid":{"rendered":"https:\/\/swiety-jozef.pl\/?p=5207"},"modified":"2022-04-10T13:34:20","modified_gmt":"2022-04-10T11:34:20","slug":"niedziela-palmowa","status":"publish","type":"post","link":"https:\/\/swiety-jozef.pl\/index.php\/2022\/04\/07\/niedziela-palmowa\/","title":{"rendered":"Niedziela Palmowa"},"content":{"rendered":"\n<!--more-->\n\n\n\n<div style=\"height:24px\" aria-hidden=\"true\" class=\"wp-block-spacer\"><\/div>\n\n\n\n<h4 class=\"wp-block-heading\">Niedziela Palmowa<\/h4>\n\n\n\n<div style=\"height:25px\" aria-hidden=\"true\" class=\"wp-block-spacer\"><\/div>\n\n\n\n<p>W Niedziel\u0119 Palmow\u0105 (w tym roku przypadaj\u0105c\u0105 10 kwietnia), zwan\u0105 r\u00f3wnie\u017c Niedziel\u0105 M\u0119ki Pa\u0144skiej, rozpoczyna si\u0119 Wielki Tydzie\u0144, w kt\u00f3rym Ko\u015bci\u00f3\u0142 obchodzi pami\u0105tk\u0119 M\u0119ki Chrystusa od chwili jego uroczystego wjazdu do Jerozolimy. Liturgia tego dnia ukazuje zwi\u0105zek pomi\u0119dzy uni\u017ceniem m\u0119ki i \u015bmierci Jezusa oraz chwa\u0142\u0105 jego zmartwychwstania.<\/p>\n\n\n\n<p>Charakterystycznym obrz\u0119dem Niedzieli Palmowej jest uroczysta procesja, w kt\u00f3rej wierni uczestnicz\u0105 nios\u0105c ga\u0142\u0105zki palm na znak kr\u00f3lewskiego tryumfu Chrystusa, jaki sta\u0142 si\u0119 jego udzia\u0142em przez krzy\u017c. Procesja rozpoczyna si\u0119 poza ko\u015bcio\u0142em od obrz\u0119du b\u0142ogos\u0142awie\u0144stwa palm i odczytania fragmentu Ewangelii o wje\u017adzie Jezusa do Jerozolimy. Nast\u0119pnie wierni ze \u015bpiewem udaj\u0105 si\u0119 do \u015bwi\u0105tyni, gdzie rozpoczyna si\u0119 msza \u015bw. W jej trakcie odczytuje si\u0119 Ewangeli\u0119 o M\u0119ce Pa\u0144skiej. Mo\u017cna to uczyni\u0107 z podzia\u0142em na role. W tym roku w Niedziel\u0119 Palmow\u0105 czyta si\u0119 opis M\u0119ki wed\u0142ug \u015bw. \u0141ukasza.<\/p>\n\n\n\n<p>Procesj\u0119 mo\u017cna odprawi\u0107 w danym ko\u015bciele tylko jeden raz. Przed pozosta\u0142ymi mszami oraz tam, gdzie nie ma w og\u00f3le procesji, mo\u017cna urz\u0105dzi\u0107 tzw. uroczyste wej\u015bcie z b\u0142ogos\u0142awie\u0144stwem palm.<\/p>\n\n\n\n<div style=\"height:25px\" aria-hidden=\"true\" class=\"wp-block-spacer\"><\/div>\n\n\n\n<h4 class=\"wp-block-heading\">Kazanie dla dzieci na Niedziel\u0119 Palmow\u0105<\/h4>\n\n\n\n<div style=\"height:25px\" aria-hidden=\"true\" class=\"wp-block-spacer\"><\/div>\n\n\n\n<figure class=\"wp-block-embed is-type-video is-provider-youtube wp-block-embed-youtube wp-embed-aspect-16-9 wp-has-aspect-ratio\"><div class=\"wp-block-embed__wrapper\">\n<iframe title=\"Niedziela Palmowa dla dzieci - kazanie: Niedziela M\u0119ki Pa\u0144skiej rok C\" width=\"1170\" height=\"658\" src=\"https:\/\/www.youtube.com\/embed\/SuSIcjZQO7U?feature=oembed\" frameborder=\"0\" allow=\"accelerometer; autoplay; clipboard-write; encrypted-media; gyroscope; picture-in-picture\" allowfullscreen><\/iframe>\n<\/div><\/figure>\n\n\n\n<div style=\"height:50px\" aria-hidden=\"true\" class=\"wp-block-spacer\"><\/div>\n","protected":false},"excerpt":{"rendered":"","protected":false},"author":3,"featured_media":5208,"comment_status":"closed","ping_status":"closed","sticky":false,"template":"","format":"standard","meta":{"_lmt_disableupdate":"","_lmt_disable":"","footnotes":""},"categories":[1],"tags":[],"class_list":["post-5207","post","type-post","status-publish","format-standard","has-post-thumbnail","hentry","category-bez-kategorii"],"_links":{"self":[{"href":"https:\/\/swiety-jozef.pl\/index.php\/wp-json\/wp\/v2\/posts\/5207","targetHints":{"allow":["GET"]}}],"collection":[{"href":"https:\/\/swiety-jozef.pl\/index.php\/wp-json\/wp\/v2\/posts"}],"about":[{"href":"https:\/\/swiety-jozef.pl\/index.php\/wp-json\/wp\/v2\/types\/post"}],"author":[{"embeddable":true,"href":"https:\/\/swiety-jozef.pl\/index.php\/wp-json\/wp\/v2\/users\/3"}],"replies":[{"embeddable":true,"href":"https:\/\/swiety-jozef.pl\/index.php\/wp-json\/wp\/v2\/comments?post=5207"}],"version-history":[{"count":4,"href":"https:\/\/swiety-jozef.pl\/index.php\/wp-json\/wp\/v2\/posts\/5207\/revisions"}],"predecessor-version":[{"id":5297,"href":"https:\/\/swiety-jozef.pl\/index.php\/wp-json\/wp\/v2\/posts\/5207\/revisions\/5297"}],"wp:featuredmedia":[{"embeddable":true,"href":"https:\/\/swiety-jozef.pl\/index.php\/wp-json\/wp\/v2\/media\/5208"}],"wp:attachment":[{"href":"https:\/\/swiety-jozef.pl\/index.php\/wp-json\/wp\/v2\/media?parent=5207"}],"wp:term":[{"taxonomy":"category","embeddable":true,"href":"https:\/\/swiety-jozef.pl\/index.php\/wp-json\/wp\/v2\/categories?post=5207"},{"taxonomy":"post_tag","embeddable":true,"href":"https:\/\/swiety-jozef.pl\/index.php\/wp-json\/wp\/v2\/tags?post=5207"}],"curies":[{"name":"wp","href":"https:\/\/api.w.org\/{rel}","templated":true}]}}