{"id":4699,"date":"2022-03-31T01:14:30","date_gmt":"2022-03-30T23:14:30","guid":{"rendered":"https:\/\/swiety-jozef.pl\/?p=4699"},"modified":"2022-03-31T01:14:33","modified_gmt":"2022-03-30T23:14:33","slug":"akt-poswiecenia-niepokalanemu-sercu-najswietszej-maryi-panny-ukrainy-i-rosji-w-naszej-parafii","status":"publish","type":"post","link":"https:\/\/swiety-jozef.pl\/index.php\/2022\/03\/31\/akt-poswiecenia-niepokalanemu-sercu-najswietszej-maryi-panny-ukrainy-i-rosji-w-naszej-parafii\/","title":{"rendered":"Akt Po\u015bwi\u0119cenia Niepokalanemu Sercu Naj\u015bwi\u0119tszej Maryi Panny Ukrainy i Rosji w naszej parafii"},"content":{"rendered":"\n<!--more-->\n\n\n\n<h4 class=\"wp-block-heading\">Akt zawierzenia Rosji i Ukrainy<\/h4>\n\n\n\n<div style=\"height:26px\" aria-hidden=\"true\" class=\"wp-block-spacer\"><\/div>\n\n\n\n<p>Przypominamy, \u017ce w pi\u0105tek 25 marca br. o godz. 17:00 w gorzowskiej katedrze w \u0142\u0105czno\u015bci Ojcem \u015awi\u0119tym Franciszkiem, bp Tadeusz Lity\u0144ski odm\u00f3wi Akt po\u015bwi\u0119cenia Rosji i Ukrainy Niepokalanemu Sercu NMP.<\/p>\n\n\n\n<p>Jak napisa\u0142 papie\u017c Franciszek w li\u015bcie do biskup\u00f3w z 21 marca br., ma to by\u0107 gest Ko\u015bcio\u0142a powszechnego, kt\u00f3ry w tej dramatycznej chwili zanosi do Boga, za po\u015brednictwem Jego i naszej Matki, krzyk b\u00f3lu tych, kt\u00f3rzy cierpi\u0105 i b\u0142agaj\u0105 o po\u0142o\u017cenie kresu przemocy, oraz powierza przysz\u0142o\u015b\u0107 ludzko\u015bci Kr\u00f3lowej Pokoju.<\/p>\n\n\n\n<p>Biskup diecezjalny poleca r\u00f3wnie\u017c, aby tego samego dnia i o tej samej godzinie odm\u00f3wi\u0107 ten Akt w ko\u015bcio\u0142ach ca\u0142ej diecezji.<\/p>\n\n\n\n<p>W naszym ko\u015bciele akt zostanie odm\u00f3wiony o godz. 17:00 przed wystawionym Naj\u015bwi\u0119tszym Sakramentem.<\/p>\n\n\n\n<p>Zgodnie z przepisami liturgicznymi (Dyrektorium o pobo\u017cno\u015bci ludowej i liturgii, 204) akt tego rodzaju powinien by\u0107 sprawowany poza celebracj\u0105 Ofiary eucharystycznej. Mo\u017ce on zatem na przyk\u0142ad poprzedza\u0107 Msz\u0119 \u015bw. lub nabo\u017ce\u0144stwo Drogi Krzy\u017cowej.<\/p>\n\n\n\n<p>Tego samego dnia o dogodnej porze nale\u017cy r\u00f3wnie\u017c odprawi\u0107 w parafiach Msz\u0119 \u015bw. o pok\u00f3j w Ukrainie i o nawr\u00f3cenie Rosji.<\/p>\n\n\n\n<p>W naszej parafii Msza \u015bw. b\u0119dzie odprawiona o godz. 18:00.<\/p>\n","protected":false},"excerpt":{"rendered":"","protected":false},"author":1,"featured_media":4700,"comment_status":"closed","ping_status":"closed","sticky":false,"template":"","format":"standard","meta":{"_lmt_disableupdate":"","_lmt_disable":"","footnotes":""},"categories":[1],"tags":[],"class_list":["post-4699","post","type-post","status-publish","format-standard","has-post-thumbnail","hentry","category-bez-kategorii"],"_links":{"self":[{"href":"https:\/\/swiety-jozef.pl\/index.php\/wp-json\/wp\/v2\/posts\/4699","targetHints":{"allow":["GET"]}}],"collection":[{"href":"https:\/\/swiety-jozef.pl\/index.php\/wp-json\/wp\/v2\/posts"}],"about":[{"href":"https:\/\/swiety-jozef.pl\/index.php\/wp-json\/wp\/v2\/types\/post"}],"author":[{"embeddable":true,"href":"https:\/\/swiety-jozef.pl\/index.php\/wp-json\/wp\/v2\/users\/1"}],"replies":[{"embeddable":true,"href":"https:\/\/swiety-jozef.pl\/index.php\/wp-json\/wp\/v2\/comments?post=4699"}],"version-history":[{"count":1,"href":"https:\/\/swiety-jozef.pl\/index.php\/wp-json\/wp\/v2\/posts\/4699\/revisions"}],"predecessor-version":[{"id":4701,"href":"https:\/\/swiety-jozef.pl\/index.php\/wp-json\/wp\/v2\/posts\/4699\/revisions\/4701"}],"wp:featuredmedia":[{"embeddable":true,"href":"https:\/\/swiety-jozef.pl\/index.php\/wp-json\/wp\/v2\/media\/4700"}],"wp:attachment":[{"href":"https:\/\/swiety-jozef.pl\/index.php\/wp-json\/wp\/v2\/media?parent=4699"}],"wp:term":[{"taxonomy":"category","embeddable":true,"href":"https:\/\/swiety-jozef.pl\/index.php\/wp-json\/wp\/v2\/categories?post=4699"},{"taxonomy":"post_tag","embeddable":true,"href":"https:\/\/swiety-jozef.pl\/index.php\/wp-json\/wp\/v2\/tags?post=4699"}],"curies":[{"name":"wp","href":"https:\/\/api.w.org\/{rel}","templated":true}]}}