{"id":4349,"date":"2022-03-16T08:39:52","date_gmt":"2022-03-16T07:39:52","guid":{"rendered":"https:\/\/swiety-jozef.pl\/?p=4349"},"modified":"2022-03-23T23:37:00","modified_gmt":"2022-03-23T22:37:00","slug":"apel-katolickich-biskupow-polski-i-ukrainy-o-poszukiwanie-dialogu-i-porozumienia-w-celu-zazegnania-niebezpieczenstwa-dzialan-wojennych","status":"publish","type":"post","link":"https:\/\/swiety-jozef.pl\/index.php\/2022\/03\/16\/apel-katolickich-biskupow-polski-i-ukrainy-o-poszukiwanie-dialogu-i-porozumienia-w-celu-zazegnania-niebezpieczenstwa-dzialan-wojennych\/","title":{"rendered":"Apel katolickich biskup\u00f3w Polski i Ukrainy"},"content":{"rendered":"\n<h4 class=\"has-text-align-center wp-block-heading\">Apel katolickich biskup\u00f3w Polski i Ukrainy o poszukiwanie dialogu i porozumienia w celu za\u017cegnania niebezpiecze\u0144stwa dzia\u0142a\u0144 wojennych<\/h4>\n\n\n\n<!--more-->\n\n\n\n<div style=\"height:24px\" aria-hidden=\"true\" class=\"wp-block-spacer\"><\/div>\n\n\n\n<p><\/p>\n\n\n\n<p>Z niepokojem przyjmujemy informacje o tym, i\u017c ostatnie serie rozm\u00f3w mi\u0119dzy Rosj\u0105 a Zachodem nie doprowadzi\u0142y do porozumienia. W swoich wyst\u0105pieniach przyw\u00f3dcy wielu pa\u0144stw wskazuj\u0105 na zwi\u0119kszanie presji ze strony rosyjskiej wobec Ukrainy, u kt\u00f3rej granic masowo gromadzone jest uzbrojenie i wojsko. Okupacja Donbasu i Krymu dowiod\u0142y, i\u017c Federacja Rosyjska &#8211; naruszaj\u0105c suwerenno\u015b\u0107 pa\u0144stwow\u0105 i integralno\u015b\u0107 terytorialn\u0105 Ukrainy &#8211; odnosi si\u0119 w spos\u00f3b lekcewa\u017c\u0105cy do obowi\u0105zuj\u0105cych zasad prawa mi\u0119dzynarodowego. Zaistnia\u0142a za\u015b sytuacja jest dla kraj\u00f3w Europy \u015brodkowo-wschodniej oraz ca\u0142ego kontynentu europejskiego wielkim zagro\u017ceniem, kt\u00f3re mo\u017ce zniszczy\u0107 dotychczasowy dorobek wielu pokole\u0144 buduj\u0105cych pokojowy \u0142ad i jedno\u015b\u0107 Europy.<\/p>\n\n\n\n<p>1. Re\u017cimy totalitarne XX wieku przynios\u0142y \u015bwiatu tragiczne do\u015bwiadczenia wojen oraz terroru politycznego, lekcewa\u017c\u0105c autorytet Boga. W imi\u0119 fa\u0142szywych ideologii skazywano na zag\u0142ad\u0119 ca\u0142e narody, niszczono poszanowanie godno\u015bci osoby ludzkiej a istot\u0119 sprawowania w\u0142adzy politycznej sprowadzano wy\u0142\u0105cznie do przemocy.<\/p>\n\n\n\n<p><br>Tak\u017ce i dzisiaj chcemy wyra\u017anie podkre\u015bli\u0107, i\u017c ka\u017cda wojna jest nieszcz\u0119\u015bciem i nie mo\u017ce by\u0107 nigdy odpowiednim sposobem rozwi\u0105zywania problem\u00f3w mi\u0119dzynarodowych. Nigdy nim nie by\u0142a i nigdy nie b\u0119dzie, poniewa\u017c rodzi ona nowe, powa\u017cniejsze konflikty. Gdy wybucha wojna, staje si\u0119 \u201ebezsensown\u0105 rzezi\u0105\u201d, \u201eryzykiem, od kt\u00f3rego nie ma odwrotu\u201d, kt\u00f3ra niszczy tera\u017aniejszo\u015b\u0107 i zagra\u017ca przysz\u0142o\u015bci ludzi: \u201ePrzez pok\u00f3j nic nie ginie, przez wojn\u0119 mo\u017cna utraci\u0107 wszystko\u201d. W ostatecznym rozrachunku wojna jest zawsze pora\u017ck\u0105 ludzko\u015bci. Jest wyrazem barbarzy\u0144stwa i ca\u0142kiem nieskutecznym narz\u0119dziem rozwiazywania nieporozumie\u0144. Papiez\u0307 Pawe\u0142 VI podczas swojego wyst\u0105pienia na Sesji Konferencji Rozbrojeniowej ONZ w 1978 r. nazwa\u0142 wojn\u0119 \u201eirracjonalnym i niemo\u017cliwym do zaakceptowania \u015brodkiem regulowania spor\u00f3w mi\u0119dzy pa\u0144stwami\u201d.<\/p>\n\n\n\n<p><br>\u201eWszelkie dzia\u0142ania wojenne, zmierzaj\u0105ce bez \u017cadnej r\u00f3\u017cnicy do zniszczenia ca\u0142ych miast lub te\u017c wi\u0119kszych po\u0142aci kraju z ich mieszka\u0144cami, s\u0105 zbrodni\u0105 przeciw Bogu i samemu cz\u0142owiekowi, zas\u0142uguj\u0105c\u0105 na stanowcze i natychmiastowe pot\u0119pienie\u201d (Gaudium et spes, 80).<\/p>\n\n\n\n<p><br>\u201eDzia\u0142ania w spos\u00f3b zamierzony sprzeczne z prawem narod\u00f3w i jego powszechnymi zasadami, podobnie jak nakazuj\u0105ce je zarz\u0105dzenia, s\u0105 zbrodniami. Nie wystarczy \u015blepe pos\u0142usze\u0144stwo, by usprawiedliwi\u0107 tych, kt\u00f3rzy si\u0119 im podporz\u0105dkowuj\u0105. Zag\u0142ada ludu, narodu czy mniejszo\u015bci etnicznej powinna by\u0107 pot\u0119piona jako grzech \u015bmiertelny. Istnieje moralny obowi\u0105zek stawiania oporu rozkazom, kt\u00f3re nakazuj\u0105 ludob\u00f3jstwo (KKK 2313).<\/p>\n\n\n\n<p><\/p>\n\n\n\n<p>2. Poszukiwanie alternatywnych wobec wojny sposob\u00f3w rozwi\u0105zywania mi\u0119dzynarodowych konflikt\u00f3w sta\u0142o si\u0119 dzisiaj niezw\u0142oczn\u0105 potrzeb\u0105, gdy\u017c przera\u017caj\u0105ca si\u0142a narz\u0119dzi zniszczenia dost\u0119pnych nawet \u015brednim i ma\u0142ym mocarstwom, oraz coraz silniejsze powi\u0105zania istniej\u0105ce mi\u0119dzy narodami ca\u0142ej ziemi utrudniaj\u0105 dzi\u015b czy wr\u0119cz praktycznie uniemo\u017cliwiaj\u0105 ograniczenie skutk\u00f3w konfliktu. Nauczeni do\u015bwiadczeniem poprzednich pokole\u0144 zwracamy si\u0119 wi\u0119c z apelem do rz\u0105dz\u0105cych o powstrzymanie si\u0119 od dzia\u0142a\u0144 wojennych. Zach\u0119camy przyw\u00f3dc\u00f3w do niezw\u0142ocznego wycofania sie\u0328 z drogi stawiania ultimatum i wykorzystywania innego pa\u0144stwa, jako karty przetargowej. Wszelkie rozbie\u017cno\u015bci interes\u00f3w winny by\u0107 rozwi\u0105zywane nie przy u\u017cyciu broni, ale na drodze porozumie\u0144 . Wsp\u00f3lnota mi\u0119dzynarodowa winna solidarnie po\u0142\u0105czy\u0107 swoje wysi\u0142ki i aktywnie wesprze\u0107 wszystkimi mo\u017cliwymi sposobami b\u0119d\u0105ce w zagro\u017ceniu spo\u0142ecze\u0144stwo.<\/p>\n\n\n\n<p>3. W imieniu w\u0142asnym i naszych wsp\u00f3lnot przypominamy, i\u017c \u201epopieranie pokoju w \u015bwiecie jest nieod\u0142\u0105cznym elementem pos\u0142annictwa, przez kt\u00f3re Ko\u015bci\u00f3\u0142 kontynuuje zbawcze dzie\u0142o Chrystusa na ziemi. Ko\u015bci\u00f3\u0142 jest bowiem \u201ew Chrystusie \u2018sakramentem\u2019, czyli znakiem i narz\u0119dziem pokoju w \u015bwiecie i dla \u015bwiata. Budowanie prawdziwego pokoju jest wyrazem chrze\u015bcija\u0144skiej wiary w mi\u0142o\u015b\u0107 Boga do ka\u017cdego cz\u0142owieka. Z wyzwalaj\u0105cej wiary w mi\u0142o\u015b\u0107 Boga pochodzi nowa wizja \u015bwiata i nowy spos\u00f3b podej\u015bcia do bli\u017aniego, niezale\u017cnie od tego, czy jest on pojedyncz\u0105 osob\u0105, czy ca\u0142ym narodem: to wiara natchniona przez pok\u00f3j, kt\u00f3ry Chrystus pozostawi\u0142 swoim uczniom (J 14,27), przemienia i odnawia \u017cycie (KNSK, 516). Fundamentem relacji mi\u0119dzyludzkich kultury judeochrze\u015bcija\u0144skiej s\u0105 warto\u015bci: wiary, nadziei i mi\u0142o\u015bci a tak\u017ce prawdy, pi\u0119kna i dobra bez kt\u00f3rych nie ma i nie b\u0119dzie trwa\u0142ej pokojowej przysz\u0142o\u015bci. Obecna sytuacja, domaga si\u0119 od chrze\u015bcijan tradycji wschodniej i zachodniej pe\u0142nej odpowiedzialno\u015bci za tera\u017aniejszo\u015b\u0107 i przysz\u0142o\u015b\u0107 naszego kontynentu oraz gotowo\u015bci ponoszenia ofiar w obronie wsp\u00f3lnoty rodzinnej, narodowej i pa\u0144stwowej.<\/p>\n\n\n\n<p>4. W zwi\u0105zku z tym zapraszamy wszystkich do po\u0142\u0105czenia si\u0119 we wsp\u00f3lnej modlitwie: \u201eBo\u017ce ojc\u00f3w naszych, wielki i mi\u0142osierny! Panie \u017cycia i pokoju, Ojcze wszystkich ludzi. Twoj\u0105 wol\u0105 jest pok\u00f3j, a nie udr\u0119czenie. Pot\u0119p wojny i obal pych\u0119 gwa\u0142townik\u00f3w. Wys\u0142a\u0142e\u015b Syna swego Jezusa Chrystusa, aby g\u0142osi\u0142 pok\u00f3j bliskim i dalekim i zjednoczy\u0142 w jedn\u0105 rodzin\u0119 ludzi wszystkich ras i pokole\u0144.<br>Us\u0142ysz krzyk wszystkich Twoich dzieci, udr\u0119czone b\u0142aganie ca\u0142ej ludzko\u015bci. Niech ju\u017c nie b\u0119dzie wi\u0119cej wojny \u2013 z\u0142ej przygody, z kt\u00f3rej nie ma odwrotu, niech ju\u017c nie b\u0119dzie wi\u0119cej wojny \u2013 k\u0142\u0119bowiska walki i przemocy. Spraw, niech ustanie wojna [\u2026], kt\u00f3ra zagra\u017ca Twoim stworzeniom na niebie, na ziemi i w morzu.<br><\/p>\n\n\n\n<p>Z Maryj\u0105, Matk\u0105 Jezusa i nasz\u0105, b\u0142agamy Ci\u0119, przem\u00f3w do serc ludzi odpowiedzialnych za losy narod\u00f3w. Zniszcz logik\u0119 odwet\u00f3w i zemsty, a poddaj przez Ducha \u015awi\u0119tego nowe rozwi\u0105zania wielkoduszne i szlachetne, w dialogu i cierpliwym wyczekiwaniu \u2013 bardziej owocne ni\u017c gwa\u0142towne dzia\u0142ania wojenne.<br>Ojcze, obdarz nasze czasy dniami pokoju. Niech ju\u017c nie b\u0119dzie wi\u0119cej wojny. Amen. (\u015bw. Jan Pawe\u0142 II).<\/p>\n\n\n\n<p><\/p>\n\n\n\n<p>Arcybiskup Wi\u0119kszy \u015awiatos\u0142aw Szewczuk Zwierzchnik Ukrai\u0144skiego Ko\u015bcio\u0142a Greckokatolickiego<br>Arcybiskup Stanis\u0142aw G\u0105decki Przewodnicz\u0105cy Konferencji Episkopatu Polski<br>Arcybiskup Mieczys\u0142aw Mokrzycki p.o. Przewodnicz\u0105cego Konferencji Episkopatu Ukrainy<br>Arcybiskup Eugeniusz Popowicz Metropolita Przemysko-WarszawskiKo\u015bcio\u0142a Greckokatolickiego w Polsce<br>Biskup Ni\u0142 \u0141uszczak Administrator Apostolski Greckokatolickiej Eparchii Mukaczewskiej<\/p>\n\n\n\n<p>Kij\u00f3w \u2013 Warszawa \u2013 Lw\u00f3w \u2013 U\u017chorod, dnia 24 stycznia 2022 roku<\/p>\n","protected":false},"excerpt":{"rendered":"<p>Apel katolickich biskup\u00f3w Polski i Ukrainy o poszukiwanie dialogu i porozumienia w celu za\u017cegnania niebezpiecze\u0144stwa dzia\u0142a\u0144 wojennych<\/p>\n","protected":false},"author":1,"featured_media":4350,"comment_status":"closed","ping_status":"closed","sticky":false,"template":"","format":"standard","meta":{"_lmt_disableupdate":"","_lmt_disable":"","footnotes":""},"categories":[1],"tags":[],"class_list":["post-4349","post","type-post","status-publish","format-standard","has-post-thumbnail","hentry","category-bez-kategorii"],"_links":{"self":[{"href":"https:\/\/swiety-jozef.pl\/index.php\/wp-json\/wp\/v2\/posts\/4349","targetHints":{"allow":["GET"]}}],"collection":[{"href":"https:\/\/swiety-jozef.pl\/index.php\/wp-json\/wp\/v2\/posts"}],"about":[{"href":"https:\/\/swiety-jozef.pl\/index.php\/wp-json\/wp\/v2\/types\/post"}],"author":[{"embeddable":true,"href":"https:\/\/swiety-jozef.pl\/index.php\/wp-json\/wp\/v2\/users\/1"}],"replies":[{"embeddable":true,"href":"https:\/\/swiety-jozef.pl\/index.php\/wp-json\/wp\/v2\/comments?post=4349"}],"version-history":[{"count":5,"href":"https:\/\/swiety-jozef.pl\/index.php\/wp-json\/wp\/v2\/posts\/4349\/revisions"}],"predecessor-version":[{"id":4694,"href":"https:\/\/swiety-jozef.pl\/index.php\/wp-json\/wp\/v2\/posts\/4349\/revisions\/4694"}],"wp:featuredmedia":[{"embeddable":true,"href":"https:\/\/swiety-jozef.pl\/index.php\/wp-json\/wp\/v2\/media\/4350"}],"wp:attachment":[{"href":"https:\/\/swiety-jozef.pl\/index.php\/wp-json\/wp\/v2\/media?parent=4349"}],"wp:term":[{"taxonomy":"category","embeddable":true,"href":"https:\/\/swiety-jozef.pl\/index.php\/wp-json\/wp\/v2\/categories?post=4349"},{"taxonomy":"post_tag","embeddable":true,"href":"https:\/\/swiety-jozef.pl\/index.php\/wp-json\/wp\/v2\/tags?post=4349"}],"curies":[{"name":"wp","href":"https:\/\/api.w.org\/{rel}","templated":true}]}}