{"id":4340,"date":"2022-03-16T08:17:44","date_gmt":"2022-03-16T07:17:44","guid":{"rendered":"https:\/\/swiety-jozef.pl\/?p=4340"},"modified":"2022-03-16T08:18:48","modified_gmt":"2022-03-16T07:18:48","slug":"bozonarodzeniowe-zyczenia-bpa-tadeusza-litynskiego-2021-r","status":"publish","type":"post","link":"https:\/\/swiety-jozef.pl\/index.php\/2022\/03\/16\/bozonarodzeniowe-zyczenia-bpa-tadeusza-litynskiego-2021-r\/","title":{"rendered":"Bo\u017conarodzeniowe \u017cyczenia bpa Tadeusza Lity\u0144skiego 2021 r."},"content":{"rendered":"\n<h4 class=\"wp-block-heading\">Bo\u017conarodzeniowe \u017cyczenia bpa Tadeusza Lity\u0144skiego 2021 r.<\/h4>\n\n\n\n<div style=\"height:20px\" aria-hidden=\"true\" class=\"wp-block-spacer\"><\/div>\n\n\n\n<p>\u2013 Drodzy Diecezjanie, \u017cycz\u0119, aby okres \u015bwi\u0105teczny, ale r\u00f3wnie\u017c Nowy Rok Pa\u0144ski 2022 by\u0142 czasem, kiedy wi\u0119cej b\u0119dzie w nas postawy pasterzy z Betlejem \u2013 powiedzia\u0142 w bo\u017conarodzeniowych \u017cyczeniach bp Tadeusz Lity\u0144ski.<\/p>\n\n\n\n<!--more-->\n\n\n\n<p><\/p>\n\n\n\n<div style=\"height:34px\" aria-hidden=\"true\" class=\"wp-block-spacer\"><\/div>\n\n\n\n<figure class=\"wp-block-embed is-type-video is-provider-youtube wp-block-embed-youtube wp-embed-aspect-16-9 wp-has-aspect-ratio\"><div class=\"wp-block-embed__wrapper\">\n<iframe title=\"Bo\u017ce Narodzenie 2021\" width=\"1170\" height=\"658\" src=\"https:\/\/www.youtube.com\/embed\/l-A2W4ruyLQ?feature=oembed\" frameborder=\"0\" allow=\"accelerometer; autoplay; clipboard-write; encrypted-media; gyroscope; picture-in-picture\" allowfullscreen><\/iframe>\n<\/div><\/figure>\n\n\n\n<p><\/p>\n\n\n\n<div style=\"height:35px\" aria-hidden=\"true\" class=\"wp-block-spacer\"><\/div>\n\n\n\n<p><\/p>\n","protected":false},"excerpt":{"rendered":"<p>Bo\u017conarodzeniowe \u017cyczenia bpa Tadeusza Lity\u0144skiego 2021 r. \u2013 Drodzy Diecezjanie, \u017cycz\u0119, aby okres \u015bwi\u0105teczny, ale r\u00f3wnie\u017c Nowy Rok Pa\u0144ski 2022 by\u0142 czasem, kiedy wi\u0119cej b\u0119dzie w nas postawy pasterzy z&hellip;<\/p>\n","protected":false},"author":1,"featured_media":4338,"comment_status":"closed","ping_status":"closed","sticky":false,"template":"","format":"standard","meta":{"_lmt_disableupdate":"","_lmt_disable":"","footnotes":""},"categories":[1],"tags":[],"class_list":["post-4340","post","type-post","status-publish","format-standard","has-post-thumbnail","hentry","category-bez-kategorii"],"_links":{"self":[{"href":"https:\/\/swiety-jozef.pl\/index.php\/wp-json\/wp\/v2\/posts\/4340","targetHints":{"allow":["GET"]}}],"collection":[{"href":"https:\/\/swiety-jozef.pl\/index.php\/wp-json\/wp\/v2\/posts"}],"about":[{"href":"https:\/\/swiety-jozef.pl\/index.php\/wp-json\/wp\/v2\/types\/post"}],"author":[{"embeddable":true,"href":"https:\/\/swiety-jozef.pl\/index.php\/wp-json\/wp\/v2\/users\/1"}],"replies":[{"embeddable":true,"href":"https:\/\/swiety-jozef.pl\/index.php\/wp-json\/wp\/v2\/comments?post=4340"}],"version-history":[{"count":3,"href":"https:\/\/swiety-jozef.pl\/index.php\/wp-json\/wp\/v2\/posts\/4340\/revisions"}],"predecessor-version":[{"id":4343,"href":"https:\/\/swiety-jozef.pl\/index.php\/wp-json\/wp\/v2\/posts\/4340\/revisions\/4343"}],"wp:featuredmedia":[{"embeddable":true,"href":"https:\/\/swiety-jozef.pl\/index.php\/wp-json\/wp\/v2\/media\/4338"}],"wp:attachment":[{"href":"https:\/\/swiety-jozef.pl\/index.php\/wp-json\/wp\/v2\/media?parent=4340"}],"wp:term":[{"taxonomy":"category","embeddable":true,"href":"https:\/\/swiety-jozef.pl\/index.php\/wp-json\/wp\/v2\/categories?post=4340"},{"taxonomy":"post_tag","embeddable":true,"href":"https:\/\/swiety-jozef.pl\/index.php\/wp-json\/wp\/v2\/tags?post=4340"}],"curies":[{"name":"wp","href":"https:\/\/api.w.org\/{rel}","templated":true}]}}