{"id":4337,"date":"2022-03-16T08:14:16","date_gmt":"2022-03-16T07:14:16","guid":{"rendered":"https:\/\/swiety-jozef.pl\/?p=4337"},"modified":"2022-03-16T08:14:19","modified_gmt":"2022-03-16T07:14:19","slug":"slowo-bpa-litynskiego-na-poczatek-adwentu-2021-r","status":"publish","type":"post","link":"https:\/\/swiety-jozef.pl\/index.php\/2022\/03\/16\/slowo-bpa-litynskiego-na-poczatek-adwentu-2021-r\/","title":{"rendered":"S\u0142owo bpa Lity\u0144skiego na pocz\u0105tek Adwentu 2021 r."},"content":{"rendered":"\n<h4 class=\"has-text-align-left wp-block-heading\">S\u0142owo bpa Lity\u0144skiego na pocz\u0105tek Adwentu 2021 r.<\/h4>\n\n\n\n<p><\/p>\n\n\n\n<p>&#8211; Niech to b\u0119dzie czas nawiedzin naszych \u015bwi\u0105ty\u0144, niech to b\u0119dzie czas pog\u0142\u0119bionej modlitwy, tak\u017ce ws\u0142uchania si\u0119 w lektur\u0119 s\u0142owa Bo\u017cego, skorzystania z sakrament\u00f3w \u015bwi\u0119tych, a tak\u017ce czas dzielenia si\u0119 trosk\u0105 i mi\u0142o\u015bci\u0105 z tymi, kt\u00f3rzy s\u0105 wok\u00f3\u0142 nas &#8211; zach\u0119ca bp Tadeusz Lity\u0144ski na pocz\u0105tek Adwentu.<\/p>\n\n\n\n<!--more-->\n\n\n\n<div style=\"height:30px\" aria-hidden=\"true\" class=\"wp-block-spacer\"><\/div>\n\n\n\n<figure class=\"wp-block-embed is-type-video is-provider-youtube wp-block-embed-youtube wp-embed-aspect-16-9 wp-has-aspect-ratio\"><div class=\"wp-block-embed__wrapper\">\n<iframe title=\"Adwent 2021\" width=\"1170\" height=\"658\" src=\"https:\/\/www.youtube.com\/embed\/o5lamr7HlCs?feature=oembed\" frameborder=\"0\" allow=\"accelerometer; autoplay; clipboard-write; encrypted-media; gyroscope; picture-in-picture\" allowfullscreen><\/iframe>\n<\/div><\/figure>\n\n\n\n<p><\/p>\n\n\n\n<div style=\"height:35px\" aria-hidden=\"true\" class=\"wp-block-spacer\"><\/div>\n","protected":false},"excerpt":{"rendered":"<p>S\u0142owo bpa Lity\u0144skiego na pocz\u0105tek Adwentu 2021 r. &#8211; Niech to b\u0119dzie czas nawiedzin naszych \u015bwi\u0105ty\u0144, niech to b\u0119dzie czas pog\u0142\u0119bionej modlitwy, tak\u017ce ws\u0142uchania si\u0119 w lektur\u0119 s\u0142owa Bo\u017cego, skorzystania&hellip;<\/p>\n","protected":false},"author":1,"featured_media":4338,"comment_status":"closed","ping_status":"closed","sticky":false,"template":"","format":"standard","meta":{"_lmt_disableupdate":"","_lmt_disable":"","footnotes":""},"categories":[1],"tags":[],"class_list":["post-4337","post","type-post","status-publish","format-standard","has-post-thumbnail","hentry","category-bez-kategorii"],"_links":{"self":[{"href":"https:\/\/swiety-jozef.pl\/index.php\/wp-json\/wp\/v2\/posts\/4337","targetHints":{"allow":["GET"]}}],"collection":[{"href":"https:\/\/swiety-jozef.pl\/index.php\/wp-json\/wp\/v2\/posts"}],"about":[{"href":"https:\/\/swiety-jozef.pl\/index.php\/wp-json\/wp\/v2\/types\/post"}],"author":[{"embeddable":true,"href":"https:\/\/swiety-jozef.pl\/index.php\/wp-json\/wp\/v2\/users\/1"}],"replies":[{"embeddable":true,"href":"https:\/\/swiety-jozef.pl\/index.php\/wp-json\/wp\/v2\/comments?post=4337"}],"version-history":[{"count":1,"href":"https:\/\/swiety-jozef.pl\/index.php\/wp-json\/wp\/v2\/posts\/4337\/revisions"}],"predecessor-version":[{"id":4339,"href":"https:\/\/swiety-jozef.pl\/index.php\/wp-json\/wp\/v2\/posts\/4337\/revisions\/4339"}],"wp:featuredmedia":[{"embeddable":true,"href":"https:\/\/swiety-jozef.pl\/index.php\/wp-json\/wp\/v2\/media\/4338"}],"wp:attachment":[{"href":"https:\/\/swiety-jozef.pl\/index.php\/wp-json\/wp\/v2\/media?parent=4337"}],"wp:term":[{"taxonomy":"category","embeddable":true,"href":"https:\/\/swiety-jozef.pl\/index.php\/wp-json\/wp\/v2\/categories?post=4337"},{"taxonomy":"post_tag","embeddable":true,"href":"https:\/\/swiety-jozef.pl\/index.php\/wp-json\/wp\/v2\/tags?post=4337"}],"curies":[{"name":"wp","href":"https:\/\/api.w.org\/{rel}","templated":true}]}}