{"id":4320,"date":"2022-03-16T07:41:45","date_gmt":"2022-03-16T06:41:45","guid":{"rendered":"https:\/\/swiety-jozef.pl\/?p=4320"},"modified":"2022-03-16T07:41:47","modified_gmt":"2022-03-16T06:41:47","slug":"ogloszenia-duszpasterskie-27-02-2022-r","status":"publish","type":"post","link":"https:\/\/swiety-jozef.pl\/index.php\/2022\/03\/16\/ogloszenia-duszpasterskie-27-02-2022-r\/","title":{"rendered":"Og\u0142oszenia duszpasterskie 27.02.2022 r."},"content":{"rendered":"\n<!--more-->\n\n\n\n<p class=\"has-text-align-right\"><strong>Nowa S\u00f3l 27 II 2022<\/strong><\/p>\n\n\n\n<h4 class=\"has-text-align-center wp-block-heading\">Og\u0142oszenia duszpasterskie<br>VIII Niedziela okresu zwyk\u0142ego C<\/h4>\n\n\n\n<p><\/p>\n\n\n\n<div style=\"height:23px\" aria-hidden=\"true\" class=\"wp-block-spacer\"><\/div>\n\n\n\n<ol class=\"wp-block-list\"><li><strong>Dzisiaj VIII niedziela okresu zwyk\u0142ego.<\/strong><br><\/li><li><strong>W dzisiejsz\u0105 niedziel\u0119\u00a0i w \u015arod\u0119 Popielcow\u0105 po ka\u017cdej Mszy \u015bw. zbi\u00f3rka do puszek na pomoc dla Ukrainy b\u0119d\u0105cej wstanie wojny z Rosj\u0105.<\/strong><br><\/li><li><strong>Zapraszamy na VIII Nowosolski Marsz \u017bo\u0142nierzy Wykl\u0119tych, rozpocznie si\u0119 Msz\u0105 \u015bw. dzisiaj o godz 18<sup>30<\/sup>\u00a0w par. \u015aw. Antoniego.<\/strong><br><\/li><li><strong>W \u015brod\u0119 \u2013 2 marca przypada \u015aRODA POPIELCOWA, kt\u00f3ra rozpoczyna okres Wielkiego Postu, czasu przygotowania do \u015awi\u0105t Zmartwychwstania Pa\u0144skiego.<\/strong><br><\/li><li><strong>Msze \u015awi\u0119te w \u015arod\u0119 Popielcow\u0105 z posypaniem g\u0142\u00f3w popio\u0142em: o godz. 7<sup>00<\/sup>\u00a0, godz. 9<sup>00<\/sup>, godz. 10<sup>30<\/sup>, godz. 16<sup>30<\/sup>, godz. 18<sup>00<\/sup><\/strong><br><\/li><li><strong>W \u015arod\u0119 Popielcow\u0105 obowi\u0105zuje \u015bcis\u0142y post i abstynencja od napoj\u00f3w alkoholowych. Dzie\u0144 ten rozpoczyna Tydzie\u0144 Modlitw o trze\u017awo\u015b\u0107 w naszym narodzie, jak r\u00f3wnie\u017c jest dniem solidarno\u015bci z kap\u0142anami-seniorami naszej diecezji. <\/strong><\/li><li><strong>Taca w \u015arod\u0119 Popielcow\u0105 przeznaczona jest na Domu Ksi\u0119\u017cy Emeryt\u00f3w.<\/strong><br><\/li><li><strong><strong>\u015aroda Popielcowa: spotkania dla dzieci II i III i ich rodzic\u00f3w godz. 16<sup>30<\/sup>; dla m\u0142odzie\u017cy klas VII i VIII godz. 18<sup>00<\/sup><\/strong><\/strong><br><\/li><li><strong>W \u015brod\u0119 o godz. 18<sup>00<\/sup>\u00a0zapraszamy Nowenn\u0119 do MB Nieostaj\u0105cej Pomocy i \u015bw. J\u00f3zefa, po nowennie Msza \u015bw. w intencji czcicieli MBNP i \u015bw. J\u00f3zefa.<\/strong><br><\/li><li><strong>W ka\u017cdy pi\u0105tek Wielkiego Postu: Nabo\u017ce\u0144stwo Drogi Krzy\u017cowej<\/strong><br><strong>o godz. 16.30\u00a0\u2013 Droga Krzy\u017cowa wok\u00f3\u0142 ko\u015bcio\u0142a dla dzieci szk\u00f3\u0142 podstawowych, na zako\u0144czenie Komunia \u015bw.<\/strong><br><strong>o godz. 17.30\u00a0\u2013 Droga Krzy\u017cowa dla starszych i po niej bezpo\u015brednio Msza \u015bw.<\/strong><br><strong>o godz. 18.00 \u2013 Msza \u015bw.<\/strong><br><strong>o godz. 18.30\u00a0\u2013 Droga Krzy\u017cowa\u00a0dla m\u0142odzie\u017c jako duchowe przygotowanie do Sakramentu Bierzmowania,\u00a0oraz m\u0142odzie\u017cy szko\u0142y \u015bredniej, student\u00f3w i doros\u0142ych. Jest to nasza ekspiacja za nasze grzechy.<\/strong><br><\/li><li><strong>W ka\u017cd\u0105 niedziel\u0119 Wielkiego Postu b\u0119dziemy \u015bpiewa\u0107 nabo\u017ce\u0144stwo pasyjne Gorzkich \u017bali z kazaniem o Mece Pa\u0144skiej o godz. 17<sup>30<\/sup>, ofiary sk\u0142adane przy adoracji krzy\u017ca przeznaczone s\u0105 na kwiaty do Bo\u017cego Grobu.<\/strong><br><\/li><li><strong>Prosz\u0119 wszystkich Parafian, aby nie zmarnowa\u0107 tego czasu modlitwy i pokuty.<\/strong><br><\/li><li><strong>Rekolekcje wielkopostne odb\u0119d\u0105 si\u0119 od 20 III do 23 III prowadzi\u0142 je b\u0119dzie ks. Miros\u0142aw Mali\u0144ski duszpasterz akademicki z Wroc\u0142awia. Plan rekolekcji w gablotach i na stronie internetowej.<\/strong><br><\/li><li><strong>W tym tygodniu I czwartek, I pi\u0105tek i I sobota miesi\u0105ca<\/strong><br>&#8211;\u00a0<strong>W czwartek o godz. 16<sup>45<\/sup><\/strong>\u00a0spotkanie formacyjne Przyjaci\u00f3\u0142 Parady\u017ca na plebanii.<br>&#8211;\u00a0<strong>W pi\u0105tek od godz. 15<sup>00<\/sup><\/strong>\u00a0\u2013 Godzina Mi\u0142osierdzia i Adoracja Naj\u015bwi\u0119tszego Sakramentu z nabo\u017ce\u0144stwem wynagradzaj\u0105cym. O godz. 18<sup>00<\/sup>\u00a0Msza \u015bw. ku czci Naj\u015bwi\u0119tszego Serca P. Jezusa.<br><strong>Spowied\u017a \u015bw. pierwszopi\u0105tkowa w pi\u0105tek od godz. 15<sup>00<\/sup>\u00a0do 18<sup>00<\/sup><\/strong><br><\/li><li>W sobot\u0119 zapraszamy na Nabo\u017ce\u0144stwo Pierwszych Sob\u00f3t &#8211; rozpoczniemy o godz. 17<sup>00<\/sup>\u00a0Msza \u015bw.<br><\/li><li><strong>W sobot\u0119 odwiedzimy chorych z pos\u0142ug\u0105\u00a0 sakramentaln\u0105<\/strong>. Nowych chorych mo\u017cna zg\u0142asza\u0107 w zakrystii.<br><\/li><li><strong>Dzieci\u00a0klas II po Mszy \u015bw. zapraszamy do kaplicy, dzieci klas III prosimy o pozostanie w ko\u015bciele.<\/strong><br><\/li><li><strong>W czasie spotka\u0144 kol\u0119dowych przekazywali\u015bmy ka\u017cdej rodzinie kalendarz z informacj\u0105 o wydarzeniach kt\u00f3re si\u0119 b\u0119d\u0105 odbywa\u0142y w poszczeg\u00f3lnych miesi\u0105cach roku w naszej parafii. Istnieje mo\u017cliwo\u015b\u0107 nabycia takiego kalendarza w zakrystii.<\/strong><br><\/li><li><strong>Dzi\u0119kujemy 3 osobom z ul. 1 Maja blok nr 26 i 1 osobie ch\u0119tnej za sprz\u0105tanie ko\u015bcio\u0142a i ofiary na kwiaty, Msza \u015bw. za te rodziny odb\u0119dzie si\u0119 2.04 godz. 7<sup>00<\/sup>. Z bloku i nr 28 nie by\u0142o nikogo.<\/strong><br><strong>W sobot\u0119\u00a0 na godz. 9<sup>00<\/sup>\u00a0do sprz\u0105tania ko\u015bcio\u0142a prosz\u0119 wiernych \u00a0z ul. Sienkiewicza numery parzyste od 2 do 42<\/strong><br><\/li><li>Dzi\u0119kujemy za ofiary tac\u0119 i za przelew na konto parafii. B\u00f3g Zap\u0142a\u0107. Numer konta bankowego parafii: 58 9673 0007 0000 0300 4864 0001<br><\/li><li><strong>Zach\u0119camy do zakupu i lektury prasy katolickiej: Tygodnika NIEDZIELA, GO\u015a\u0106 NIEDZIELNY, Ma\u0142y Go\u015b\u0107 Niedzielny.<\/strong><br><\/li><li>W minionym tygodniu z naszej parafii zmarli: +Marianna Delegiewicz zam. ul. Kossaka<br><\/li><li>Pami\u0119tajmy o naszych zmar\u0142ych i zmar\u0142ych w czasie epidemii polecaj\u0105c ich Bo\u017cemu Mi\u0142osierdziu.<br><\/li><li><strong>Pozdrawiamy wszystkich chorych, przebywaj\u0105cych w izolacji i na kwarantannie, pami\u0119tamy o Was w modlitwie, \u017cycz\u0105c szybkiego powrotu do zdrowia. <\/strong><\/li><li><strong>Zapraszamy do uczestnictwa we Mszy \u015bw. na \u017cywo z naszego ko\u015bcio\u0142a. S\u0105 zainstalowane 2 kamery: linki na stronie.\u00a0<\/strong><a href=\"https:\/\/swiety-jozef.pl\/\"><strong>https:\/\/swiety-jozef.pl\/<\/strong><\/a><br><\/li><li><strong>Dzi\u0119kuj\u0119 za maseczki kt\u00f3re s\u0105 przekazywane do zakrystii naszego ko\u015bcio\u0142a.<\/strong><br><strong>\u00a0<\/strong><\/li><li><strong>Wszystkim parafianom i go\u015bciom \u017cyczymy dobrej niedzieli i Bo\u017cego\u00a0 b\u0142ogos\u0142awie\u0144stwa.<\/strong><br><strong>\u00a0<\/strong><br><strong>\u00a0<\/strong><br><strong>Przypominamy i prosimy.<\/strong><br>\u00a0<br><strong>1.\u00a0\u00a0\u00a0\u00a0\u00a0\u00a0\u00a0W chodz\u0105c do ko\u015bcio\u0142a\u00a0koniecznie dezynfekujemy r\u0119ce, musimy mie\u0107 zakryte usta i nos.<\/strong><br><strong>2.\u00a0\u00a0\u00a0\u00a0\u00a0\u00a0\u00a0<\/strong>W \u0142awkach gdzie jest wy\u0142o\u017cona karta REZERWACJA nie siadamy.<br><strong>3.\u00a0\u00a0\u00a0\u00a0\u00a0\u00a0\u00a0Przy wszystkich wej\u015bciach do ko\u015bcio\u0142a od s\u0105 ustawiane\u00a0bezdotykowe kropielnice z wod\u0105 \u015bwi\u0119con\u0105,\u00a0powracamy do tego egzorcyzmu &#8211; \u017cegnania si\u0119 wod\u0105\u00a0 \u00a0 \u00a0 \u00a0 \u00a0 \u00a0 \u00a0 \u00a0 \u00a0 \u015bwi\u0119con\u0105.<\/strong><br><strong>4.\u00a0\u00a0\u00a0\u00a0\u00a0\u00a0\u00a0Po spowiedzi,\u00a0spowiadaj\u0105cy si\u0119 odka\u017ca foli\u0119 na kratkach konfesjona\u0142u\u00a0spryskiwaczem znajduj\u0105cym si\u0119 przy konfesjonale.<\/strong><br><strong>5.\u00a0\u00a0\u00a0\u00a0\u00a0\u00a0\u00a0Osoby chc\u0105ce przyj\u0105\u0107\u00a0Komuni\u0119 \u015bw. na r\u0119k\u0119\u00a0ustawiaj\u0105 si\u0119 w nawie g\u0142\u00f3wnej, na praw\u0105 d\u0142o\u0144 k\u0142ad\u0105 d\u0142o\u0144 lew\u0105 na kt\u00f3r\u0105 ksi\u0105dz k\u0142adzie Komuni\u0119 \u015bwi\u0119t\u0105, d\u0142oni\u0105\u00a0z\u00a0 \u00a0 \u00a0 \u00a0 \u00a0 \u00a0 \u00a0 \u00a0 pod spodu w obecno\u015bci kap\u0142ana wk\u0142adamy Komuni\u0119 \u015bw. do ust, sprawdzamy czy na d\u0142oni na kt\u00f3r\u0105 ksi\u0105dz z\u0142o\u017cy\u0142 Komuni\u0119 \u015bw. nie zosta\u0142y partyku\u0142y \/okruchy\/\u00a0 \u00a0 \u00a0 \u00a0 \u00a0 \u00a0 je\u017celi zosta\u0142y to trzeba Je spo\u017cy\u0107.<\/strong><br><strong>6.\u00a0\u00a0\u00a0\u00a0\u00a0\u00a0\u00a0Komunia \u015bw. przyjmowana do ust, jest udzielana przy balaskach i w kaplicy<\/strong><br><em>7.\u00a0\u00a0\u00a0\u00a0\u00a0\u00a0\u00a0Zapraszamy na modlitw\u0119 o ustanie pandemii codziennie: Koronka do Bo\u017cego Mi\u0142osierdzia o godz. 15<sup>00<\/sup>\u00a0w kaplicy a o godz. 17<sup>30<\/sup>\u00a0do wsp\u00f3lnej modlitwy r\u00f3\u017ca\u0144cowej.<\/em><br><em>8.\u00a0\u00a0\u00a0\u00a0\u00a0\u00a0\u00a0W kaplicy naszego ko\u015bcio\u0142a trwa ca\u0142odniowa Adoracja Naj\u015bwi\u0119tszego Sakramentu w niedziel\u0119 od godz. 15<sup>00<\/sup>\u00a0a w dni powszednie po Mszy \u015bw. porannej do Mszy \u015bw.\u00a0 \u00a0 \u00a0 \u00a0 \u00a0 \u00a0 \u00a0 \u00a0 \u00a0 \u00a0 wieczornej.<\/em><br><em>9.\u00a0\u00a0\u00a0\u00a0\u00a0\u00a0\u00a0<\/em>Kancelaria czynna: w poniedzia\u0142ek i w sobot\u0119 od godz. 17<sup>00<\/sup>\u00a0od godz. 18<sup>00<\/sup>.<br>\u00a0<br>\u00a0<\/li><\/ol>\n","protected":false},"excerpt":{"rendered":"","protected":false},"author":1,"featured_media":3316,"comment_status":"closed","ping_status":"closed","sticky":false,"template":"","format":"standard","meta":{"_lmt_disableupdate":"","_lmt_disable":"","footnotes":""},"categories":[19],"tags":[],"class_list":["post-4320","post","type-post","status-publish","format-standard","has-post-thumbnail","hentry","category-ogloszenia"],"_links":{"self":[{"href":"https:\/\/swiety-jozef.pl\/index.php\/wp-json\/wp\/v2\/posts\/4320","targetHints":{"allow":["GET"]}}],"collection":[{"href":"https:\/\/swiety-jozef.pl\/index.php\/wp-json\/wp\/v2\/posts"}],"about":[{"href":"https:\/\/swiety-jozef.pl\/index.php\/wp-json\/wp\/v2\/types\/post"}],"author":[{"embeddable":true,"href":"https:\/\/swiety-jozef.pl\/index.php\/wp-json\/wp\/v2\/users\/1"}],"replies":[{"embeddable":true,"href":"https:\/\/swiety-jozef.pl\/index.php\/wp-json\/wp\/v2\/comments?post=4320"}],"version-history":[{"count":1,"href":"https:\/\/swiety-jozef.pl\/index.php\/wp-json\/wp\/v2\/posts\/4320\/revisions"}],"predecessor-version":[{"id":4321,"href":"https:\/\/swiety-jozef.pl\/index.php\/wp-json\/wp\/v2\/posts\/4320\/revisions\/4321"}],"wp:featuredmedia":[{"embeddable":true,"href":"https:\/\/swiety-jozef.pl\/index.php\/wp-json\/wp\/v2\/media\/3316"}],"wp:attachment":[{"href":"https:\/\/swiety-jozef.pl\/index.php\/wp-json\/wp\/v2\/media?parent=4320"}],"wp:term":[{"taxonomy":"category","embeddable":true,"href":"https:\/\/swiety-jozef.pl\/index.php\/wp-json\/wp\/v2\/categories?post=4320"},{"taxonomy":"post_tag","embeddable":true,"href":"https:\/\/swiety-jozef.pl\/index.php\/wp-json\/wp\/v2\/tags?post=4320"}],"curies":[{"name":"wp","href":"https:\/\/api.w.org\/{rel}","templated":true}]}}