{"id":4260,"date":"2022-03-16T03:16:16","date_gmt":"2022-03-16T02:16:16","guid":{"rendered":"https:\/\/swiety-jozef.pl\/?p=4260"},"modified":"2022-03-16T03:16:18","modified_gmt":"2022-03-16T02:16:18","slug":"ogloszenia-duszpasterskie-19-12-2021-r","status":"publish","type":"post","link":"https:\/\/swiety-jozef.pl\/index.php\/2022\/03\/16\/ogloszenia-duszpasterskie-19-12-2021-r\/","title":{"rendered":"Og\u0142oszenia duszpasterskie 19.12.2021 r."},"content":{"rendered":"\n<!--more-->\n\n\n\n<p class=\"has-text-align-right\"><strong>Nowa S\u00f3l 19 XII 2021<\/strong><\/p>\n\n\n\n<h4 class=\"has-text-align-center wp-block-heading\">Og\u0142oszenia duszpasterskie<br>IV Niedziela Adwentu<\/h4>\n\n\n\n<p><\/p>\n\n\n\n<div style=\"height:23px\" aria-hidden=\"true\" class=\"wp-block-spacer\"><\/div>\n\n\n\n<ol class=\"wp-block-list\"><li>Dzisiaj\u00a0<strong>4 niedziela Adwentu<\/strong>\u00a0jednocze\u015bnie 3 niedziela miesi\u0105ca, taca przeznaczona na potrzeby parafii. B\u00f3g zap\u0142a\u0107.<br><strong><em>28 XI sp\u0142on\u0105\u0142 dom Urban z Wrociszowa- dzisiaj po Mszach \u015bw. organizujemy zbi\u00f3rk\u0119 do puszek na pomoc w odbudowie domu.<\/em><\/strong><br><\/li><li><strong>Dzisiaj Msza \u015bw. za Ojczyzn\u0119 o godz. 12<sup>30<\/sup>, po mszy na placu przy naszym ko\u015bciele inscenizacja walk ZOMO z manifestuj\u0105cymi robotnikami.<\/strong><br><\/li><li><strong>Dzisiaj na Msz\u0119 \u015bw. o godz. 11<sup>00\u00a0<\/sup>harcerze przynios\u0105\u00a0 Betlejemskie \u015awiat\u0142o Pokoju<\/strong>. \u015awiat\u0142o b\u0119dzie mo\u017cna przej\u0105\u0107 po wszystkich mszach \u015bw. do 24 grudnia.<br><\/li><li>W \u015brod\u0119 o godz. 18<sup>00<\/sup><strong>\u00a0Nowenna i Msza \u015bw. w intencji czcicieli MB Nieustaj\u0105cej Pomocy i \u015bw. J\u00f3zefa.<\/strong><br><\/li><li>Zapraszamy na\u00a0<strong>Msze \u015bw. Roratnie,<\/strong>\u00a0we wszystkie dni powszednie:\u00a0<strong>rano o godz. 6<sup>30<\/sup><\/strong>\u00a0i\u00a0<strong>wieczorem o godz. 17<sup>00<\/sup><\/strong>\u00a0(z my\u015bl\u0105 o dzieciach) o\u00a0<strong>godz. 18<sup>00<\/sup><\/strong>\u00a0msza z dnia.<br><\/li><li>Dzi\u0119kujemy dzieciom, m\u0142odzie\u017cy i starszym za uczestnictwo we\u00a0<strong>Mszach \u015bw. Roratnich, w czwartek zako\u0144czenie rorat.<\/strong><br><\/li><li><strong>Po\u015bwi\u0119cone op\u0142atki mo\u017cna odebra\u0107 codziennie w zakrystii po ka\u017cdej Mszy \u015bw. lub kancelarii w godzinach jej urz\u0119dowania.\u00a0Ofiary za op\u0142atki s\u0105 przeznaczone na utrzymanie ko\u015bcio\u0142a<\/strong>. Dane wpisane na kopercie przy sk\u0142adaniu ofiar nie s\u0105 zaproszeniem na kol\u0119d\u0119, ale s\u0105 potrzebne do uaktualnienia listy ofiarodawc\u00f3w.<br><\/li><li><strong>Uczniowie SP 8 rodzice i nauczyciele przekazali 80 paczek \u017cywno\u015bciowych<\/strong>\u00a0\u2013 dzi\u0119kujemy.\u00a0<\/li><li><strong>Parafialny Zesp\u00f3\u0142 Caritas,\u00a0<\/strong>informuje, \u017ce kontynuuje \u00a0<strong>zbi\u00f3rk\u0119 \u017cywno\u015bci dla najbardziej potrzebuj\u0105cych\u00a0<\/strong>w parafii. Przed o\u0142tarzem w kaplicy i ko\u015bciele s\u0105 wystawiane kosze.\u00a0<strong>B\u00f3g zap\u0142a\u0107.\u00a0Je\u017celi w swoim otoczeniu znamy osoby potrzebuj\u0105ce pomocy \u017cywno\u015bciowej lub sami takiej pomocy potrzebujemy, to prosz\u0119 o zg\u0142oszeni tych rodzin w zakrystii.<\/strong><br><\/li><li>Dzieci<strong>\u00a0klas II\u00a0<\/strong>po Mszy \u015bw. zapraszamy do<strong>\u00a0kaplicy,\u00a0<\/strong>dzieci<strong>\u00a0klas III\u00a0<\/strong>prosimy o pozostanie<strong>\u00a0w ko\u015bciele.<\/strong><br><\/li><li><strong>M\u0142odzie\u017c klas VII i VIII po odbytej spowiedzi adwentowej prosimy o zostawienie indeks\u00f3w w zakrystii.<\/strong><br><\/li><li>Mo\u017cliwo\u015b\u0107 spowiedzi: w dni powszednie i w niedziele p\u00f3\u0142 godziny przed ka\u017cd\u0105 Msz\u0105 \u015bw.<br><\/li><li><em>Dzi\u0119kujemy za ofiary tac\u0119 i za przelew na konto parafii. B\u00f3g Zap\u0142a\u0107. Numer konta bankowego parafii: 58 9673 0007 0000 0300 4864 0001<\/em><br><\/li><li><strong>W pi\u0105tek Wigilia<\/strong>przed Bo\u017cym Narodzeniem. Msza \u015bw. roratnia tylko rano o godz<strong><em>.\u00a0<\/em>6<sup>30<\/sup>.\u00a0<\/strong>Serdecznie zapraszamy do licznego uczestniczenia.<br><\/li><li><strong>W wigili\u0119, zgodnie z wielowiekow\u0105 tradycj\u0105, zachowajmy wstrzemi\u0119\u017aliwo\u015b\u0107 od pokarm\u00f3w mi\u0119snych.\u00a0<\/strong>Prosimy te\u017c o zachowanie naszej polskiej tradycji wigilijnej, kt\u00f3ra nakazuje organizowanie g\u0142\u00f3wnego posi\u0142ku w godzinach wieczornych, jako<strong>\u00a0Wieczerzy wigilijnej z odczytaniem Ewangelii o Narodzeniu P. Jezusa, dzieleniem si\u0119 op\u0142atkiem i sk\u0142adaniem sobie \u017cycze\u0144. Bardzo gor\u0105co prosimy o zachowanie ca\u0142kowitej wstrzemi\u0119\u017aliwo\u015bci od napoj\u00f3w alkoholowych podczas wigilijnego posi\u0142ku.<\/strong><br><\/li><li><strong>Ze wzgl\u0119du na czas pandemii -ograniczona ilo\u015b\u0107 os\u00f3b w ko\u015bciele.<\/strong>\u00a0<strong>Pasterki w naszej parafii odb\u0119d\u0105 si\u0119<\/strong>:<br><strong>godz. 20<sup>00<\/sup>\u00a0dla rodzin z dzie\u0107mi do klas I<\/strong><br><strong>godz. 21<sup>15\u00a0<\/sup>dla rodzin z dzie\u0107mi klasy II \u2013 IV<\/strong><br><strong>godz. 22<sup>30\u00a0<\/sup>dla rodzin z dzie\u0107mi klasy V \u2013 VIII<\/strong><br><strong>godz. 24<sup>00\u00a0<\/sup>dla starszych<\/strong><br><strong>seniorzy w godzinach, kt\u00f3ra najbardziej im odpowiada.<\/strong><br><strong>oczywi\u015bcie\u00a0jest to podpowied\u017a, by\u015bmy mogli w miar\u0119 mo\u017cliwo\u015bci bezpiecznie uczestniczy\u0107 w tej radosnej Eucharystii.<\/strong><br>\u00a0<br><\/li><li>Taca z pasterek przeznaczona jest na Fundusz Ochrony Dziecka i Matki<\/li><li>W\u00a0<strong>Uroczysto\u015b\u0107 Bo\u017cego Narodzenia Msze \u015bw<\/strong>. w naszym ko\u015bciele b\u0119d\u0105<strong>:\u00a0o godz.:\u00a09<sup>30<\/sup>,11<sup>00<\/sup>, 12<sup>30<\/sup>,14<sup>00<\/sup>\u00a0i 18<sup>30<\/sup><\/strong><br><\/li><li>W przysz\u0142\u0105 niedziel\u0119\u00a0<strong>\u015bwi\u0119to \u015awi\u0119tej Rodziny<\/strong>: na wszystkich mszach \u015bw.\u00a0<strong>odnowienie przyrzecze\u0144 ma\u0142\u017ce\u0144skich\u00a0 i b\u0142ogos\u0142awie\u0144stwo ma\u0142\u017conk\u00f3w<\/strong><br><\/li><li><strong>W tym roku tradycyjnej kol\u0119dy nie b\u0119dzie. Wed\u0142ug planu kol\u0119dy b\u0119dziemy zaprasza\u0107 rodziny na wieczorn\u0105 Msz\u0119 \u015bw., kt\u00f3r\u0105 odprawimy w intencji tych rodzin, po Mszy \u015bw. modlitwa kol\u0119dowa i indywidualne b\u0142ogos\u0142awie\u0144stwo rodzin.<\/strong><br><\/li><li>Dok\u0142adny plan kol\u0119dy b\u0119dzie wywieszony w gablotach i umieszczony na stronie internetowej parafii.<br><\/li><li><em>Dzi\u0119kujemy za ofiary tac\u0119 i za przelew na konto parafii. B\u00f3g Zap\u0142a\u0107. Numer konta bankowego parafii: 58 9673 0007 0000 0300 4864 0001<\/em><br><\/li><li><strong>Dzi\u0119kujemy 5 osobom\u00a0 zamieszka\u0142ej na ul. Staszica nr 13 i 1 osobie ch\u0119tnej\u00a0za sprz\u0105tanie ko\u015bcio\u0142a i ofiary na kwiaty, dodatkowo 5 os\u00f3b z\u0142o\u017cy\u0142o ofiary na kwiaty. Msza \u015bw. za te rodziny 7 I o godz. 7<sup>00<\/sup>.<\/strong><br><\/li><li><strong>Zach\u0119camy do zakupu prasy katolickiej: Niedziela, Go\u015b\u0107 Niedzielny, Ma\u0142y Go\u015b\u0107, Mi\u0142ujcie si\u0119.<\/strong><br><\/li><li><strong>W minionym tygodniu z naszej parafii\u00a0 zmarli: +Bernarda Zwoli\u0144ska zam. os. Konstytucji 3 Maja; +Jacek Bugajewski zam. ul. Kossaka.\u00a0\u00a0<\/strong><br><strong>\u00a0<\/strong><\/li><li>Pami\u0119tajmy o naszych zmar\u0142ych i zmar\u0142ych w czasie epidemii polecaj\u0105c ich Bo\u017cemu Mi\u0142osierdziu.<br>\u00a0<\/li><li>P<strong>ozdrawiamy wszystkich chorych, przebywaj\u0105cych w izolacji i na kwarantannie, pami\u0119tamy o Was w modlitwie, \u017cycz\u0105c szybkiego powrotu do zdrowia.<\/strong><br><\/li><li><strong>Wszystkim parafianom\u00a0i go\u015bciom \u017cyczymy dobrej niedzieli i Bo\u017cego\u00a0 b\u0142ogos\u0142awie\u0144stwa.<\/strong><br><strong>\u00a0<\/strong><br><strong>Przypominamy i prosimy.<\/strong><br><strong>\u00a0<\/strong><br>1. <strong>W chodz\u0105c do ko\u015bcio\u0142a\u00a0koniecznie dezynfekujemy r\u0119ce, musimy mie\u0107 zakryte usta i nos.<\/strong><br>2. W \u0142awkach gdzie jest wy\u0142o\u017cona karta REZERWACJA nie siadamy.<br><strong>3. Przy wszystkich wej\u015bciach do ko\u015bcio\u0142a od s\u0105 ustawiane\u00a0bezdotykowe kropielnice z wod\u0105 \u015bwi\u0119con\u0105,\u00a0powracamy do tego egzorcyzmu &#8211; \u017cegnania si\u0119 wod\u0105 \u015bwi\u0119con\u0105.<\/strong><br><strong>4. Po spowiedzi,\u00a0spowiadaj\u0105cy si\u0119 odka\u017ca foli\u0119 na kratkach konfesjona\u0142u\u00a0spryskiwaczem znajduj\u0105cym si\u0119 przy konfesjonale.<\/strong><br><strong>5. Osoby chc\u0105ce przyj\u0105\u0107\u00a0Komuni\u0119 \u015bw. na r\u0119k\u0119\u00a0ustawiaj\u0105 si\u0119 w nawie g\u0142\u00f3wnej, na praw\u0105 d\u0142o\u0144 k\u0142ad\u0105 d\u0142o\u0144 lew\u0105 na kt\u00f3r\u0105 ksi\u0105dz k\u0142adzie Komuni\u0119 \u015bwi\u0119t\u0105, d\u0142oni\u0105\u00a0z\u00a0 pod spodu w obecno\u015bci kap\u0142ana wk\u0142adamy Komuni\u0119 \u015bw. do ust, sprawdzamy czy na d\u0142oni na kt\u00f3r\u0105 ksi\u0105dz z\u0142o\u017cy\u0142 Komuni\u0119 \u015bw. nie zosta\u0142y partyku\u0142y \/okruchy\/ , je\u017celi zosta\u0142y to trzeba Je spo\u017cy\u0107.<\/strong><br><strong>6. Komunia \u015bw. przyjmowana do ust, jest udzielana przy balaskach i w kaplicy<\/strong><br><em>7. Zapraszamy na modlitw\u0119 o ustanie pandemii codziennie: Koronka do Bo\u017cego Mi\u0142osierdzia o godz. 15<sup>00<\/sup>\u00a0w kaplicy a o godz. 17<sup>30<\/sup>\u00a0do wsp\u00f3lnej modlitwy r\u00f3\u017ca\u0144cowej.<\/em><br><em>8. W kaplicy naszego ko\u015bcio\u0142a trwa ca\u0142odniowa Adoracja Naj\u015bwi\u0119tszego Sakramentu w niedziel\u0119 od godz. 15<sup>00<\/sup>\u00a0a w dni powszednie po Mszy \u015bw. porannej do Mszy \u015bw. wieczornej.<\/em><br>9. Kancelaria czynna w poniedzia\u0142ek i w sobot\u0119 od godz. 17<sup>00<\/sup>\u00a0do godz. 18<sup>00<\/sup><br><strong>\u00a0<\/strong><br>\u00a0<\/li><\/ol>\n","protected":false},"excerpt":{"rendered":"","protected":false},"author":1,"featured_media":3316,"comment_status":"closed","ping_status":"closed","sticky":false,"template":"","format":"standard","meta":{"_lmt_disableupdate":"","_lmt_disable":"","footnotes":""},"categories":[19],"tags":[],"class_list":["post-4260","post","type-post","status-publish","format-standard","has-post-thumbnail","hentry","category-ogloszenia"],"_links":{"self":[{"href":"https:\/\/swiety-jozef.pl\/index.php\/wp-json\/wp\/v2\/posts\/4260","targetHints":{"allow":["GET"]}}],"collection":[{"href":"https:\/\/swiety-jozef.pl\/index.php\/wp-json\/wp\/v2\/posts"}],"about":[{"href":"https:\/\/swiety-jozef.pl\/index.php\/wp-json\/wp\/v2\/types\/post"}],"author":[{"embeddable":true,"href":"https:\/\/swiety-jozef.pl\/index.php\/wp-json\/wp\/v2\/users\/1"}],"replies":[{"embeddable":true,"href":"https:\/\/swiety-jozef.pl\/index.php\/wp-json\/wp\/v2\/comments?post=4260"}],"version-history":[{"count":1,"href":"https:\/\/swiety-jozef.pl\/index.php\/wp-json\/wp\/v2\/posts\/4260\/revisions"}],"predecessor-version":[{"id":4261,"href":"https:\/\/swiety-jozef.pl\/index.php\/wp-json\/wp\/v2\/posts\/4260\/revisions\/4261"}],"wp:featuredmedia":[{"embeddable":true,"href":"https:\/\/swiety-jozef.pl\/index.php\/wp-json\/wp\/v2\/media\/3316"}],"wp:attachment":[{"href":"https:\/\/swiety-jozef.pl\/index.php\/wp-json\/wp\/v2\/media?parent=4260"}],"wp:term":[{"taxonomy":"category","embeddable":true,"href":"https:\/\/swiety-jozef.pl\/index.php\/wp-json\/wp\/v2\/categories?post=4260"},{"taxonomy":"post_tag","embeddable":true,"href":"https:\/\/swiety-jozef.pl\/index.php\/wp-json\/wp\/v2\/tags?post=4260"}],"curies":[{"name":"wp","href":"https:\/\/api.w.org\/{rel}","templated":true}]}}