{"id":4244,"date":"2022-03-16T02:51:07","date_gmt":"2022-03-16T01:51:07","guid":{"rendered":"https:\/\/swiety-jozef.pl\/?p=4244"},"modified":"2022-03-16T02:51:09","modified_gmt":"2022-03-16T01:51:09","slug":"ogloszenia-duszpasterskie-21-11-2021-r","status":"publish","type":"post","link":"https:\/\/swiety-jozef.pl\/index.php\/2022\/03\/16\/ogloszenia-duszpasterskie-21-11-2021-r\/","title":{"rendered":"Og\u0142oszenia duszpasterskie 21.11.2021 r."},"content":{"rendered":"\n<!--more-->\n\n\n\n<p class=\"has-text-align-right\"><strong>Nowa S\u00f3l 21 XI 2021<\/strong><\/p>\n\n\n\n<h4 class=\"has-text-align-center wp-block-heading\">Og\u0142oszenia duszpasterskie<br>XXXIV Niedziela okresu zwyk\u0142ego<br>Uroczysto\u015b\u0107 Jezusa Chrystusa Kr\u00f3la Wszech\u015bwiata<\/h4>\n\n\n\n<div style=\"height:20px\" aria-hidden=\"true\" class=\"wp-block-spacer\"><\/div>\n\n\n\n<ol class=\"wp-block-list\"><li>Dzisiaj 34 niedziela okresu zwyk\u0142ego,\u00a0<strong>Uroczysto\u015b\u0107 Jezusa Chrystusa Kr\u00f3la Wszech\u015bwiata<\/strong>\u00a0ko\u0144cz\u0105ca rok liturgiczny.\u00a0<strong>Mo\u017cna zyska\u0107 odpust zupe\u0142ny<\/strong>: publicznie odmawiaj\u0105c Akt po\u015bwi\u0119cenia \u201eO, Jezu najs\u0142odszy, odkupicielu \u2026\u201d, Komunia \u015aw. , modlitwa w intencjach Ojca \u015awi\u0119tego. Co za chwile uczynimy.<br><\/li><li>Dzisiejsza uroczysto\u015b\u0107 to \u015bwi\u0119to patronalne naszego Wy\u017cszego Seminarium Duchownego, z tej okazji w naszej parafii na wszystkich Mszach \u015bw. czytamy list rektora.\u00a0<strong>Taca z tej niedzieli jest przeznaczona na utrzymanie seminarium.<\/strong><br><\/li><li>Dzisiaj 21.11.2021 r. w Parady\u017cu odbywaj\u0105 si\u0119 diecezjalne obchody \u015awiatowych Dni M\u0142odzie\u017cy.\u00a0Termin ten wyznaczy\u0142 papie\u017c Franciszek i zaprasza wszystkie Ko\u015bcio\u0142y lokalne do prze\u017cycia tego spotkania. Z naszej parafii wyjecha\u0142a grupa m\u0142odzie\u017cy z ks. Szymonem.<br><\/li><li><strong>Ka\u017cda wsp\u00f3lnota parafialna z mocy prawa powinna mie\u0107 Parafialn\u0105 Rad\u0119 Duszpastersk\u0105 jako cia\u0142o doradcze\u00a0 dla proboszcza w budowaniu wsp\u00f3lnoty parafii. Czas pandemii zak\u0142\u00f3ci\u0142 nasze spotkania. Z urz\u0119du do rady duszpasterskiej powinni nale\u017ce\u0107: wikariusze, prze\u0142o\u017ceni instytut\u00f3w \u017cycia konsekrowanego i stowarzysze\u0144 \u017cycia apostolskiego pracuj\u0105cych w parafii, katecheci zamieszkuj\u0105cy i ucz\u0105cy w szko\u0142ach na terenie parafii, cz\u0142onkowie parafialnego ko\u0142a Caritas, moderatorzy wsp\u00f3lnot modlitewnych, apostolskich, ruch\u00f3w i stowarzysze\u0144 katolickich dzia\u0142aj\u0105cych w parafii. Zapraszam na spotkanie wszystkich zainteresowanych w pi\u0105tek 3-go\u00a0 grudnia, rozpoczniemy Msz\u0105 \u015bw. o godz. 18<sup>00<\/sup><\/strong><br><\/li><li><strong>Dzisiaj na Mszy \u015bw. o godz. 7<sup>00\u00a0<\/sup>po\u015bwi\u0119cili\u015bmy op\u0142atki.\u00a0Op\u0142atki mo\u017cna osobi\u015bcie odebra\u0107 w ka\u017cd\u0105 niedziel\u0119 przy drzwiach wej\u015bciowych do ko\u015bcio\u0142a po ka\u017cdej Mszy \u015bw. i\u00a0 codziennie w zakrystii lub kancelarii w godzinach jej urz\u0119dowania.\u00a0Ofiary za op\u0142atki s\u0105 przeznaczone na utrzymanie ko\u015bcio\u0142a<\/strong>,\u00a0<strong>ofiar nie sk\u0142adamy przy odbiorze op\u0142atk\u00f3w, tradycyjnie ofiary sk\u0142adamy do kopert.<\/strong><br><strong>Zaproszenie na kol\u0119d\u0119 sk\u0142adamy uzupe\u0142niaj\u0105c dane zaznaczone na kopercie, kt\u00f3ra znajduje si\u0119 wraz z op\u0142atkami. \/Tradycyjna kol\u0119da b\u0119dzie uzale\u017cniona od sytuacji epidemiologicznej\/<\/strong><br><\/li><li><strong>Za tydzie\u0144 I Niedziela Adwentu<\/strong>\u00a0\u2013 nowy rok liturgiczny.<br><\/li><li>Od przysz\u0142ej niedzieli rozprowadzamy\u00a0<strong>\u015bwiece na st\u00f3\u0142 wigilijny<\/strong>, jako\u00a0<strong>Wigilijne Dzie\u0142o pomocy Dzieciom.\u00a0<\/strong>\/ma\u0142e 7 z\u0142, du\u017ce 20 z\u0142\/<br><\/li><li>Zbli\u017ca si\u0119\u00a0<strong>dzie\u0144 \u015awi\u0119tego Miko\u0142aja<\/strong>, osoby prywatne i firmy, kt\u00f3re chcia\u0142yby pom\u00f3c \u015bw. Miko\u0142ajowi w przegotowaniu prezent\u00f3w dla naszych dzieci zapraszam z propozycjami do zakrystii.<br><\/li><li><strong>Wsp\u00f3lnota Domowego Ko\u015bcio\u0142a serdecznie zaprasza ma\u0142\u017ce\u0144stwa i rodziny na spotkanie po\u0142\u0105czone z kaw\u0105 i ciastem dnia 5 grudnia o godz.15<sup>30\u00a0<\/sup>w szkole katolickiej<\/strong>\u00a0&#8211; foldery do pobrania przy wyj\u015bciu z ko\u015bcio\u0142a.\u00a0<br><\/li><li><strong>Zapraszamy do udzia\u0142u w nowej edycji cyklu &#8222;Teologia w mie\u015bcie&#8221;, obejmuj\u0105cego 10 spotka\u0144\u00a0wok\u00f3\u0142 zagadnie\u0144 z Pisma \u015awi\u0119tego, teologii moralnej, teologii dogmatycznej i fundamentalnej oraz spo\u0142ecznego nauczania Ko\u015bcio\u0142a.\u00a0Do uczestnictwa zapraszamy\u00a0wszystkich bez wzgl\u0119du na wiek czy wykszta\u0142cenie; zar\u00f3wno osoby zaanga\u017cowane w ruchy i wsp\u00f3lnoty ko\u015bcielne jak i osoby poszukuj\u0105ce. Spotkania odbywa\u0107 si\u0119 b\u0119d\u0105 w sobotnie przedpo\u0142udnia pocz\u0105wszy od godz. 9.30 do godz. 12.50 w Gorzowie i w Zielonej G\u00f3rze, pocz\u0105wszy od 4 grudnia br. Szczeg\u00f3\u0142owy program i informacje o zapisach s\u0105 ju\u017c dost\u0119pne na stronie Instytutu Filozoficzno-Teologicznego im. Edyty Stein:\u00a0<a rel=\"noreferrer noopener\" href=\"http:\/\/ift.zgora.pl\/\" target=\"_blank\">ift.zgora.pl<\/a>.<\/strong><br><\/li><li><strong>Wypominki za zmar\u0142ych w dni powszednie o godz. 17<sup>30<\/sup>\u00a0w niedziel\u0119 o godz. 18<sup>00<\/sup>.<\/strong>\u00a0Wypominki zako\u0144czymy w pi\u0105tek przed 1 niedziel\u0105 Adwentu.<br><\/li><li><strong>Przygotowanie doros\u0142ych \/od 21 roku \u017cycia\/ do Sakramentu Bierzmowania rozpocznie si\u0119 w niedziel\u0119 5XII<\/strong>\u00a0o godz. 17<sup>00\u00a0<\/sup>w szkole katolickiej par. \u015aw. J\u00f3zefa.<br><\/li><li><em>Dzi\u0119kujemy za ofiary na tac\u0119 i za przelewy na konto parafii. B\u00f3g Zap\u0142a\u0107. Numer konta bankowego parafii: 58 9673 0007 0000 0300 4864 0001<\/em><br><\/li><li><strong>Dzieci klas III po Mszy \u015bw. prosimy o pozostanie w ko\u015bciele po wpisy do dzienniczk\u00f3w; dzieci klas II i m\u0142odsze zapraszamy do kaplicy po naklejki z dzisiejszej ewangelii.<\/strong><br><\/li><li>Dzi\u0119kujemy 4 osobom\u00a0 zamieszka\u0142ej na<strong>\u00a0ul. Staszica nr 5<\/strong>\u00a0za sprz\u0105tanie ko\u015bcio\u0142a i ofiary na kwiaty. Msza \u015bw. za t\u0105 rodzin\u0119 27 XII o godz 7<sup>00<\/sup>.<br><strong>W sobot\u0119 o godz. 9<sup>00<\/sup>\u00a0do sprz\u0105tania ko\u015bcio\u0142a zapraszam wiernych zamieszka\u0142ych na ul. Staszica blok nr 7 i tych parafian, kt\u00f3rzy z r\u00f3\u017cnych przyczyn nie mogli przyj\u015b\u0107 w swoim terminie<\/strong>.<br><\/li><li>Zach\u0119camy do zakupu prasy katolickiej: Niedziela, Go\u015b\u0107 Niedzielny, Ma\u0142y Go\u015b\u0107 i G\u0142os \u015aw. J\u00f3zefa.<br><\/li><li>W minionym tygodniu z naszej parafii \u00a0zmarli: +Maria Maciejewska zam. iu. Fredry; +Bartosz Bortnowski zam. ul. Matejki; +Anna Jakubiszyn zam. ul. Matejki; +Stefania Murias zam. ul. Brzechwy<br>\u00a0<br>\u00a0<br>Pami\u0119tajmy o naszych zmar\u0142ych i zmar\u0142ych w czasie epidemii polecaj\u0105c ich Bo\u017cemu Mi\u0142osierdziu.<br>\u00a0<br><strong>Pozdrawiamy wszystkich chorych, przebywaj\u0105cych w izolacji i na kwarantannie, pami\u0119tamy o Was w modlitwie, \u017cycz\u0105c szybkiego powrotu do zdrowia.<\/strong><br><strong>Wszystkim parafianom\u00a0i go\u015bciom \u017cyczymy dobrej niedzieli i Bo\u017cego\u00a0 b\u0142ogos\u0142awie\u0144stwa.<\/strong><br><strong>\u00a0<\/strong><br><strong>\u00a0<\/strong><br><strong>Przypominamy i prosimy.<\/strong><br><strong>\u00a0<\/strong><br>1.   <strong>W chodz\u0105c do ko\u015bcio\u0142a\u00a0koniecznie dezynfekujemy r\u0119ce, musimy mie\u0107 zakryte usta i nos.<\/strong><br><strong>2.\u00a0\u00a0\u00a0\u00a0<\/strong>W \u0142awkach gdzie jest wy\u0142o\u017cona karta REZERWACJA nie siadamy.<br><strong>3.\u00a0\u00a0\u00a0\u00a0Przy wszystkich wej\u015bciach do ko\u015bcio\u0142a od s\u0105 ustawiane\u00a0bezdotykowe kropielnice z wod\u0105 \u015bwi\u0119con\u0105,\u00a0powracamy do tego egzorcyzmu &#8211; \u017cegnania si\u0119 wod\u0105 \u015bwi\u0119con\u0105.<\/strong><br><strong>4.\u00a0\u00a0\u00a0\u00a0Po spowiedzi,\u00a0spowiadaj\u0105cy si\u0119 odka\u017ca foli\u0119 na kratkach konfesjona\u0142u\u00a0spryskiwaczem znajduj\u0105cym si\u0119 przy konfesjonale.<\/strong><br><strong>5.\u00a0\u00a0\u00a0\u00a0Osoby chc\u0105ce przyj\u0105\u0107\u00a0Komuni\u0119 \u015bw. na r\u0119k\u0119\u00a0ustawiaj\u0105 si\u0119 w nawie g\u0142\u00f3wnej, na praw\u0105 d\u0142o\u0144 k\u0142ad\u0105 d\u0142o\u0144 lew\u0105 na kt\u00f3r\u0105 ksi\u0105dz k\u0142adzie Komuni\u0119 \u015bwi\u0119t\u0105, d\u0142oni\u0105\u00a0z\u00a0 pod spodu w obecno\u015bci kap\u0142ana wk\u0142adamy Komuni\u0119 \u015bw. do ust, sprawdzamy czy na d\u0142oni na kt\u00f3r\u0105 ksi\u0105dz z\u0142o\u017cy\u0142 Komuni\u0119 \u015bw. nie zosta\u0142y partyku\u0142y \/okruchy\/ , je\u017celi zosta\u0142y to trzeba Je spo\u017cy\u0107.<\/strong><br><strong>Komunia \u015bw. przyjmowana do ust, jest udzielana przy balaskach i w kaplicy<\/strong><br><em>7.\u00a0\u00a0\u00a0\u00a0Zapraszamy na modlitw\u0119 o ustanie pandemii codziennie: Koronka do Bo\u017cego Mi\u0142osierdzia o godz. 15<sup>00<\/sup>\u00a0w kaplicy a o godz. 17<sup>30<\/sup>\u00a0do wsp\u00f3lnej modlitwy r\u00f3\u017ca\u0144cowej.<\/em><br><em>8.\u00a0\u00a0\u00a0\u00a0W kaplicy naszego ko\u015bcio\u0142a trwa ca\u0142odniowa Adoracja Naj\u015bwi\u0119tszego Sakramentu w niedziel\u0119 od godz. 15<sup>00<\/sup>\u00a0a w dni powszednie po Mszy \u015bw. porannej do Mszy \u015bw. wieczornej.<\/em><br><strong><em>9.\u00a0\u00a0\u00a0\u00a0<\/em><\/strong>Kancelaria czynna w poniedzia\u0142ek i w sobot\u0119 od godz. 17<sup>00<\/sup>\u00a0do godz. 18<sup>00<\/sup><\/li><\/ol>\n\n\n\n<p><\/p>\n\n\n\n<p><\/p>\n","protected":false},"excerpt":{"rendered":"","protected":false},"author":1,"featured_media":3316,"comment_status":"closed","ping_status":"closed","sticky":false,"template":"","format":"standard","meta":{"_lmt_disableupdate":"","_lmt_disable":"","footnotes":""},"categories":[19],"tags":[],"class_list":["post-4244","post","type-post","status-publish","format-standard","has-post-thumbnail","hentry","category-ogloszenia"],"_links":{"self":[{"href":"https:\/\/swiety-jozef.pl\/index.php\/wp-json\/wp\/v2\/posts\/4244","targetHints":{"allow":["GET"]}}],"collection":[{"href":"https:\/\/swiety-jozef.pl\/index.php\/wp-json\/wp\/v2\/posts"}],"about":[{"href":"https:\/\/swiety-jozef.pl\/index.php\/wp-json\/wp\/v2\/types\/post"}],"author":[{"embeddable":true,"href":"https:\/\/swiety-jozef.pl\/index.php\/wp-json\/wp\/v2\/users\/1"}],"replies":[{"embeddable":true,"href":"https:\/\/swiety-jozef.pl\/index.php\/wp-json\/wp\/v2\/comments?post=4244"}],"version-history":[{"count":1,"href":"https:\/\/swiety-jozef.pl\/index.php\/wp-json\/wp\/v2\/posts\/4244\/revisions"}],"predecessor-version":[{"id":4245,"href":"https:\/\/swiety-jozef.pl\/index.php\/wp-json\/wp\/v2\/posts\/4244\/revisions\/4245"}],"wp:featuredmedia":[{"embeddable":true,"href":"https:\/\/swiety-jozef.pl\/index.php\/wp-json\/wp\/v2\/media\/3316"}],"wp:attachment":[{"href":"https:\/\/swiety-jozef.pl\/index.php\/wp-json\/wp\/v2\/media?parent=4244"}],"wp:term":[{"taxonomy":"category","embeddable":true,"href":"https:\/\/swiety-jozef.pl\/index.php\/wp-json\/wp\/v2\/categories?post=4244"},{"taxonomy":"post_tag","embeddable":true,"href":"https:\/\/swiety-jozef.pl\/index.php\/wp-json\/wp\/v2\/tags?post=4244"}],"curies":[{"name":"wp","href":"https:\/\/api.w.org\/{rel}","templated":true}]}}