{"id":4238,"date":"2022-03-16T02:38:34","date_gmt":"2022-03-16T01:38:34","guid":{"rendered":"https:\/\/swiety-jozef.pl\/?p=4238"},"modified":"2022-07-24T10:37:51","modified_gmt":"2022-07-24T08:37:51","slug":"intencje-mszalne-7-11-14-11-2021-r","status":"publish","type":"post","link":"https:\/\/swiety-jozef.pl\/index.php\/2022\/03\/16\/intencje-mszalne-7-11-14-11-2021-r\/","title":{"rendered":"Intencje Mszalne 7.11 &#8211; 14.11 2021 r."},"content":{"rendered":"\n<!--more-->\n\n\n\n<p><strong>Niedziela&nbsp;&nbsp;&nbsp;&nbsp;&nbsp;&nbsp;&nbsp; 07.11.2021r.&nbsp;&nbsp;<\/strong><\/p>\n\n\n\n<p>7<sup>30&nbsp; &nbsp; &nbsp; &nbsp; &nbsp;<\/sup>1. +Franciszka Jack\u00f3w 4r.\u015bm.<\/p>\n\n\n\n<p>&nbsp; &nbsp; &nbsp; &nbsp; &nbsp; &nbsp; &nbsp;2. ++cz\u0142onkinie z R\u00f3\u017cy Niepok. Pocz\u0119cia NMP i ich rodzin<\/p>\n\n\n\n<p>9<sup>30<\/sup>&nbsp;&nbsp;&nbsp;&nbsp;&nbsp;&nbsp; 1. +Albin \u015aliwi\u0144ski z ok. urodzin<\/p>\n\n\n\n<p>&nbsp;&nbsp;&nbsp;&nbsp;&nbsp;&nbsp;&nbsp;&nbsp;&nbsp;&nbsp;&nbsp; 2. ++Marianna i zm. z rodz.<\/p>\n\n\n\n<p>11<sup>00<\/sup>&nbsp; &nbsp; 1. ++ z rodz. Nowak i Jakubowczak<\/p>\n\n\n\n<p>&nbsp; &nbsp; &nbsp; &nbsp; &nbsp; &nbsp;2. +Paulina Pogoda &#8211; greg. 8<\/p>\n\n\n\n<p>12<sup>30&nbsp; &nbsp; &nbsp;<\/sup>1. w int. Emilia w 1 rocz. urodzin<\/p>\n\n\n\n<p>&nbsp;&nbsp;&nbsp;&nbsp;&nbsp;&nbsp;&nbsp;&nbsp;&nbsp;&nbsp;&nbsp; 2. w int. Mi\u0142osz Jakubiuk w 2 rocz. urodzin<\/p>\n\n\n\n<p><em>Chrzest: Lara Gr\u0119bowicz<\/em><\/p>\n\n\n\n<p>14<sup>00<\/sup>&nbsp; &nbsp; 1. ++Stanis\u0142aw Kope\u0107 5r.\u015bm., Pawe\u0142 Kot 8r.\u015bm.<\/p>\n\n\n\n<p>&nbsp;&nbsp;&nbsp;&nbsp;&nbsp;&nbsp;&nbsp;&nbsp;&nbsp;&nbsp;&nbsp; 2. +Kazimierz Jasku\u0142a 1 m-c po \u015bm.<\/p>\n\n\n\n<p>18<sup>30 &nbsp;&nbsp;&nbsp;&nbsp;&nbsp;&nbsp;&nbsp;<\/sup>++cz\u0142onk\u00f3w i sympatyk\u00f3w parafialnej orkiestry Fermata Band<\/p>\n\n\n\n<p><strong>Poniedzia\u0142ek&nbsp;&nbsp;&nbsp;&nbsp;&nbsp;&nbsp;&nbsp;&nbsp;&nbsp;&nbsp;&nbsp;&nbsp; 08.11.2021r.<\/strong><\/p>\n\n\n\n<p>7<sup>00&nbsp; &nbsp; &nbsp; &nbsp;&nbsp;<\/sup>1. ++cz\u0142onkinie z R\u00f3\u017cy MB Kr\u00f3lowej Pokoju i zm. z tych rodzin<\/p>\n\n\n\n<p>&nbsp;&nbsp;&nbsp;&nbsp;&nbsp;&nbsp;&nbsp;&nbsp;&nbsp;&nbsp;&nbsp; 2. ++Ludwik, Ma\u0142gorzata, Eugeniusz Kruszyk, siostra Dorota i Stanis\u0142aw Bartkowiak<\/p>\n\n\n\n<p>18<sup>00&nbsp; &nbsp; &nbsp;<\/sup>1. ++Jan, Anna, J\u00f3zefa, Bronis\u0142aw i zm. z rodz. Czeszczewik\u00f3w, &nbsp;&nbsp;&nbsp;&nbsp;&nbsp;&nbsp;&nbsp;&nbsp;&nbsp;&nbsp;&nbsp;&nbsp;&nbsp;&nbsp;&nbsp;&nbsp;&nbsp;&nbsp;&nbsp;&nbsp;&nbsp;&nbsp;&nbsp;&nbsp;&nbsp;&nbsp;&nbsp;&nbsp;&nbsp;Michalina, Antola, Jadwiga<\/p>\n\n\n\n<p>&nbsp;&nbsp;&nbsp;&nbsp;&nbsp;&nbsp;&nbsp;&nbsp;&nbsp;&nbsp; &nbsp;2. +Paulina Pogoda &#8211; greg. 8<\/p>\n\n\n\n<p><strong>Wtorek&nbsp;&nbsp;&nbsp;&nbsp;&nbsp;&nbsp;&nbsp;&nbsp;&nbsp; 09.11.2021r.<\/strong><\/p>\n\n\n\n<p>7<sup>00<\/sup>&nbsp;&nbsp;&nbsp;&nbsp;&nbsp;&nbsp; 1. w int. sprz\u0105t. k-\u0142 z ul. Arkadia, 1 osoba ch\u0119tna i ich rodzin<\/p>\n\n\n\n<p>&nbsp;&nbsp;&nbsp;&nbsp;&nbsp;&nbsp;&nbsp;&nbsp;&nbsp;&nbsp;&nbsp; 2. +Jacek Grzesiowski<\/p>\n\n\n\n<p>18<sup>00<\/sup>&nbsp;&nbsp;&nbsp;&nbsp; 1. +Paulina Pogoda &#8211; greg. 9<\/p>\n\n\n\n<p>&nbsp; &nbsp; &nbsp; &nbsp; &nbsp; &nbsp; 2. ++Kazimiera i Helena Matyjasik<\/p>\n\n\n\n<p><strong>\u015aroda&nbsp;&nbsp;&nbsp;&nbsp;&nbsp;&nbsp;&nbsp;&nbsp;&nbsp;&nbsp;&nbsp;&nbsp;&nbsp; 10.11.2021r.<\/strong><\/p>\n\n\n\n<p>7<sup>00<\/sup>&nbsp;&nbsp;&nbsp;&nbsp;&nbsp;&nbsp; 1. ++Anna, Stanis\u0142aw, Boles\u0142aw, Alojzy i zm. z rodz.<\/p>\n\n\n\n<p>&nbsp; &nbsp; &nbsp; &nbsp; &nbsp; &nbsp; 2. +Paulina Pogoda &#8211; greg. 10<\/p>\n\n\n\n<p>9<sup>50&nbsp;&nbsp;&nbsp;&nbsp;&nbsp;&nbsp;&nbsp;&nbsp;&nbsp;&nbsp;&nbsp;<\/sup>SP Katolik: w int. Zofia i Hieronim w 50 rocz. \u015blubu<\/p>\n\n\n\n<p>18<sup>00<\/sup>&nbsp;&nbsp;&nbsp;&nbsp; 1. ++cz\u0142onkinie z R\u00f3\u017cy MB Fatimskiej: Ewa Paw\u0142owska, Janina Gajcy, Anna Ho\u0142yn, Zofia Hajdukiewicz, Jadwiga Jamroszczyk<\/p>\n\n\n\n<p>&nbsp;&nbsp;&nbsp;&nbsp;&nbsp;&nbsp;&nbsp;&nbsp;&nbsp;&nbsp;&nbsp; 2. w int. Czcicieli Matki Bo\u017cej Nieustaj\u0105cej Pomocy<\/p>\n\n\n\n<p>&nbsp;&nbsp;&nbsp;&nbsp;&nbsp;&nbsp;&nbsp;&nbsp;&nbsp;&nbsp;&nbsp; 3. ++z R\u00f3\u017cy MB Nieustaj\u0105cej Pomocy: Maria Kami\u0144ska, Olga Komar, Jadwiga Kmiecik, Irena \u0106wi\u0119czek<\/p>\n\n\n\n<p><strong>Czwartek &nbsp;&nbsp;&nbsp;&nbsp;&nbsp; 11.11.2021r.<\/strong><\/p>\n\n\n\n<p>7<sup>00<\/sup>&nbsp;&nbsp;&nbsp;&nbsp;&nbsp;&nbsp; 1. +Roman Heli\u0144ski<\/p>\n\n\n\n<p>&nbsp; &nbsp; &nbsp; &nbsp; &nbsp; &nbsp; &nbsp;2. +Paulina Pogoda &#8211; greg. 11<\/p>\n\n\n\n<p>10<sup>00<\/sup>&nbsp;&nbsp;&nbsp;&nbsp; w int. Ojczyzny<\/p>\n\n\n\n<p>18<sup>00<\/sup>&nbsp;&nbsp;&nbsp;&nbsp; 1.&nbsp;++cz\u0142onki\u0144 z R\u00f3\u017cy \u015bw. Jadwigi i z ich rodzin<\/p>\n\n\n\n<p>&nbsp; &nbsp; &nbsp; &nbsp; &nbsp; &nbsp; 2.++Eugeniusz Ejkiewicz, J\u00f3zefa, Krzysztof Wareluk, Andrzej Geneja 1r.\u015bm.<\/p>\n\n\n\n<p><strong>Pi\u0105tek &nbsp;&nbsp;&nbsp;&nbsp;&nbsp;&nbsp;&nbsp;&nbsp;&nbsp;&nbsp;&nbsp; 12.11.2021r.<\/strong><\/p>\n\n\n\n<p>7<sup>00<\/sup>&nbsp;&nbsp;&nbsp;&nbsp;&nbsp;&nbsp; 1. +Jerzy Koz\u0142owski<\/p>\n\n\n\n<p>&nbsp;&nbsp;&nbsp;&nbsp;&nbsp;&nbsp;&nbsp;&nbsp;&nbsp;&nbsp;&nbsp; 2. +Paulina Pogoda &#8211; greg. 12<\/p>\n\n\n\n<p>18<sup>00<\/sup>&nbsp;&nbsp;&nbsp;&nbsp; 1. Dz-b\u0142. w int. Micha\u0142 w 40 rocz. urodzin o Bo\u017ce b\u0142og. dla niego i ca\u0142ej rodziny<\/p>\n\n\n\n<p>&nbsp;&nbsp;&nbsp;&nbsp;&nbsp;&nbsp;&nbsp;&nbsp;&nbsp;&nbsp;&nbsp; 2. ++Antoni, Maria, Czes\u0142aw Wierzbi\u0144scy<\/p>\n\n\n\n<p>&nbsp;&nbsp;&nbsp;&nbsp;&nbsp;&nbsp;&nbsp;&nbsp;&nbsp;&nbsp;&nbsp; 3. ++Anna Zielant, Jan, Kazimiera Cis\u0142o<\/p>\n\n\n\n<p><strong>Sobota &nbsp;&nbsp;&nbsp;&nbsp;&nbsp;&nbsp;&nbsp;&nbsp;&nbsp;&nbsp; 13.11.2021r.<\/strong><\/p>\n\n\n\n<p>7<sup>00<\/sup>&nbsp;&nbsp;&nbsp;&nbsp;&nbsp;&nbsp; 1. ++ z rodz. Micha\u0142owskich i Walendowskich<\/p>\n\n\n\n<p>&nbsp;&nbsp;&nbsp;&nbsp;&nbsp;&nbsp;&nbsp;&nbsp;&nbsp;&nbsp;&nbsp; 2. +Paulina Pogoda &#8211; greg. 13<\/p>\n\n\n\n<p>18<sup>00<\/sup>&nbsp;&nbsp;&nbsp;&nbsp; 1. w int. Aneta \u015awieczkowska w 50 rocz. urodzin &#8211; int. od rodzic\u00f3w<\/p>\n\n\n\n<p>&nbsp; &nbsp; &nbsp; &nbsp; &nbsp; &nbsp; 2. +Stanis\u0142aw Cyran z ok. urodzin<\/p>\n\n\n\n<p><strong>Niedziela&nbsp;&nbsp;&nbsp;&nbsp;&nbsp;&nbsp;&nbsp; 14.11.2021r.&nbsp;&nbsp;<\/strong><\/p>\n\n\n\n<p>7<sup>30&nbsp;&nbsp;&nbsp;&nbsp;&nbsp;&nbsp;&nbsp;&nbsp;&nbsp;<\/sup>1. ++Stanis\u0142aw 40r.\u015bm., Marta, Gertruda, Jan, Aniela, Janina i zm. z tych rodzin<\/p>\n\n\n\n<p>&nbsp; &nbsp; &nbsp; &nbsp; &nbsp; &nbsp; 2. ++Zofia Grzelka 1r.\u015bm. i zm.z rodz<\/p>\n\n\n\n<p>9<sup>30<\/sup>&nbsp;&nbsp;&nbsp;&nbsp;&nbsp;&nbsp; 1. ++Teresa Bier\u0142a i Cyryl Wo\u017aniak<\/p>\n\n\n\n<p>&nbsp;&nbsp;&nbsp;&nbsp;&nbsp;&nbsp;&nbsp;&nbsp;&nbsp;&nbsp;&nbsp; 2. +Mieczys\u0142aw Kaczy\u0144ski<\/p>\n\n\n\n<p>11<sup>00<\/sup>&nbsp;&nbsp;&nbsp;&nbsp; 1. ++Dorota i Zdzis\u0142aw Zawierucha<\/p>\n\n\n\n<p>&nbsp; &nbsp; &nbsp; &nbsp; &nbsp; &nbsp; 2. +Paulina Pogoda &#8211; greg. 14<\/p>\n\n\n\n<p>12<sup>30&nbsp; &nbsp; &nbsp;&nbsp;<\/sup>1. ++Stanis\u0142awa Kuliczkowska 2r.\u015bm. i zm. z rodz. W\u0142adys\u0142aw, Boles\u0142aw, Kazimierz, Maria<\/p>\n\n\n\n<p>&nbsp;&nbsp;&nbsp;&nbsp;&nbsp;&nbsp;&nbsp;&nbsp;&nbsp;&nbsp;&nbsp; 2. +\u0141ucja Olbert 1r.\u015bm.<\/p>\n\n\n\n<p><em>Chrzest: Oliwia Do\u0142asi\u0144ska<\/em><\/p>\n\n\n\n<p>14<sup>00<\/sup>&nbsp;&nbsp;&nbsp;&nbsp; ++cz\u0142onkinie z R\u00f3\u017cy MB Klenickiej Barbara Plas, Ewa Stronka, Zofia Grzelka, Danuta Bazikowska<\/p>\n\n\n\n<p>18<sup>30 &nbsp;&nbsp;&nbsp;&nbsp;&nbsp;&nbsp;&nbsp;<\/sup>+Ks. Jan Bielachowicz w 66 r. ur. &#8211; int. od brata Jerzego<\/p>\n","protected":false},"excerpt":{"rendered":"","protected":false},"author":1,"featured_media":4429,"comment_status":"closed","ping_status":"closed","sticky":false,"template":"","format":"standard","meta":{"_lmt_disableupdate":"","_lmt_disable":"","footnotes":""},"categories":[20],"tags":[],"class_list":["post-4238","post","type-post","status-publish","format-standard","has-post-thumbnail","hentry","category-intencje"],"_links":{"self":[{"href":"https:\/\/swiety-jozef.pl\/index.php\/wp-json\/wp\/v2\/posts\/4238","targetHints":{"allow":["GET"]}}],"collection":[{"href":"https:\/\/swiety-jozef.pl\/index.php\/wp-json\/wp\/v2\/posts"}],"about":[{"href":"https:\/\/swiety-jozef.pl\/index.php\/wp-json\/wp\/v2\/types\/post"}],"author":[{"embeddable":true,"href":"https:\/\/swiety-jozef.pl\/index.php\/wp-json\/wp\/v2\/users\/1"}],"replies":[{"embeddable":true,"href":"https:\/\/swiety-jozef.pl\/index.php\/wp-json\/wp\/v2\/comments?post=4238"}],"version-history":[{"count":1,"href":"https:\/\/swiety-jozef.pl\/index.php\/wp-json\/wp\/v2\/posts\/4238\/revisions"}],"predecessor-version":[{"id":4239,"href":"https:\/\/swiety-jozef.pl\/index.php\/wp-json\/wp\/v2\/posts\/4238\/revisions\/4239"}],"wp:featuredmedia":[{"embeddable":true,"href":"https:\/\/swiety-jozef.pl\/index.php\/wp-json\/wp\/v2\/media\/4429"}],"wp:attachment":[{"href":"https:\/\/swiety-jozef.pl\/index.php\/wp-json\/wp\/v2\/media?parent=4238"}],"wp:term":[{"taxonomy":"category","embeddable":true,"href":"https:\/\/swiety-jozef.pl\/index.php\/wp-json\/wp\/v2\/categories?post=4238"},{"taxonomy":"post_tag","embeddable":true,"href":"https:\/\/swiety-jozef.pl\/index.php\/wp-json\/wp\/v2\/tags?post=4238"}],"curies":[{"name":"wp","href":"https:\/\/api.w.org\/{rel}","templated":true}]}}