{"id":4228,"date":"2022-03-16T02:21:30","date_gmt":"2022-03-16T01:21:30","guid":{"rendered":"https:\/\/swiety-jozef.pl\/?p=4228"},"modified":"2022-03-16T02:21:32","modified_gmt":"2022-03-16T01:21:32","slug":"ogloszenia-duszpasterskie-31-10-2021-r","status":"publish","type":"post","link":"https:\/\/swiety-jozef.pl\/index.php\/2022\/03\/16\/ogloszenia-duszpasterskie-31-10-2021-r\/","title":{"rendered":"Og\u0142oszenia duszpasterskie 31.10.2021 r."},"content":{"rendered":"\n<!--more-->\n\n\n\n<p class=\"has-text-align-right\"><strong>Nowa S\u00f3l 31 X 2021<\/strong><\/p>\n\n\n\n<h4 class=\"has-text-align-center wp-block-heading\">Og\u0142oszenia duszpasterskie<br>XXXI Niedziela okresu zwyk\u0142ego<\/h4>\n\n\n\n<p><strong>1. Dzisiaj 31 niedziela okresu zwyk\u0142ego.<\/strong><\/p>\n\n\n\n<p><strong>2. Dzisiaj zako\u0144czenie nabo\u017ce\u0144stwa r\u00f3\u017ca\u0144cowego, dzi\u0119kujemy dzieciom, m\u0142odzie\u017cy i doros\u0142ym za wsp\u00f3ln\u0105 modlitw\u0119 r\u00f3\u017ca\u0144cow\u0105.<\/strong><\/p>\n\n\n\n<p><strong>3. W poniedzia\u0142ek \u2013 1 listopada \u2013 uroczysto\u015b\u0107 Wszystkich \u015awi\u0119tych. Jest to \u015bwi\u0119to ko\u015bcielnie obowi\u0105zuj\u0105ce, mamy obowi\u0105zek uczestniczenia we Mszy \u015bw.&nbsp; &nbsp; &nbsp; Msze \u015bw. w naszym ko\u015bciele b\u0119d\u0105 odprawiane w porz\u0105dku niedzielnym \u2013 nie b\u0119dzie tylko Mszy \u015bw. o 14 \u2013 tej.<\/strong><br><br><strong>4. Na cmentarzach Msze \u015bw. w Uroczysto\u015b\u0107 Wszystkich \u015awi\u0119tych<\/strong>&nbsp;b\u0119d\u0105 odprawiane:<\/p>\n\n\n\n<p><strong>a\/&nbsp;nowy cmentarz w Otyniu&nbsp;\u2013 Msza \u015bw. o godz. 11<\/strong><strong><sup>00<\/sup><\/strong><\/p>\n\n\n\n<p><strong>b\/&nbsp;cmentarz na Starym \u017babnie&nbsp;\u2013 Msza \u015bw. o godz. 13<\/strong><strong><sup>00<\/sup><\/strong><\/p>\n\n\n\n<p><strong>c\/&nbsp;stary cmentarz przy ul. Wandy&nbsp;\u2013 Msza \u015bw. i procesja z R\u00f3\u017ca\u0144cem za zmar\u0142ych o godz. 14<\/strong><strong><sup>30<\/sup><\/strong><strong>.<\/strong><\/p>\n\n\n\n<p><strong>5.&nbsp;&nbsp;<\/strong><strong>We wtorek 2 XI \u2013 Dzie\u0144 Zaduszny<\/strong>&nbsp;<strong>czyli wspomnienie wszystkich wiernych zmar\u0142ych \u2013 dzie\u0144 szczeg\u00f3lnej pomocy duszom w czy\u015b\u0107cu cierpi\u0105cym.<\/strong><\/p>\n\n\n\n<p><strong>Msze \u015bw. w Dzie\u0144 Zaduszny o godz. 7<\/strong><strong><sup>00&nbsp;<\/sup><\/strong><strong>,&nbsp;<\/strong><strong>9<\/strong><strong><sup>00<\/sup><\/strong><strong>, 18<\/strong><strong><sup>00<\/sup><\/strong><\/p>\n\n\n\n<p><strong>6.&nbsp;&nbsp;<\/strong><strong>Wypominki za zmar\u0142ych w dni powszednie o godz. 17<\/strong><strong><sup>30&nbsp;<\/sup><\/strong><strong>w niedziel\u0119 o godz. 18<\/strong><strong><sup>00<\/sup><\/strong><\/p>\n\n\n\n<p><strong>7.&nbsp;&nbsp;<\/strong><strong>Kartki wspominkowe s\u0105 wy\u0142o\u017cone na stolikach przy wyj\u015bciu z ko\u015bcio\u0142a.<\/strong>&nbsp;Ofiary sk\u0142adane przy okazji wypominek s\u0105 przeznaczone na potrzeby&nbsp; &nbsp; &nbsp; &nbsp; &nbsp; &nbsp; &nbsp; &nbsp; &nbsp; &nbsp; &nbsp; &nbsp; &nbsp; &nbsp; &nbsp; &nbsp; &nbsp;parafii.&nbsp;&nbsp;<strong>Wypominki ca\u0142oroczne sk\u0142adamy wy\u0142\u0105cznie w zakrystii.<\/strong><\/p>\n\n\n\n<p><strong>8.&nbsp;&nbsp;<\/strong><strong>Odpusty za zmar\u0142ych:&nbsp;<\/strong><strong>Osiem razy \/dla o\u015bmiu os\u00f3b\/ w ci\u0105gu ca\u0142ego tego miesi\u0105ca, w dowolnie wybrane przez siebie dni,&nbsp;<\/strong><strong>mo\u017cemy&nbsp;<\/strong><strong>uzyska\u0107 odpust&nbsp; &nbsp; &nbsp; &nbsp; &nbsp; &nbsp; &nbsp; &nbsp; &nbsp; &nbsp;zupe\u0142ny. Do uzyskania odpustu konieczne jest: modl\u0105c za zmar\u0142ych,&nbsp;<\/strong><strong>nawiedzenie &nbsp;cmentarza,&nbsp;<\/strong><strong>spowied\u017a sakramentalna lub stan bez grzechu, przyj\u0119cie&nbsp; &nbsp; &nbsp; &nbsp; &nbsp;Komunii \u015awi\u0119tej i odm\u00f3wienie dowolnej modlitwy w intencjach Ojca \u015awi\u0119tego<\/strong><strong>.<\/strong><\/p>\n\n\n\n<p><strong>11. W \u015brod\u0119 o godz. 18<sup>00&nbsp;<\/sup>Nowenna do Matki Bo\u017cej Nieustaj\u0105cej Pomocy i \u015bw. J\u00f3zefa.<\/strong><\/p>\n\n\n\n<p><strong>12. W tym tygodni I Czwartek, I Pi\u0105tek i I Sobota miesi\u0105ca<\/strong><\/p>\n\n\n\n<p><strong>&#8211; w czwartek spotkanie Przyjaci\u00f3\u0142 Parady\u017ca: od godz. 17<sup>00<\/sup>&nbsp;Adoracja Naj\u015bwi\u0119tszego Sakramentu, po Mszy \u015bw. spotkanie formacyjne na plebanii<\/strong><\/p>\n\n\n\n<p><strong>&#8211; W pi\u0105tek od godz. 15<sup>00<\/sup>&nbsp;\u2013 Godzina Mi\u0142osierdzia i Adoracja Naj\u015bwi\u0119tszego Sakramentu z nabo\u017ce\u0144stwem wynagradzaj\u0105cym. O godz. 18<sup>00<\/sup>&nbsp;Msza \u015bw. ku czci Naj\u015bwi\u0119tszego Serca P. Jezusa.<\/strong><\/p>\n\n\n\n<p><strong>&#8211; Spowied\u017a \u015bw. pierwszopi\u0105tkowa w pi\u0105tek od godz. 15<sup>00<\/sup>&nbsp;do 18<sup>00<\/sup><\/strong><br><strong>&#8211; W sobot\u0119 zapraszamy na Nabo\u017ce\u0144stwo Pierwszych Sob\u00f3t. Rozpoczniemy wystawieniem Naj\u015bwi\u0119tszego Sakramentu o godz. 17<sup>00<\/sup>&nbsp;odm\u00f3wimy 2 cz\u0119\u015bci r\u00f3\u017ca\u0144ca,&nbsp; o godz. 18<sup>00<\/sup>&nbsp;Msza \u015bw.<\/strong><\/p>\n\n\n\n<p><strong>13. W sobot\u0119<\/strong>&nbsp;o<strong>dwiedzimy chorych z pos\u0142ug\u0105&nbsp; sakramentaln\u0105&nbsp;<\/strong>Nowych chorych mo\u017cna zg\u0142asza\u0107 w zakrystii.<\/p>\n\n\n\n<p><strong>14. Dzieci klas III po Mszy \u015bw. prosimy o pozostanie w ko\u015bciele po wpisy do dzienniczk\u00f3w; dzieci klas II i m\u0142odsze zapraszamy do kaplicy po naklejki z&nbsp; &nbsp; &nbsp; &nbsp; &nbsp; &nbsp; &nbsp; &nbsp; dzisiejszej ewangelii.<\/strong><br><strong>15. W przysz\u0142\u0105 niedziele zmiana tajemnic \u017bywego R\u00f3\u017ca\u0144ca po Mszy \u015bw. o godz. 7<sup>30<\/sup><\/strong>&nbsp;Zapraszamy do w\u0142\u0105czenia si\u0119 w modlitw\u0119 \u017bywego R\u00f3\u017ca\u0144ca.<\/p>\n\n\n\n<p><strong>16. W przysz\u0142\u0105 niedziele po Mszy \u015bw. o godz. 18<sup>30<\/sup>&nbsp;nauka dla rodzic\u00f3w i chrzestnych przed sakramentem chrztu \u015bw. dzieci.<\/strong><\/p>\n\n\n\n<p><em>17. Dzi\u0119kujemy za ofiary na tac\u0119 i za przelewy na konto parafii. B\u00f3g Zap\u0142a\u0107. Numer konta bankowego parafii: 58 9673 0007 0000 0300 4864 0001<\/em><\/p>\n\n\n\n<p><strong>18<\/strong><strong>. Dzi\u0119kujemy 4 osobom &nbsp;zamieszka\u0142ym na ul. Fredry nr 7, jednej z nr. 8<\/strong><strong>&nbsp;i 1 osobie ch\u0119tnej&nbsp;<\/strong><strong>za sprz\u0105tanie ko\u015bcio\u0142a i ofiary na kwiaty. Msza \u015bw. za te rodziny&nbsp; &nbsp; &nbsp; &nbsp; 17 XII o godz 6<sup>30<\/sup>.<\/strong><\/p>\n\n\n\n<p><strong>19. W sobot\u0119 o godz. 9<sup>00<\/sup>&nbsp;do sprz\u0105tania ko\u015bcio\u0142a zapraszam wiernych zamieszka\u0142ych na ul. Fredry blok nr 8 i tych parafian, kt\u00f3rzy z r\u00f3\u017cnych przyczyn nie&nbsp; &nbsp; &nbsp; &nbsp; &nbsp; mogli przyj\u015b\u0107 w swoim terminie<\/strong><strong>.<\/strong><br><strong>20. Zach\u0119camy do zakupu prasy katolickiej: Niedziela, Go\u015b\u0107 Niedzielny, Ma\u0142y Go\u015b\u0107 i G\u0142os \u015aw. J\u00f3zefa<\/strong><br><strong>21. W minionym tygodniu z naszej parafii zmarli: +W\u0142odzimierz Tomal zam. ul Fredry; +Helena Salamo\u0144czyk zam. ul Fredry<\/strong><br>&nbsp;<\/p>\n\n\n\n<p>Pami\u0119tajmy o naszych zmar\u0142ych i zmar\u0142ych w czasie epidemii polecaj\u0105c ich Bo\u017cemu Mi\u0142osierdziu.<\/p>\n\n\n\n<p><strong>Pozdrawiamy wszystkich chorych, przebywaj\u0105cych w izolacji i na kwarantannie, pami\u0119tamy o Was w modlitwie, \u017cycz\u0105c szybkiego powrotu do zdrowia.<\/strong><\/p>\n\n\n\n<p><strong>Wszystkim parafianom<\/strong><strong>&nbsp;i go\u015bciom \u017cyczymy dobrej niedzieli i Bo\u017cego&nbsp; b\u0142ogos\u0142awie\u0144stwa.<\/strong><\/p>\n\n\n\n<p><\/p>\n\n\n\n<p><strong>Przypominamy i prosimy.<\/strong><\/p>\n\n\n\n<p><\/p>\n\n\n\n<p><strong>1.W chodz\u0105c do ko\u015bcio\u0142a\u00a0koniecznie dezynfekujemy r\u0119ce, musimy mie\u0107 zakryte usta i nos.<\/strong><\/p>\n\n\n\n<p>2. W \u0142awkach gdzie jest wy\u0142o\u017cona karta REZERWACJA nie siadamy.<\/p>\n\n\n\n<p><strong>3. Przy wszystkich wej\u015bciach do ko\u015bcio\u0142a od s\u0105 ustawiane&nbsp;bezdotykowe kropielnice z wod\u0105 \u015bwi\u0119con\u0105,&nbsp;powracamy do tego egzorcyzmu &#8211; \u017cegnania si\u0119 wod\u0105 \u015bwi\u0119con\u0105.<\/strong><\/p>\n\n\n\n<p><strong>4. Po spowiedzi,&nbsp;spowiadaj\u0105cy si\u0119 odka\u017ca foli\u0119 na kratkach konfesjona\u0142u&nbsp;spryskiwaczem znajduj\u0105cym si\u0119 przy konfesjonale.<\/strong><\/p>\n\n\n\n<p><strong>5. Osoby chc\u0105ce przyj\u0105\u0107&nbsp;Komuni\u0119 \u015bw. na r\u0119k\u0119&nbsp;ustawiaj\u0105 si\u0119 w nawie g\u0142\u00f3wnej, na praw\u0105 d\u0142o\u0144 k\u0142ad\u0105 d\u0142o\u0144 lew\u0105 na kt\u00f3r\u0105 ksi\u0105dz k\u0142adzie Komuni\u0119 \u015bwi\u0119t\u0105, d\u0142oni\u0105&nbsp;z&nbsp; pod spodu w obecno\u015bci kap\u0142ana wk\u0142adamy Komuni\u0119 \u015bw. do ust, sprawdzamy czy na d\u0142oni na kt\u00f3r\u0105 ksi\u0105dz z\u0142o\u017cy\u0142 Komuni\u0119 \u015bw. nie zosta\u0142y partyku\u0142y \/okruchy\/ , je\u017celi zosta\u0142y to trzeba Je spo\u017cy\u0107.<\/strong><\/p>\n\n\n\n<p><strong>6. Komunia \u015bw. przyjmowana do ust, jest udzielana przy balaskach i w kaplicy<\/strong><\/p>\n\n\n\n<p><em>7. Zapraszamy na modlitw\u0119 o ustanie pandemii codziennie: Koronka do Bo\u017cego Mi\u0142osierdzia o godz. 15<sup>00<\/sup>&nbsp;w kaplicy a o godz. 17<sup>30<\/sup>&nbsp;do wsp\u00f3lnej modlitwy r\u00f3\u017ca\u0144cowej.<\/em><\/p>\n\n\n\n<p><em>8. W kaplicy naszego ko\u015bcio\u0142a trwa ca\u0142odniowa Adoracja Naj\u015bwi\u0119tszego Sakramentu w niedziel\u0119 od godz. 15<sup>00<\/sup>&nbsp;a w dni powszednie po Mszy \u015bw. porannej do Mszy \u015bw. wieczornej.<\/em><\/p>\n\n\n\n<p>9. Kancelaria czynna w poniedzia\u0142ek i w sobot\u0119 od godz. 17<sup>00<\/sup>&nbsp;do godz. 18<sup>00<\/sup><\/p>\n","protected":false},"excerpt":{"rendered":"","protected":false},"author":1,"featured_media":3316,"comment_status":"closed","ping_status":"closed","sticky":false,"template":"","format":"standard","meta":{"_lmt_disableupdate":"","_lmt_disable":"","footnotes":""},"categories":[19],"tags":[],"class_list":["post-4228","post","type-post","status-publish","format-standard","has-post-thumbnail","hentry","category-ogloszenia"],"_links":{"self":[{"href":"https:\/\/swiety-jozef.pl\/index.php\/wp-json\/wp\/v2\/posts\/4228","targetHints":{"allow":["GET"]}}],"collection":[{"href":"https:\/\/swiety-jozef.pl\/index.php\/wp-json\/wp\/v2\/posts"}],"about":[{"href":"https:\/\/swiety-jozef.pl\/index.php\/wp-json\/wp\/v2\/types\/post"}],"author":[{"embeddable":true,"href":"https:\/\/swiety-jozef.pl\/index.php\/wp-json\/wp\/v2\/users\/1"}],"replies":[{"embeddable":true,"href":"https:\/\/swiety-jozef.pl\/index.php\/wp-json\/wp\/v2\/comments?post=4228"}],"version-history":[{"count":1,"href":"https:\/\/swiety-jozef.pl\/index.php\/wp-json\/wp\/v2\/posts\/4228\/revisions"}],"predecessor-version":[{"id":4229,"href":"https:\/\/swiety-jozef.pl\/index.php\/wp-json\/wp\/v2\/posts\/4228\/revisions\/4229"}],"wp:featuredmedia":[{"embeddable":true,"href":"https:\/\/swiety-jozef.pl\/index.php\/wp-json\/wp\/v2\/media\/3316"}],"wp:attachment":[{"href":"https:\/\/swiety-jozef.pl\/index.php\/wp-json\/wp\/v2\/media?parent=4228"}],"wp:term":[{"taxonomy":"category","embeddable":true,"href":"https:\/\/swiety-jozef.pl\/index.php\/wp-json\/wp\/v2\/categories?post=4228"},{"taxonomy":"post_tag","embeddable":true,"href":"https:\/\/swiety-jozef.pl\/index.php\/wp-json\/wp\/v2\/tags?post=4228"}],"curies":[{"name":"wp","href":"https:\/\/api.w.org\/{rel}","templated":true}]}}