{"id":4217,"date":"2022-03-16T01:51:57","date_gmt":"2022-03-16T00:51:57","guid":{"rendered":"https:\/\/swiety-jozef.pl\/?p=4217"},"modified":"2022-07-24T10:33:54","modified_gmt":"2022-07-24T08:33:54","slug":"intencje-mszalne-11-17-10-2021-r","status":"publish","type":"post","link":"https:\/\/swiety-jozef.pl\/index.php\/2022\/03\/16\/intencje-mszalne-11-17-10-2021-r\/","title":{"rendered":"Intencje Mszalne 11 &#8211; 17.10 2021 r."},"content":{"rendered":"\n<!--more-->\n\n\n\n<p><strong>Poniedzia\u0142ek&nbsp;&nbsp;&nbsp;&nbsp;&nbsp;&nbsp;&nbsp;&nbsp;&nbsp;&nbsp;&nbsp;&nbsp; 11.10.2021r.<\/strong><\/p>\n\n\n\n<p>7<sup>00<\/sup>&nbsp;&nbsp;&nbsp;&nbsp;&nbsp;&nbsp; 1. +W\u0142adys\u0142aw Kaniuka &#8211; greg. 11<\/p>\n\n\n\n<p>&nbsp;&nbsp;&nbsp;&nbsp;&nbsp;&nbsp;&nbsp;&nbsp;&nbsp;&nbsp;&nbsp; 2. +Marek Kasper &#8211; greg. 11<\/p>\n\n\n\n<p>18<sup>00&nbsp; &nbsp; &nbsp;&nbsp;<\/sup>1. ++Zofia Drobnik 14r.\u015bm., Marianna Bia\u0142as 36r.\u015bm. i zm. z rodz. Drobnik\u00f3w i Bia\u0142as\u00f3w<\/p>\n\n\n\n<p>&nbsp;&nbsp;&nbsp;&nbsp;&nbsp;&nbsp;&nbsp;&nbsp;&nbsp;&nbsp;&nbsp; 2. ++Joanna i Andrzej Koz\u0142owscy oraz Edward<\/p>\n\n\n\n<p><strong>Wtorek&nbsp;&nbsp;&nbsp;&nbsp;&nbsp;&nbsp;&nbsp;&nbsp;&nbsp; 12.10.2021r.<\/strong><\/p>\n\n\n\n<p>7<sup>00<\/sup>&nbsp; &nbsp; &nbsp; &nbsp; 1. +W\u0142adys\u0142aw Kaniuka &#8211; greg. 12<\/p>\n\n\n\n<p>&nbsp; &nbsp; &nbsp; &nbsp; &nbsp; &nbsp; &nbsp;2. +Marek Kasper &#8211; greg. 12<\/p>\n\n\n\n<p>7<sup>30&nbsp;&nbsp;&nbsp;&nbsp;&nbsp;&nbsp;&nbsp;&nbsp;&nbsp;&nbsp;<\/sup>Pogrzebowa: +Jolanta Dzikowska&nbsp;&nbsp;&nbsp;&nbsp;&nbsp; pogrzeb ul. Wandy 12<sup>00<\/sup><\/p>\n\n\n\n<p>18<sup>00<\/sup>&nbsp;&nbsp;&nbsp;&nbsp; 1. +Jadwiga Siluk z ok. imienin<\/p>\n\n\n\n<p>&nbsp; &nbsp; &nbsp; &nbsp; &nbsp; &nbsp; 2. ++Zofia Reizner 5r.\u015bm. i jej rodzice<\/p>\n\n\n\n<p><strong>\u015aroda&nbsp;&nbsp;&nbsp;&nbsp;&nbsp;&nbsp;&nbsp;&nbsp;&nbsp;&nbsp;&nbsp;&nbsp; 13.10.2021r.<\/strong><\/p>\n\n\n\n<p>7<sup>00<\/sup>&nbsp;&nbsp;&nbsp;&nbsp;&nbsp;&nbsp; 1. +W\u0142adys\u0142aw Kaniuka &#8211; greg. 13<\/p>\n\n\n\n<p>&nbsp;&nbsp;&nbsp;&nbsp;&nbsp;&nbsp;&nbsp;&nbsp;&nbsp;&nbsp;&nbsp; 2. +Katarzyna Grzegorzewicz 9r.\u015bm.<\/p>\n\n\n\n<p>&nbsp;&nbsp;&nbsp;&nbsp;&nbsp;&nbsp;&nbsp;&nbsp;&nbsp;&nbsp;&nbsp; 3. ++Franciszka Janusz 49r.\u015bm. i zm. z rodz.<\/p>\n\n\n\n<p>9<sup>50&nbsp;&nbsp;&nbsp;&nbsp;&nbsp;&nbsp;&nbsp;&nbsp;&nbsp;&nbsp;<\/sup>SP Katolik: +Marek Kasper &#8211; greg. 13<\/p>\n\n\n\n<p>18<sup>00<\/sup>&nbsp; &nbsp; 1. w int. Czcicieli Matki Bo\u017cej Nieustaj\u0105cej Pomocy<\/p>\n\n\n\n<p>&nbsp;&nbsp;&nbsp;&nbsp;&nbsp;&nbsp;&nbsp;&nbsp;&nbsp;&nbsp;&nbsp; 2. w int. Si\u00f3str S\u0142ug Jezusa &#8211; int. od \u017bywego R\u00f3\u017ca\u0144ca<\/p>\n\n\n\n<p>&nbsp;&nbsp;&nbsp;&nbsp;&nbsp;&nbsp;&nbsp;&nbsp;&nbsp;&nbsp;&nbsp; 3. ++Helena Bach 33r.\u015bm. i jej m\u0105\u017c J\u00f3zef<\/p>\n\n\n\n<p><strong>Czwartek &nbsp;&nbsp;&nbsp;&nbsp;&nbsp; 14.10.2021r.<\/strong><\/p>\n\n\n\n<p>7<sup>00<\/sup>&nbsp;&nbsp;&nbsp;&nbsp;&nbsp;&nbsp; 1. +W\u0142adys\u0142aw Kaniuka &#8211; greg. 14<\/p>\n\n\n\n<p>&nbsp;&nbsp;&nbsp;&nbsp;&nbsp;&nbsp;&nbsp;&nbsp;&nbsp;&nbsp;&nbsp; 2. +Marek Kasper &#8211; greg. 14<\/p>\n\n\n\n<p>18<sup>00<\/sup>&nbsp; &nbsp; 1. ++Bronis\u0142awa, Tadeusz, Antoni i zm. z tych rodzin<\/p>\n\n\n\n<p>&nbsp; &nbsp; &nbsp; &nbsp; &nbsp; &nbsp;2. w int. Genowefa w 91 rocz. urodzin<\/p>\n\n\n\n<p><strong>Pi\u0105tek &nbsp;&nbsp;&nbsp;&nbsp;&nbsp;&nbsp;&nbsp;&nbsp;&nbsp;&nbsp;&nbsp; 15.10.2021r.<\/strong><\/p>\n\n\n\n<p>7<sup>00<\/sup>&nbsp;&nbsp;&nbsp;&nbsp;&nbsp;&nbsp; 1. +W\u0142adys\u0142aw Kaniuka &#8211; greg. 15<\/p>\n\n\n\n<p>&nbsp;&nbsp;&nbsp;&nbsp;&nbsp;&nbsp;&nbsp;&nbsp;&nbsp;&nbsp;&nbsp; 2. +Marek Kasper &#8211; greg. 15<\/p>\n\n\n\n<p>&nbsp;&nbsp;&nbsp;&nbsp;&nbsp;&nbsp;&nbsp;&nbsp;&nbsp;&nbsp;&nbsp; 3. ++Danuta, Albin, Stanis\u0142awa, Franciszek, Karol Jastrz\u0119bscy<\/p>\n\n\n\n<p>18<sup>00<\/sup>&nbsp;&nbsp;&nbsp;&nbsp; 1. O Bo\u017ce b\u0142og. dla R\u00f3\u017cy \u015bw. Jadwigi cz\u0142onki\u0144 i ich rodzin oraz za zm. z tej R\u00f3\u017cy<\/p>\n\n\n\n<p>&nbsp;&nbsp;&nbsp;&nbsp;&nbsp;&nbsp;&nbsp;&nbsp;&nbsp;&nbsp;&nbsp; 2. w int. Jadwiga Szlachetka w 80 rocz. urodzin dzi\u0119kczynna z pro\u015bb\u0105 o Bo\u017ce b\u0142og. i \u0142aski zdrowia na dalsze lata \u017cycia<\/p>\n\n\n\n<p><strong>Sobota &nbsp;&nbsp;&nbsp;&nbsp;&nbsp;&nbsp;&nbsp;&nbsp;&nbsp; 16.10.2021r.<\/strong><\/p>\n\n\n\n<p>7<sup>00<\/sup>&nbsp;&nbsp;&nbsp;&nbsp;&nbsp;&nbsp; 1. +W\u0142adys\u0142aw Kaniuka &#8211; greg. 16<\/p>\n\n\n\n<p>&nbsp;&nbsp;&nbsp;&nbsp;&nbsp;&nbsp;&nbsp;&nbsp;&nbsp;&nbsp;&nbsp; 2. +Marek Kasper &#8211; greg. 16<\/p>\n\n\n\n<p>&nbsp;&nbsp;&nbsp;&nbsp;&nbsp;&nbsp;&nbsp;&nbsp;&nbsp;&nbsp;&nbsp; 3. +Helena Tuczy\u0144ska 30 dni po \u015bmierci<\/p>\n\n\n\n<p>18<sup>00<\/sup>&nbsp;&nbsp;&nbsp;&nbsp; 1. ++Stanis\u0142aw Weryszko 15r.\u015bm, rodzice i rodze\u0144stwo<\/p>\n\n\n\n<p>&nbsp;&nbsp;&nbsp;&nbsp;&nbsp;&nbsp;&nbsp;&nbsp;&nbsp;&nbsp;&nbsp; 2. ++Marta, Witold i Jan J\u00f3zefowscy oraz zm. z rodz.<\/p>\n\n\n\n<p><strong>Niedziela&nbsp;&nbsp;&nbsp;&nbsp;&nbsp;&nbsp; 17.10.2021r.<\/strong><\/p>\n\n\n\n<p>7<sup>30&nbsp;&nbsp;&nbsp;&nbsp;&nbsp;&nbsp;&nbsp;&nbsp;&nbsp;&nbsp;<\/sup>1. ++Antoni 34r.\u015bm., Jan 11r.\u015bm. i zm. z rodz. Towpik<\/p>\n\n\n\n<p>&nbsp; &nbsp; &nbsp; &nbsp; &nbsp; &nbsp; &nbsp;2. w int. Danuta i Tomasz Zgieb w 50 rocz. \u015blubu (3 dzieci, 4 wnuk\u00f3w, 1 prawnuk)<\/p>\n\n\n\n<p>9<sup>30<\/sup>&nbsp;&nbsp;&nbsp;&nbsp;&nbsp;&nbsp; 1. w int. Jadwiga Krasowska z ok. imienin o potrzebne \u0142aski, opiek\u0119 Matki Bo\u017cej i Bo\u017ce b\u0142og. &#8211; int. od R\u00f3\u017cy MB Klenickiej<\/p>\n\n\n\n<p>&nbsp;&nbsp;&nbsp;&nbsp;&nbsp;&nbsp;&nbsp;&nbsp;&nbsp;&nbsp;&nbsp; 2. +W\u0142adys\u0142aw Kaniuka &#8211; greg. 17<\/p>\n\n\n\n<p>11<sup>00<\/sup>&nbsp;&nbsp;&nbsp;&nbsp; 1. +Jerzy Koz\u0142owski<\/p>\n\n\n\n<p>&nbsp; &nbsp; &nbsp; &nbsp; &nbsp; &nbsp; 2. Dz-b\u0142. w int. Teresa Pieczy\u0144ska z ok. urodzin<\/p>\n\n\n\n<p>12<sup>30&nbsp; &nbsp; &nbsp;&nbsp;<\/sup>1. ++Krystyna Bugajewska 8r.\u015bm., Piotr Bugajewski 18r.\u015bm. i zm. z rodz. Bugajewskich<\/p>\n\n\n\n<p>&nbsp;&nbsp;&nbsp;&nbsp;&nbsp;&nbsp;&nbsp;&nbsp;&nbsp;&nbsp;&nbsp; 2. ++Jadwiga i Leon Wi\u015bniewscy<\/p>\n\n\n\n<p>14<sup>00<\/sup>&nbsp;&nbsp;&nbsp;&nbsp; 1. w int. Teresa i Ryszard Cie\u015bla w 50 rocz. \u015blubu<\/p>\n\n\n\n<p>&nbsp;&nbsp;&nbsp;&nbsp;&nbsp;&nbsp;&nbsp;&nbsp;&nbsp;&nbsp;&nbsp; 2. +Marek Kasper &#8211; greg. 17<\/p>\n\n\n\n<p>18<sup>30 &nbsp;&nbsp;&nbsp;&nbsp;&nbsp;&nbsp;<\/sup>++Marian Wierzejewski 12r.\u015bm. i rodzice Marta i Jan<\/p>\n","protected":false},"excerpt":{"rendered":"","protected":false},"author":1,"featured_media":4429,"comment_status":"closed","ping_status":"closed","sticky":false,"template":"","format":"standard","meta":{"_lmt_disableupdate":"","_lmt_disable":"","footnotes":""},"categories":[20],"tags":[],"class_list":["post-4217","post","type-post","status-publish","format-standard","has-post-thumbnail","hentry","category-intencje"],"_links":{"self":[{"href":"https:\/\/swiety-jozef.pl\/index.php\/wp-json\/wp\/v2\/posts\/4217","targetHints":{"allow":["GET"]}}],"collection":[{"href":"https:\/\/swiety-jozef.pl\/index.php\/wp-json\/wp\/v2\/posts"}],"about":[{"href":"https:\/\/swiety-jozef.pl\/index.php\/wp-json\/wp\/v2\/types\/post"}],"author":[{"embeddable":true,"href":"https:\/\/swiety-jozef.pl\/index.php\/wp-json\/wp\/v2\/users\/1"}],"replies":[{"embeddable":true,"href":"https:\/\/swiety-jozef.pl\/index.php\/wp-json\/wp\/v2\/comments?post=4217"}],"version-history":[{"count":1,"href":"https:\/\/swiety-jozef.pl\/index.php\/wp-json\/wp\/v2\/posts\/4217\/revisions"}],"predecessor-version":[{"id":4218,"href":"https:\/\/swiety-jozef.pl\/index.php\/wp-json\/wp\/v2\/posts\/4217\/revisions\/4218"}],"wp:featuredmedia":[{"embeddable":true,"href":"https:\/\/swiety-jozef.pl\/index.php\/wp-json\/wp\/v2\/media\/4429"}],"wp:attachment":[{"href":"https:\/\/swiety-jozef.pl\/index.php\/wp-json\/wp\/v2\/media?parent=4217"}],"wp:term":[{"taxonomy":"category","embeddable":true,"href":"https:\/\/swiety-jozef.pl\/index.php\/wp-json\/wp\/v2\/categories?post=4217"},{"taxonomy":"post_tag","embeddable":true,"href":"https:\/\/swiety-jozef.pl\/index.php\/wp-json\/wp\/v2\/tags?post=4217"}],"curies":[{"name":"wp","href":"https:\/\/api.w.org\/{rel}","templated":true}]}}