{"id":4209,"date":"2022-03-16T01:38:54","date_gmt":"2022-03-16T00:38:54","guid":{"rendered":"https:\/\/swiety-jozef.pl\/?p=4209"},"modified":"2022-07-24T10:31:15","modified_gmt":"2022-07-24T08:31:15","slug":"intencje-mszalne-26-09-3-10-2021-r","status":"publish","type":"post","link":"https:\/\/swiety-jozef.pl\/index.php\/2022\/03\/16\/intencje-mszalne-26-09-3-10-2021-r\/","title":{"rendered":"Intencje Mszalne 26.09 &#8211; 3.10 2021 r."},"content":{"rendered":"\n<!--more-->\n\n\n\n<p><strong>Niedziela&nbsp;&nbsp;&nbsp;&nbsp;&nbsp;&nbsp;&nbsp;&nbsp; 26.09.2021r.&nbsp;&nbsp;<\/strong><\/p>\n\n\n\n<p>7<sup>30&nbsp;&nbsp;&nbsp;&nbsp;&nbsp;&nbsp;&nbsp;&nbsp;&nbsp;<\/sup>1.+Mieczys\u0142awa(ona) Do\u0142gowska 1r.\u015bm.<\/p>\n\n\n\n<p>&nbsp; &nbsp; &nbsp; &nbsp; &nbsp; &nbsp; &nbsp;2. w int. Alicja i Jan w 60 rocz. \u015blubu<\/p>\n\n\n\n<p>9<sup>30<\/sup>&nbsp;&nbsp;&nbsp;&nbsp;&nbsp;&nbsp; 1. +Jerzy Koz\u0142owski<\/p>\n\n\n\n<p>&nbsp;&nbsp;&nbsp;&nbsp;&nbsp;&nbsp;&nbsp;&nbsp;&nbsp;&nbsp;&nbsp; 2. +Stanis\u0142aw Mruk &#8211; greg. 26<\/p>\n\n\n\n<p>11<sup>00<\/sup>&nbsp; &nbsp; &nbsp;1. ++Stanis\u0142aw Lity\u0144ski, jego rodzice oraz J\u00f3zef i Ewa<\/p>\n\n\n\n<p>&nbsp;&nbsp;&nbsp;&nbsp;&nbsp;&nbsp;&nbsp;&nbsp;&nbsp;&nbsp;&nbsp; 2. ++Micha\u0142, Anna, Jadwiga<\/p>\n\n\n\n<p>12<sup>30&nbsp; &nbsp; &nbsp;<\/sup>1. ++Maria, Maciej, J\u00f3zef Ko\u015bmider, Joanna Turkiewicz<\/p>\n\n\n\n<p>&nbsp; &nbsp; &nbsp; &nbsp; &nbsp; &nbsp;2. Dz-b\u0142 w int. Anna i Bernard Jakubczyk w 50 rocz. \u015blubu<\/p>\n\n\n\n<p><em>Chrzest: Matylda W\u0105sowska<\/em><\/p>\n\n\n\n<p>14<sup>00<\/sup>&nbsp;&nbsp;&nbsp;&nbsp; 1. +J\u00f3zef Sypniewski<\/p>\n\n\n\n<p>&nbsp;&nbsp;&nbsp;&nbsp;&nbsp;&nbsp;&nbsp;&nbsp;&nbsp;&nbsp;&nbsp; 2. ++Kazimiera i Jan Z\u0142oci\u0144scy 30r.\u015bm. oraz Marian, Wies\u0142aw i Artur Z\u0142oci\u0144scy<\/p>\n\n\n\n<p>18<sup>30 &nbsp;&nbsp;&nbsp;&nbsp;&nbsp;&nbsp;<\/sup>++Jadwiga S\u0119kowska 6r.\u015bm., Zdzis\u0142aw S\u0119kowski, Tadeusz Zastawa 18r.\u015bm. i zm. z tych rodzin<\/p>\n\n\n\n<p><strong>Poniedzia\u0142ek&nbsp;&nbsp; 27.09.2021r.<\/strong><\/p>\n\n\n\n<p>7<sup>00<\/sup>&nbsp;&nbsp;&nbsp;&nbsp;&nbsp;&nbsp; 1. +Stanis\u0142aw Mruk &#8211; greg. 27<\/p>\n\n\n\n<p>&nbsp; &nbsp; &nbsp; &nbsp; &nbsp; &nbsp; 2. +Stanis\u0142aw Wojna &#8211; int. od. rodziny z Rzeszowa<\/p>\n\n\n\n<p>18<sup>00&nbsp; &nbsp; &nbsp;&nbsp;<\/sup>1. +Edmund Losiak 1r.\u015bm.<\/p>\n\n\n\n<p>&nbsp;&nbsp;&nbsp;&nbsp;&nbsp;&nbsp;&nbsp;&nbsp;&nbsp;&nbsp;&nbsp; 2. w int. Ewa i Kazimierz Bach w 35rocz. \u015blubu dzi\u0119kczynna z pro\u015bb\u0105 o Bo\u017ce b\u0142og. i potrzebne \u0142aski na dalsze lata \u017cycia<\/p>\n\n\n\n<p><strong>Wtorek&nbsp;&nbsp;&nbsp;&nbsp;&nbsp;&nbsp;&nbsp;&nbsp;&nbsp;&nbsp; 28.09.2021r.<\/strong><\/p>\n\n\n\n<p>7<sup>00<\/sup>&nbsp;&nbsp;&nbsp;&nbsp;&nbsp;&nbsp; 1. +Stanis\u0142aw Mruk &#8211; greg. 28<\/p>\n\n\n\n<p>&nbsp;&nbsp;&nbsp;&nbsp;&nbsp;&nbsp;&nbsp;&nbsp;&nbsp;&nbsp;&nbsp; 2. w int. Bogu wiadomej<\/p>\n\n\n\n<p>7<sup>30&nbsp;&nbsp;&nbsp;&nbsp;&nbsp;&nbsp;&nbsp;&nbsp;&nbsp;&nbsp;<\/sup>Pogrzebowa: +Krystyna Morawska&nbsp;&nbsp;&nbsp;&nbsp;&nbsp;&nbsp; pogrzeb ul. Wandy 12<sup>00<\/sup><\/p>\n\n\n\n<p>18<sup>00<\/sup>&nbsp;&nbsp;&nbsp;&nbsp;&nbsp; 1. w int. J\u00f3zefa(ona) Go\u0142aska w 100rocz. ur. oraz Czes\u0142aw, Leszek, Andrzej Moro\u0144ski, Henryka(ona) i Stanis\u0142aw<\/p>\n\n\n\n<p>&nbsp; &nbsp; &nbsp; &nbsp; &nbsp; &nbsp; &nbsp;2. ++Maria i Tadeusz Bernad, Ludwika i Bronis\u0142aw Duda<\/p>\n\n\n\n<p>&nbsp; &nbsp; &nbsp; &nbsp; &nbsp; &nbsp; &nbsp;3. +Wac\u0142aw Salamon z racji imienin<\/p>\n\n\n\n<p><strong>\u015aroda&nbsp;&nbsp;&nbsp;&nbsp;&nbsp;&nbsp;&nbsp;&nbsp;&nbsp;&nbsp;&nbsp;&nbsp;&nbsp; 29.09.2021r.<\/strong><\/p>\n\n\n\n<p>7<sup>00<\/sup>&nbsp;&nbsp;&nbsp;&nbsp;&nbsp;&nbsp; 1. +Stanis\u0142aw Mruk &#8211; greg. 29<\/p>\n\n\n\n<p>&nbsp; &nbsp; &nbsp; &nbsp; &nbsp; &nbsp; &nbsp;2. w int. sprz\u0105taj\u0105cych k-\u0142 z ul. Pasiecznej i &nbsp;1 osoby ch\u0119tnej<\/p>\n\n\n\n<p>9<sup>50&nbsp;&nbsp;&nbsp;&nbsp;&nbsp;&nbsp;&nbsp;&nbsp;&nbsp;&nbsp;<\/sup>SP Katolik: ++Waldemar, Marian Matusewicz<\/p>\n\n\n\n<p>18<sup>00<\/sup>&nbsp; &nbsp; &nbsp;1. w int. Czcicieli Matki Bo\u017cej Nieustaj\u0105cej Pomocy<\/p>\n\n\n\n<p>&nbsp;&nbsp;&nbsp;&nbsp;&nbsp;&nbsp;&nbsp;&nbsp;&nbsp;&nbsp;&nbsp; 2. +Bronis\u0142awa Ciesielska 60r.\u015bm.<\/p>\n\n\n\n<p><strong>Czwartek &nbsp;&nbsp;&nbsp;&nbsp;&nbsp;&nbsp; 30.09.2021r.<\/strong><\/p>\n\n\n\n<p>7<sup>00<\/sup>&nbsp;&nbsp;&nbsp;&nbsp;&nbsp;&nbsp; 1. +Stanis\u0142aw Mruk &#8211; greg. 30<\/p>\n\n\n\n<p>&nbsp; &nbsp; &nbsp; &nbsp; &nbsp; &nbsp; 2. w int. sprz\u0105taj\u0105cych k-\u0142 z ul. Narutowicza i D\u0142ugosza oraz ich rodzin<\/p>\n\n\n\n<p>&nbsp; &nbsp; &nbsp; &nbsp; &nbsp; &nbsp; 3. +Zofia Olszewska m-c po \u015bm. &#8211; int. od r\u00f3\u017cy \u015bw. Anny<\/p>\n\n\n\n<p>18<sup>00<\/sup>&nbsp; &nbsp; 1. ++Jan, Anna, J\u00f3zefa(ona), Bronis\u0142aw i zm. z rodz. Czeszczewik\u00f3w, Michalina, Antola, Jadwiga<\/p>\n\n\n\n<p>&nbsp; &nbsp; &nbsp; &nbsp; &nbsp; &nbsp;2. ++Wanda i Henryk Frybel oraz Lidia i Edward Maciejewscy i zm. z tych rodzin<\/p>\n\n\n\n<p><strong>Pi\u0105tek 01.10.2021r.<\/strong><\/p>\n\n\n\n<p>7<sup>00<\/sup>&nbsp; &nbsp; &nbsp; 1. +W\u0142adys\u0142aw Kaniuka &#8211; greg. 1<\/p>\n\n\n\n<p>&nbsp;&nbsp;&nbsp;&nbsp;&nbsp;&nbsp;&nbsp;&nbsp;&nbsp;&nbsp;&nbsp; 2. +Marek Kasper &#8211; greg. 1<\/p>\n\n\n\n<p>18<sup>00<\/sup>&nbsp; &nbsp; 1. ++Wies\u0142aw Tomecki oraz Maria Tomecka o \u017cycie wieczne i mi\u0142osierdzie w 1 m-c po \u015bm.<\/p>\n\n\n\n<p>&nbsp;&nbsp;&nbsp;&nbsp;&nbsp;&nbsp;&nbsp;&nbsp;&nbsp;&nbsp;&nbsp; 2. ++Tadeusz Buczy\u0144ski 19r.\u015bm. i zm. rodzic\u00f3w, dziadk\u00f3w, te\u015bci\u00f3w i zm. z rodz.<\/p>\n\n\n\n<p><strong>Sobota &nbsp;&nbsp;&nbsp;&nbsp;&nbsp;&nbsp;&nbsp;&nbsp;&nbsp;&nbsp; 02.10.2021r.<\/strong><\/p>\n\n\n\n<p>7<sup>00<\/sup>&nbsp;&nbsp;&nbsp;&nbsp;&nbsp;&nbsp; 1. +W\u0142adys\u0142aw Kaniuka &#8211; greg. 2<\/p>\n\n\n\n<p>&nbsp;&nbsp;&nbsp;&nbsp;&nbsp;&nbsp;&nbsp;&nbsp;&nbsp;&nbsp;&nbsp; 2. +Marek Kasper &#8211; greg. 2<\/p>\n\n\n\n<p>15<sup>00<\/sup>&nbsp;&nbsp;&nbsp;&nbsp; \u015alub<\/p>\n\n\n\n<p>18<sup>00<\/sup>&nbsp; &nbsp; 1. w int. Zygmunt \u015amiglewski dzi\u0119kczynna z pro\u015bb\u0105 o \u0142aski zdrowia, Bo\u017ce b\u0142og. i opiek\u0119 Matki Naj\u015bwi\u0119tszej na ka\u017cdy dzie\u0144 dla niego i jego rodziny<\/p>\n\n\n\n<p>&nbsp;&nbsp;&nbsp;&nbsp;&nbsp;&nbsp;&nbsp;&nbsp;&nbsp;&nbsp; 2. ++Kazimierz Marcinkowski 20r.\u015bm. i zm. z rodz. S\u0119k\u00f3w<\/p>\n\n\n\n<p><strong>Niedziela&nbsp;&nbsp;&nbsp;&nbsp;&nbsp;&nbsp;&nbsp;&nbsp; 03.10.2021r.&nbsp;&nbsp;<\/strong><\/p>\n\n\n\n<p>7<sup>30&nbsp; &nbsp; &nbsp; &nbsp;&nbsp;<\/sup>1. w int. cz\u0142onki\u0144 R\u00f3\u017cy MB Kr\u00f3lowej Pokoju i ich rodzin oraz za zmar\u0142ych z tej r\u00f3\u017cy<\/p>\n\n\n\n<p>&nbsp;&nbsp;&nbsp;&nbsp;&nbsp;&nbsp;&nbsp;&nbsp;&nbsp;&nbsp;&nbsp; 2. +W\u0142adys\u0142aw Kaniuka &#8211; greg. 3<\/p>\n\n\n\n<p>&nbsp;&nbsp;&nbsp;&nbsp;&nbsp;&nbsp;&nbsp;&nbsp;&nbsp;&nbsp;&nbsp; 3. +Marek Kasper &#8211; greg. 3<\/p>\n\n\n\n<p>9<sup>30<\/sup>&nbsp;&nbsp;&nbsp;&nbsp;&nbsp;&nbsp; 1. ++Andrzej Bagi\u0144ski 18r.\u015bm., Irena i Franciszek Bagi\u0144scy<\/p>\n\n\n\n<p>&nbsp;&nbsp;&nbsp;&nbsp;&nbsp;&nbsp;&nbsp;&nbsp;&nbsp;&nbsp;&nbsp; 2. +Boles\u0142aw Zawidlak 4 m-c po \u015bm.<\/p>\n\n\n\n<p>11<sup>00<\/sup>&nbsp; &nbsp; &nbsp;1. ++Przemys\u0142aw, Nicola, Patrycja w 6 rocz. \u015bm.<\/p>\n\n\n\n<p>&nbsp; &nbsp; &nbsp; &nbsp; &nbsp; &nbsp; 2. Dz-b\u0142. w int. Dorota i Marcin Maso\u0144 w 10 rocz. \u015blubu i za ich c\u00f3rk\u0119 Maj\u0119<\/p>\n\n\n\n<p>12<sup>30&nbsp; &nbsp; &nbsp;&nbsp;<\/sup>1. w int. Hanna i Daniel w 5 rocz. \u015blubu dzi\u0119kczynna z pro\u015bb\u0105 o Bo\u017ce b\u0142og. na dalsze lata \u017cycia<\/p>\n\n\n\n<p>&nbsp;&nbsp;&nbsp;&nbsp;&nbsp;&nbsp;&nbsp;&nbsp;&nbsp;&nbsp;&nbsp; 2. Dz-b\u0142. w int. Adrian Strawczy\u0144ski 47 rocz. urodzin<\/p>\n\n\n\n<p>&nbsp; &nbsp; &nbsp; &nbsp; &nbsp; &nbsp; 3. w int. Iwona w 60 rocz. urodzin o zdrowie, Bo\u017ce b\u0142og. i wybawienie z choroby raka<\/p>\n\n\n\n<p>14<sup>00<\/sup>&nbsp;&nbsp;&nbsp;&nbsp; 1. ++Ireneusz Karimow, Halina i Ryszard<\/p>\n\n\n\n<p>&nbsp;&nbsp;&nbsp;&nbsp;&nbsp;&nbsp;&nbsp;&nbsp;&nbsp;&nbsp;&nbsp; 2. +Agnieszka Sikora 12r.\u015bm.<\/p>\n\n\n\n<p>18<sup>30 &nbsp;&nbsp;&nbsp;&nbsp;&nbsp;&nbsp;<\/sup>++Teresa Chabiniak, Krystyna i Andrzej Lopko<\/p>\n\n\n\n<h3 class=\"wp-block-heading\">&nbsp;<\/h3>\n","protected":false},"excerpt":{"rendered":"","protected":false},"author":1,"featured_media":4429,"comment_status":"closed","ping_status":"closed","sticky":false,"template":"","format":"standard","meta":{"_lmt_disableupdate":"","_lmt_disable":"","footnotes":""},"categories":[20],"tags":[],"class_list":["post-4209","post","type-post","status-publish","format-standard","has-post-thumbnail","hentry","category-intencje"],"_links":{"self":[{"href":"https:\/\/swiety-jozef.pl\/index.php\/wp-json\/wp\/v2\/posts\/4209","targetHints":{"allow":["GET"]}}],"collection":[{"href":"https:\/\/swiety-jozef.pl\/index.php\/wp-json\/wp\/v2\/posts"}],"about":[{"href":"https:\/\/swiety-jozef.pl\/index.php\/wp-json\/wp\/v2\/types\/post"}],"author":[{"embeddable":true,"href":"https:\/\/swiety-jozef.pl\/index.php\/wp-json\/wp\/v2\/users\/1"}],"replies":[{"embeddable":true,"href":"https:\/\/swiety-jozef.pl\/index.php\/wp-json\/wp\/v2\/comments?post=4209"}],"version-history":[{"count":1,"href":"https:\/\/swiety-jozef.pl\/index.php\/wp-json\/wp\/v2\/posts\/4209\/revisions"}],"predecessor-version":[{"id":4210,"href":"https:\/\/swiety-jozef.pl\/index.php\/wp-json\/wp\/v2\/posts\/4209\/revisions\/4210"}],"wp:featuredmedia":[{"embeddable":true,"href":"https:\/\/swiety-jozef.pl\/index.php\/wp-json\/wp\/v2\/media\/4429"}],"wp:attachment":[{"href":"https:\/\/swiety-jozef.pl\/index.php\/wp-json\/wp\/v2\/media?parent=4209"}],"wp:term":[{"taxonomy":"category","embeddable":true,"href":"https:\/\/swiety-jozef.pl\/index.php\/wp-json\/wp\/v2\/categories?post=4209"},{"taxonomy":"post_tag","embeddable":true,"href":"https:\/\/swiety-jozef.pl\/index.php\/wp-json\/wp\/v2\/tags?post=4209"}],"curies":[{"name":"wp","href":"https:\/\/api.w.org\/{rel}","templated":true}]}}