{"id":4200,"date":"2022-03-16T01:24:35","date_gmt":"2022-03-16T00:24:35","guid":{"rendered":"https:\/\/swiety-jozef.pl\/?p=4200"},"modified":"2022-07-24T10:29:21","modified_gmt":"2022-07-24T08:29:21","slug":"intencje-mszalne-12-19-ix-2021-r","status":"publish","type":"post","link":"https:\/\/swiety-jozef.pl\/index.php\/2022\/03\/16\/intencje-mszalne-12-19-ix-2021-r\/","title":{"rendered":"Intencje Mszalne 12 &#8211; 19 IX 2021 r."},"content":{"rendered":"\n<!--more-->\n\n\n\n<p><strong>Niedziela&nbsp;&nbsp;&nbsp;&nbsp;&nbsp;&nbsp;&nbsp; 12.09.2021r.&nbsp;&nbsp;&nbsp;&nbsp;&nbsp;&nbsp;&nbsp;&nbsp;&nbsp;&nbsp;&nbsp;&nbsp;&nbsp;&nbsp;<\/strong><\/p>\n\n\n\n<p>7<sup>30&nbsp; &nbsp; &nbsp; &nbsp;&nbsp;<\/sup>1. ++rodzice Janina i Stanis\u0142aw, brat Micha\u0142 45r.\u015bm.<\/p>\n\n\n\n<p>&nbsp;&nbsp;&nbsp;&nbsp;&nbsp;&nbsp;&nbsp;&nbsp;&nbsp;&nbsp;&nbsp; 2. +Wanda Sterna 1r.\u015bm.<\/p>\n\n\n\n<p>9<sup>30<\/sup>&nbsp;&nbsp;&nbsp;&nbsp;&nbsp;&nbsp; 1. ++Micha\u0142 Jadczak, Janina, Feliks i zm. z rodz.<\/p>\n\n\n\n<p>&nbsp;&nbsp;&nbsp;&nbsp;&nbsp;&nbsp;&nbsp;&nbsp;&nbsp;&nbsp;&nbsp; 2. +Stanis\u0142aw Mruk &#8211; greg. 12<\/p>\n\n\n\n<p>11<sup>00<\/sup>&nbsp;&nbsp;&nbsp;&nbsp; 1. +Stanis\u0142aw Szyszko 27r.\u015bm.<\/p>\n\n\n\n<p>&nbsp;&nbsp;&nbsp;&nbsp;&nbsp;&nbsp;&nbsp;&nbsp;&nbsp;&nbsp;&nbsp; 2. ++Mariusz Stu\u0142a 3r.\u015bm., Ludwika, Ma\u0142gorzata i Edward Stu\u0142a<\/p>\n\n\n\n<p>12<sup>30&nbsp; &nbsp; &nbsp;&nbsp;<\/sup>1. w in. Anna i Rafa\u0142 w 14 rocz. \u015blubu oraz +Zenon Kawa 4r.\u015bm.<\/p>\n\n\n\n<p>&nbsp;&nbsp;&nbsp;&nbsp;&nbsp;&nbsp;&nbsp;&nbsp;&nbsp;&nbsp;&nbsp; 2. ++Aniela, Ignacy, Zbigniew Ilnicki, Leon St\u0119pkowski<\/p>\n\n\n\n<p><em>Chrzty: Szymon Kami\u0144ski, Natalia Baran<\/em><\/p>\n\n\n\n<p>14<sup>00<\/sup>&nbsp;&nbsp;&nbsp;&nbsp; 1. +Tomasz Kapturzak 4r.\u015bm.<\/p>\n\n\n\n<p>&nbsp;&nbsp;&nbsp;&nbsp;&nbsp;&nbsp;&nbsp;&nbsp;&nbsp;&nbsp;&nbsp; 2. Dz-b\u0142. w int. Bogus\u0142aw w 70 rocz. urodzin<\/p>\n\n\n\n<p>18<sup>30 &nbsp;&nbsp;&nbsp;&nbsp;&nbsp;&nbsp;&nbsp;<\/sup>++Leon Laska i zm. z rodz.<\/p>\n\n\n\n<p><strong>Poniedzia\u0142ek&nbsp; 13.09.2021r.<\/strong><\/p>\n\n\n\n<p>7<sup>00<\/sup>&nbsp;&nbsp;&nbsp;&nbsp;&nbsp;&nbsp; 1. +Stanis\u0142aw Mruk &#8211; greg. 13<\/p>\n\n\n\n<p>2.++z rodz. Szczypczyk i Watral<\/p>\n\n\n\n<p>18<sup>00&nbsp;&nbsp;&nbsp;&nbsp;&nbsp;&nbsp;&nbsp;&nbsp;<\/sup>1. Dz-b\u0142 w int. Katarzyna, Waldemar i Wiktor<\/p>\n\n\n\n<p>&nbsp;&nbsp;&nbsp;&nbsp;&nbsp;&nbsp;&nbsp;&nbsp;&nbsp;&nbsp;&nbsp; 2. ++Zdzis\u0142awa Sztuka, Bogus\u0142aw Sikora, J\u00f3zefa i J\u00f3zef Komar<\/p>\n\n\n\n<p><strong>Wtorek&nbsp;&nbsp;&nbsp;&nbsp;&nbsp;&nbsp;&nbsp;&nbsp;&nbsp; 14.09.2021r.<\/strong><\/p>\n\n\n\n<p>7<sup>00<\/sup>&nbsp;&nbsp;&nbsp;&nbsp;&nbsp;&nbsp; 1. +Stanis\u0142aw Mruk &#8211; greg. 14<\/p>\n\n\n\n<p>&nbsp;&nbsp;&nbsp;&nbsp;&nbsp;&nbsp;&nbsp;&nbsp;&nbsp;&nbsp;&nbsp; 2. +Stanis\u0142aw Wojna &#8211; int. od Martyny z rodzin\u0105<\/p>\n\n\n\n<p>18<sup>00<\/sup>&nbsp;&nbsp;&nbsp;&nbsp; 1. ++Maria, Roman Dziamba, Maria i&nbsp; Piotr Zemlan, Wiera i Teodor &nbsp;&nbsp;&nbsp;&nbsp;Hlywa<\/p>\n\n\n\n<p>2. Dz-b\u0142. w int. Krystyna Kobierska w 90 rocz. urodzin<\/p>\n\n\n\n<p><strong>\u015aroda&nbsp;&nbsp;&nbsp;&nbsp;&nbsp;&nbsp;&nbsp;&nbsp;&nbsp;&nbsp;&nbsp;&nbsp;&nbsp; 15.09.2021r.<\/strong><\/p>\n\n\n\n<p>7<sup>00<\/sup>&nbsp;&nbsp;&nbsp;&nbsp;&nbsp;&nbsp; 1. +Stanis\u0142aw Mruk &#8211; greg. 15<\/p>\n\n\n\n<p>&nbsp;&nbsp;&nbsp;&nbsp;&nbsp;&nbsp;&nbsp;&nbsp;&nbsp;&nbsp;&nbsp; 2. ++Janina, Alojzy, Anna Ga\u0142\u0105zka<\/p>\n\n\n\n<p>9<sup>00&nbsp;&nbsp;&nbsp;&nbsp;&nbsp;&nbsp;&nbsp;&nbsp;&nbsp;&nbsp;&nbsp;<\/sup>SP Katolik: Dz-b\u0142. w int. wszystkich pracownik\u00f3w Kuratorium i naszej szko\u0142y<\/p>\n\n\n\n<p>18<sup>00<\/sup>&nbsp;&nbsp;&nbsp;&nbsp; 1. +Helena Nowak 15r.\u015bm.<\/p>\n\n\n\n<p>&nbsp;&nbsp;&nbsp;&nbsp;&nbsp;&nbsp;&nbsp;&nbsp;&nbsp;&nbsp;&nbsp; 2. +Natalia Duda 1r.\u015bm.<\/p>\n\n\n\n<p><strong>Czwartek &nbsp;&nbsp;&nbsp;&nbsp;&nbsp; 16.09.2021r.<\/strong><\/p>\n\n\n\n<p>7<sup>00<\/sup>&nbsp;&nbsp;&nbsp;&nbsp;&nbsp;&nbsp; 1. +Stanis\u0142aw Mruk &#8211; greg. 16<\/p>\n\n\n\n<p>&nbsp; &nbsp; &nbsp; &nbsp; &nbsp; &nbsp; &nbsp;2. ++Stanis\u0142aw Kope\u0107 42r.\u015bm. i zm. z rodz. Karolina, Henryk, Anna, Teresa i Jan<\/p>\n\n\n\n<p>18<sup>00<\/sup>&nbsp;&nbsp;&nbsp;&nbsp; 1. W int. rodzin o Bo\u017ce b\u0142og. i opiek\u0119 \u015bw. J\u00f3zefa<\/p>\n\n\n\n<p>&nbsp; &nbsp; &nbsp; &nbsp; &nbsp; &nbsp; 2. +Zofia Michalak 41r.\u015bm., Boles\u0142aw Michalak 30r.\u015bm. i zm. z rodziny<\/p>\n\n\n\n<p><strong>Pi\u0105tek &nbsp;&nbsp;&nbsp;&nbsp;&nbsp;&nbsp;&nbsp;&nbsp;&nbsp;&nbsp;&nbsp; 17.09.2021r.<\/strong><\/p>\n\n\n\n<p>7<sup>00<\/sup>&nbsp;&nbsp;&nbsp;&nbsp;&nbsp;&nbsp; 1. +Stanis\u0142aw Mruk &#8211; greg. 17<\/p>\n\n\n\n<p>&nbsp; &nbsp; &nbsp; &nbsp; &nbsp; &nbsp; &nbsp;2. w int. sprz\u0105taj\u0105cych k-\u0142 z ul. Przysz\u0142o\u015bci blok, jednej osoby ch\u0119tnej i ich rodzin<\/p>\n\n\n\n<p>10<sup>00&nbsp; &nbsp; &nbsp; &nbsp;&nbsp;<\/sup>+Janina Zofia Ca\u0142a Olszewska&nbsp;&nbsp; pogrzeb ul. Wandy 12<sup>00<\/sup><\/p>\n\n\n\n<p>18<sup>00<\/sup>&nbsp;&nbsp;&nbsp;&nbsp; 1. Dz-b\u0142 w int. Micha\u0142 Krzy\u017canowski z ok. urodzin<\/p>\n\n\n\n<p>2. ++Bo\u017cena Augustyniak-Cichy oraz Ala Pabis i&nbsp; znajomi<\/p>\n\n\n\n<p><strong>Sobota &nbsp;&nbsp;&nbsp;&nbsp;&nbsp;&nbsp;&nbsp;&nbsp;&nbsp;&nbsp; 18.09.2021r.<\/strong><\/p>\n\n\n\n<p>7<sup>00<\/sup>&nbsp;&nbsp;&nbsp;&nbsp;&nbsp;&nbsp; 1. +Stanis\u0142aw Mruk &#8211; greg. 18<\/p>\n\n\n\n<p>&nbsp;&nbsp;&nbsp;&nbsp;&nbsp;&nbsp;&nbsp;&nbsp;&nbsp;&nbsp;&nbsp; 2. +Jerzy Koz\u0142owski<\/p>\n\n\n\n<p>18<sup>00<\/sup>&nbsp;&nbsp;&nbsp;&nbsp; 1. w int. Agnieszka i Marian w 51 rocz. \u015blubu dzi\u0119kczynna z pro\u015bb\u0105 &nbsp;&nbsp;&nbsp;&nbsp;o Bo\u017ce b\u0142og. dla nich i dla ich dzieci i wnuk\u00f3w&nbsp;&nbsp;<\/p>\n\n\n\n<p>&nbsp; &nbsp;&nbsp;&nbsp;&nbsp;&nbsp;&nbsp;&nbsp;&nbsp;&nbsp; 2. Dz-b\u0142 w int. Renata i Dariusz Buda w 25 rocz. \u015blubu<\/p>\n\n\n\n<p><strong>Niedziela&nbsp;&nbsp;&nbsp;&nbsp;&nbsp;&nbsp;&nbsp; 19.09.2021r.&nbsp;&nbsp;<\/strong><\/p>\n\n\n\n<p>7<sup>30&nbsp; &nbsp; &nbsp; &nbsp;&nbsp;<\/sup>1.+Gra\u017cyna Jack\u00f3w 8r.\u015bm.<\/p>\n\n\n\n<p>&nbsp;&nbsp;&nbsp;&nbsp;&nbsp;&nbsp;&nbsp;&nbsp;&nbsp;&nbsp;&nbsp; 2. w int. Danuta i Adam w 35 rocz. \u015blubu dzi\u0119kcz- b\u0142agalna.<\/p>\n\n\n\n<p>9<sup>30<\/sup>&nbsp;&nbsp;&nbsp;&nbsp;&nbsp;&nbsp; 1. ++Stanis\u0142aw 17r.\u015bm. i Tadeusz 19r.\u015bm. i zm. z rodz.<\/p>\n\n\n\n<p>&nbsp;&nbsp;&nbsp;&nbsp;&nbsp;&nbsp;&nbsp;&nbsp;&nbsp;&nbsp;&nbsp; 2. +Stanis\u0142aw Mruk &#8211; greg. 19<\/p>\n\n\n\n<p>11<sup>00<\/sup>&nbsp;&nbsp;&nbsp;&nbsp; 1. ++Jan Kali\u0144ski i zm. z rodz.<\/p>\n\n\n\n<p>&nbsp; &nbsp; &nbsp; &nbsp; &nbsp; &nbsp; 2. +Jan Bogucki 2r.\u015bm<\/p>\n\n\n\n<p>12<sup>30&nbsp; &nbsp; &nbsp;&nbsp;<\/sup>1. ++Marek 11r.\u015bm. mama W\u0142adys\u0142awa 60r.\u015bm. i tata Jan 40r.\u015bm.<\/p>\n\n\n\n<p>&nbsp;&nbsp;&nbsp;&nbsp;&nbsp;&nbsp;&nbsp;&nbsp;&nbsp;&nbsp;&nbsp; 2. Dzi\u0119kczynna w int. Monika i Piotr w 5 rocz. \u015blubu oraz w int. Amelia w 4 rocz. urodzin<\/p>\n\n\n\n<p>14<sup>00<\/sup>&nbsp;&nbsp;&nbsp;&nbsp; 1. ++J\u00f3zef, Stanis\u0142awa Kodzis, Benedykt, Rados\u0142aw<\/p>\n\n\n\n<p>&nbsp;&nbsp;&nbsp;&nbsp;&nbsp;&nbsp;&nbsp;&nbsp;&nbsp;&nbsp;&nbsp; 2. ++Zbigniew Krajewski i&nbsp; zm. z rodz. Krajewskich i Kowalskich &#8211; int. od \u017cony i dzieci z rodzinami<\/p>\n\n\n\n<p>18<sup>30 &nbsp;&nbsp;&nbsp;&nbsp;&nbsp;&nbsp;&nbsp;<\/sup>++Gertruda, Janina, Miros\u0142aw, Janusz i zm. z rodz. Badziak<\/p>\n","protected":false},"excerpt":{"rendered":"","protected":false},"author":1,"featured_media":4429,"comment_status":"closed","ping_status":"closed","sticky":false,"template":"","format":"standard","meta":{"_lmt_disableupdate":"","_lmt_disable":"","footnotes":""},"categories":[20],"tags":[],"class_list":["post-4200","post","type-post","status-publish","format-standard","has-post-thumbnail","hentry","category-intencje"],"_links":{"self":[{"href":"https:\/\/swiety-jozef.pl\/index.php\/wp-json\/wp\/v2\/posts\/4200","targetHints":{"allow":["GET"]}}],"collection":[{"href":"https:\/\/swiety-jozef.pl\/index.php\/wp-json\/wp\/v2\/posts"}],"about":[{"href":"https:\/\/swiety-jozef.pl\/index.php\/wp-json\/wp\/v2\/types\/post"}],"author":[{"embeddable":true,"href":"https:\/\/swiety-jozef.pl\/index.php\/wp-json\/wp\/v2\/users\/1"}],"replies":[{"embeddable":true,"href":"https:\/\/swiety-jozef.pl\/index.php\/wp-json\/wp\/v2\/comments?post=4200"}],"version-history":[{"count":1,"href":"https:\/\/swiety-jozef.pl\/index.php\/wp-json\/wp\/v2\/posts\/4200\/revisions"}],"predecessor-version":[{"id":4201,"href":"https:\/\/swiety-jozef.pl\/index.php\/wp-json\/wp\/v2\/posts\/4200\/revisions\/4201"}],"wp:featuredmedia":[{"embeddable":true,"href":"https:\/\/swiety-jozef.pl\/index.php\/wp-json\/wp\/v2\/media\/4429"}],"wp:attachment":[{"href":"https:\/\/swiety-jozef.pl\/index.php\/wp-json\/wp\/v2\/media?parent=4200"}],"wp:term":[{"taxonomy":"category","embeddable":true,"href":"https:\/\/swiety-jozef.pl\/index.php\/wp-json\/wp\/v2\/categories?post=4200"},{"taxonomy":"post_tag","embeddable":true,"href":"https:\/\/swiety-jozef.pl\/index.php\/wp-json\/wp\/v2\/tags?post=4200"}],"curies":[{"name":"wp","href":"https:\/\/api.w.org\/{rel}","templated":true}]}}