{"id":4192,"date":"2022-03-16T01:02:59","date_gmt":"2022-03-16T00:02:59","guid":{"rendered":"https:\/\/swiety-jozef.pl\/?p=4192"},"modified":"2022-07-24T10:27:27","modified_gmt":"2022-07-24T08:27:27","slug":"intencje-mszalne-29-08-5-09-2021-r","status":"publish","type":"post","link":"https:\/\/swiety-jozef.pl\/index.php\/2022\/03\/16\/intencje-mszalne-29-08-5-09-2021-r\/","title":{"rendered":"Intencje mszalne 29.08 &#8211; 5.09.2021 r."},"content":{"rendered":"\n<!--more-->\n\n\n\n<p><strong>Niedziela&nbsp;&nbsp;&nbsp;&nbsp;&nbsp;&nbsp; 29.08.2021r.&nbsp;&nbsp;&nbsp;&nbsp;&nbsp;&nbsp;&nbsp;&nbsp;&nbsp;&nbsp;&nbsp;&nbsp;<\/strong><\/p>\n\n\n\n<p>7<sup>30&nbsp;&nbsp;&nbsp;&nbsp;&nbsp;&nbsp;&nbsp;&nbsp;&nbsp;&nbsp;<\/sup>+Romuald \u017by\u017aniewski 16r.\u015bm.<\/p>\n\n\n\n<p>9<sup>30<\/sup>&nbsp;&nbsp;&nbsp;&nbsp;&nbsp;&nbsp; 1. w int. Bronis\u0142awa Sw\u00f3jn\u00f3g z ok. imienin &#8211; int. od R\u00f3\u017cy Niepokal. Serce NMP<\/p>\n\n\n\n<p>&nbsp;&nbsp;&nbsp;&nbsp;&nbsp;&nbsp;&nbsp;&nbsp;&nbsp;&nbsp;&nbsp; 2. +Feliks Polak &#8211; greg. 29<\/p>\n\n\n\n<p>11<sup>00<\/sup>&nbsp;&nbsp;&nbsp;&nbsp; 1. ++Henryk Wiecha 5r.\u015bm. i rodzic\u00f3w Leonarda(ona) i Zdzis\u0142aw Bartkowiak<\/p>\n\n\n\n<p>&nbsp;&nbsp;&nbsp;&nbsp;&nbsp;&nbsp;&nbsp;&nbsp;&nbsp;&nbsp;&nbsp; 2. Dz-b\u0142. w int. Alicja z ok. 19 rocz. urodzin<\/p>\n\n\n\n<p>12<sup>30&nbsp; &nbsp; &nbsp;&nbsp;<\/sup>1. +Marek B\u0142aszczak 20r.\u015bm.<\/p>\n\n\n\n<p>&nbsp;&nbsp;&nbsp;&nbsp;&nbsp;&nbsp;&nbsp;&nbsp;&nbsp;&nbsp;&nbsp; 2. Za parafian<\/p>\n\n\n\n<p><em>Chrzty: Laura Kilian, Marcel Gembara<\/em><\/p>\n\n\n\n<p>14<sup>00<\/sup>&nbsp;&nbsp;&nbsp;&nbsp; ++Jan 6r.\u015bm., Mieczys\u0142aw 5r.\u015bm., Krystyna, J\u00f3zef, Bronis\u0142awa(ona)<\/p>\n\n\n\n<p>18<sup>30 &nbsp;&nbsp;&nbsp;&nbsp;&nbsp;&nbsp;<\/sup>Dz-b\u0142. w int. Zofia Zdziechowicz z ok. 89 rocz. urodzin o \u0142ask\u0119 zdrowia<\/p>\n\n\n\n<p><strong>Poniedzia\u0142ek&nbsp;&nbsp;&nbsp;&nbsp;&nbsp;&nbsp;&nbsp;&nbsp;&nbsp;&nbsp;&nbsp;&nbsp; 30.08.2021r.<\/strong><\/p>\n\n\n\n<p>7<sup>00<\/sup>&nbsp;&nbsp;&nbsp;&nbsp;&nbsp;&nbsp; 1. +Feliks Polak &#8211; greg. 30<\/p>\n\n\n\n<p>&nbsp;&nbsp;&nbsp;&nbsp;&nbsp;&nbsp;&nbsp;&nbsp;&nbsp;&nbsp;&nbsp; 2. w int. sprz\u0105taj\u0105cych Ko\u015bci\u00f3\u0142 z ul. Szymanowskiego i osoby ch\u0119tnej<\/p>\n\n\n\n<p>18<sup>00&nbsp; &nbsp; &nbsp;&nbsp;<\/sup>1. +Bronis\u0142aw Juncewicz z ok. imienin<\/p>\n\n\n\n<p>&nbsp;&nbsp;&nbsp;&nbsp;&nbsp;&nbsp;&nbsp;&nbsp;&nbsp;&nbsp;&nbsp; 2. +Stanis\u0142aw Walendowski 5r.\u015bm.<\/p>\n\n\n\n<p><strong>Wtorek&nbsp;&nbsp;&nbsp;&nbsp;&nbsp;&nbsp;&nbsp;&nbsp;&nbsp; 31.08.2021r.<\/strong><\/p>\n\n\n\n<p>7<sup>00<\/sup>&nbsp;&nbsp;&nbsp;&nbsp;&nbsp;&nbsp; Dz-b\u0142. w int. ca\u0142ej rodziny<\/p>\n\n\n\n<p>18<sup>00<\/sup>&nbsp;&nbsp;&nbsp;&nbsp; 1. ++Beata Czybylska 5r.\u015bm., Maria i Kazimierz Pogorzelscy i zm. z rodz.<\/p>\n\n\n\n<p>&nbsp;&nbsp;&nbsp;&nbsp;&nbsp;&nbsp;&nbsp;&nbsp;&nbsp;&nbsp;&nbsp; 2.++Stanis\u0142awa Walaszek 11r.\u015bm., Jan Walaszek 21r.\u015bm.<\/p>\n\n\n\n<p>&nbsp;<strong>\u015aroda&nbsp;&nbsp;&nbsp;&nbsp;&nbsp;&nbsp;&nbsp;&nbsp;&nbsp;&nbsp;&nbsp;&nbsp; 01.09.2021r.<\/strong><\/p>\n\n\n\n<p>7<sup>00<\/sup>&nbsp;&nbsp;&nbsp;&nbsp;&nbsp;&nbsp; 1. +Tadeusz Orzechowski 15r.\u015bm.<\/p>\n\n\n\n<p>&nbsp;&nbsp;&nbsp;&nbsp;&nbsp;&nbsp;&nbsp;&nbsp;&nbsp;&nbsp;&nbsp; 2. +Stanis\u0142aw Mruk &#8211; greg. 1<\/p>\n\n\n\n<p>9<sup>00&nbsp;&nbsp;&nbsp;&nbsp;&nbsp;&nbsp;&nbsp;&nbsp;&nbsp;&nbsp;<\/sup>Rozpocz\u0119cie roku szkolnego<\/p>\n\n\n\n<p>18<sup>00<\/sup>&nbsp;&nbsp;&nbsp;&nbsp; 1. w int. Czcicieli Matki Bo\u017cej Nieustaj\u0105cej Pomocy<\/p>\n\n\n\n<p>&nbsp;&nbsp;&nbsp;&nbsp;&nbsp;&nbsp;&nbsp;&nbsp;&nbsp;&nbsp;&nbsp; 2. +Marian Piotrkowicz 4r.\u015bm.<\/p>\n\n\n\n<p><strong>Czwartek &nbsp;&nbsp;&nbsp;&nbsp;&nbsp; 02.09.2021r.<\/strong><\/p>\n\n\n\n<p>7<sup>00<\/sup>&nbsp;&nbsp;&nbsp;&nbsp;&nbsp;&nbsp; 1. +Jerzy Koz\u0142owski<\/p>\n\n\n\n<p>&nbsp;&nbsp;&nbsp;&nbsp;&nbsp;&nbsp;&nbsp;&nbsp;&nbsp;&nbsp;&nbsp; 2. +Stanis\u0142aw Mruk &#8211; greg. 2<\/p>\n\n\n\n<p>18<sup>00<\/sup>&nbsp;&nbsp;&nbsp;&nbsp; 1. +Stefan Grabowski z ok. imienin<\/p>\n\n\n\n<p>&nbsp;&nbsp;&nbsp;&nbsp;&nbsp;&nbsp;&nbsp;&nbsp;&nbsp;&nbsp;&nbsp; 2. o liczne i \u015bwi\u0119te powo\u0142ania kap\u0142a\u0144skie, zakonne i misyjne oraz za kap\u0142an\u00f3w z naszej parafii &#8211; int. od Przyjaci\u00f3\u0142 Parady\u017ca<\/p>\n\n\n\n<p><strong>Pi\u0105tek &nbsp;&nbsp;&nbsp;&nbsp;&nbsp;&nbsp;&nbsp;&nbsp;&nbsp;&nbsp;&nbsp; 03.09.2021r.<\/strong><\/p>\n\n\n\n<p>7<sup>00<\/sup>&nbsp;&nbsp;&nbsp;&nbsp;&nbsp;&nbsp; 1. +Stanis\u0142aw Mruk &#8211; greg. 3<\/p>\n\n\n\n<p>&nbsp;&nbsp;&nbsp;&nbsp;&nbsp;&nbsp;&nbsp;&nbsp;&nbsp;&nbsp;&nbsp; 2. +Edward Rotarski &#8211; int. od Heleny Rotarskiej i zm. z rodziny<\/p>\n\n\n\n<p>18<sup>00<\/sup>&nbsp;&nbsp;&nbsp;&nbsp; 1. ++Jerzy Fuzowski 26r.\u015bm., te\u015bcie Zofia i Jerzy<\/p>\n\n\n\n<p>&nbsp;&nbsp;&nbsp;&nbsp;&nbsp;&nbsp;&nbsp;&nbsp;&nbsp;&nbsp;&nbsp; 2. ++Stefania Stachowiak 5r.\u015bm. &#8211; int. od c\u00f3rki Gra\u017cyny z m\u0119\u017cem i wnuczki Aleksandry<\/p>\n\n\n\n<p>&nbsp;&nbsp;&nbsp;&nbsp;&nbsp;&nbsp;&nbsp;&nbsp;&nbsp;&nbsp;&nbsp; 3. +Stanis\u0142awa Grabowska 2r.\u015bm.<\/p>\n\n\n\n<p><strong>Sobota &nbsp;&nbsp;&nbsp;&nbsp;&nbsp;&nbsp;&nbsp;&nbsp;&nbsp; 04.09.2021r.<\/strong><\/p>\n\n\n\n<p>7<sup>00<\/sup>&nbsp;&nbsp;&nbsp;&nbsp;&nbsp;&nbsp; +Stanis\u0142aw Mruk &#8211; greg. 4<\/p>\n\n\n\n<p>16<sup>00&nbsp;&nbsp;&nbsp;&nbsp;&nbsp;&nbsp;&nbsp;<\/sup>\u015alub: Dane\u0142ko &#8211; Kiraga<\/p>\n\n\n\n<p>18<sup>00<\/sup>&nbsp;&nbsp;&nbsp;&nbsp; ++Marianna, Franciszek Szczepaniak<\/p>\n\n\n\n<p><strong>Niedziela&nbsp;&nbsp;&nbsp;&nbsp;&nbsp;&nbsp; 05.09.2021r.&nbsp; &nbsp; &nbsp; &nbsp; &nbsp; &nbsp;&nbsp;<\/strong><\/p>\n\n\n\n<p>7<sup>30&nbsp; &nbsp; &nbsp; &nbsp; &nbsp;<\/sup>1. w int. Regina Matujzo i Rozalia Moryson z ok. imienin o potrzebne \u0142aski, opiek\u0119 Matki Bo\u017cej i Bo\u017ce b\u0142og. &#8211; int. od R\u00f3\u017cy MB Klenickiej<\/p>\n\n\n\n<p>&nbsp;&nbsp;&nbsp;&nbsp;&nbsp;&nbsp;&nbsp;&nbsp;&nbsp;&nbsp;&nbsp; 2. w int. Regina Mrowi\u0144ska i Maria \u0141ucka z ok. imienin &#8211; int. od R\u00f3\u017cy Niepok. Serce NMP<\/p>\n\n\n\n<p>9<sup>30<\/sup>&nbsp;&nbsp;&nbsp;&nbsp;&nbsp;&nbsp; 1. ++Antonina, J\u00f3zefa(ona), ks. Edward i zm. z rodz. Sowula<\/p>\n\n\n\n<p>&nbsp;&nbsp;&nbsp;&nbsp;&nbsp;&nbsp;&nbsp;&nbsp;&nbsp;&nbsp;&nbsp; 2. +Stanis\u0142aw Mruk &#8211; greg. 5<\/p>\n\n\n\n<p>11<sup>00<\/sup>&nbsp;&nbsp;&nbsp;&nbsp; 1. Dz-b\u0142. w int. Amandy z ok. 15 rocz. urodzin o zdrowie, Bo\u017ce b\u0142og., or\u0119downictwo NMP i dalsze sukcesy w nauce<\/p>\n\n\n\n<p>&nbsp;&nbsp;&nbsp;&nbsp;&nbsp;&nbsp;&nbsp;&nbsp;&nbsp;&nbsp;&nbsp; 2. w int. Micha\u0142 Romuald Szyszko z okazji 1 rocznicy urodzin<\/p>\n\n\n\n<p>12<sup>30&nbsp;&nbsp;&nbsp;&nbsp;&nbsp;&nbsp;&nbsp;<\/sup>1. ++J\u00f3zefa(ona), Zenon, Magdalena, Helena, Antoni<\/p>\n\n\n\n<p>&nbsp;&nbsp;&nbsp;&nbsp;&nbsp;&nbsp;&nbsp;&nbsp;&nbsp;&nbsp;&nbsp; 2. +Anna Konka 20r.\u015bm.<\/p>\n\n\n\n<p>14<sup>00<\/sup>&nbsp;&nbsp;&nbsp;&nbsp; 1. +Zyta Weres &#8211; int. od nauczycieli SP 8<\/p>\n\n\n\n<p>&nbsp;&nbsp;&nbsp;&nbsp;&nbsp;&nbsp;&nbsp;&nbsp;&nbsp;&nbsp;&nbsp; 2. +Jerzy Koz\u0142owski<\/p>\n\n\n\n<p>18<sup>30 &nbsp;&nbsp;&nbsp;&nbsp;&nbsp;&nbsp;<\/sup>++Barbara Tomaszewska 11r.\u015bm. i zm. z rodz. Szwet\u00f3w<\/p>\n","protected":false},"excerpt":{"rendered":"","protected":false},"author":1,"featured_media":4429,"comment_status":"closed","ping_status":"closed","sticky":false,"template":"","format":"standard","meta":{"_lmt_disableupdate":"","_lmt_disable":"","footnotes":""},"categories":[20],"tags":[],"class_list":["post-4192","post","type-post","status-publish","format-standard","has-post-thumbnail","hentry","category-intencje"],"_links":{"self":[{"href":"https:\/\/swiety-jozef.pl\/index.php\/wp-json\/wp\/v2\/posts\/4192","targetHints":{"allow":["GET"]}}],"collection":[{"href":"https:\/\/swiety-jozef.pl\/index.php\/wp-json\/wp\/v2\/posts"}],"about":[{"href":"https:\/\/swiety-jozef.pl\/index.php\/wp-json\/wp\/v2\/types\/post"}],"author":[{"embeddable":true,"href":"https:\/\/swiety-jozef.pl\/index.php\/wp-json\/wp\/v2\/users\/1"}],"replies":[{"embeddable":true,"href":"https:\/\/swiety-jozef.pl\/index.php\/wp-json\/wp\/v2\/comments?post=4192"}],"version-history":[{"count":1,"href":"https:\/\/swiety-jozef.pl\/index.php\/wp-json\/wp\/v2\/posts\/4192\/revisions"}],"predecessor-version":[{"id":4193,"href":"https:\/\/swiety-jozef.pl\/index.php\/wp-json\/wp\/v2\/posts\/4192\/revisions\/4193"}],"wp:featuredmedia":[{"embeddable":true,"href":"https:\/\/swiety-jozef.pl\/index.php\/wp-json\/wp\/v2\/media\/4429"}],"wp:attachment":[{"href":"https:\/\/swiety-jozef.pl\/index.php\/wp-json\/wp\/v2\/media?parent=4192"}],"wp:term":[{"taxonomy":"category","embeddable":true,"href":"https:\/\/swiety-jozef.pl\/index.php\/wp-json\/wp\/v2\/categories?post=4192"},{"taxonomy":"post_tag","embeddable":true,"href":"https:\/\/swiety-jozef.pl\/index.php\/wp-json\/wp\/v2\/tags?post=4192"}],"curies":[{"name":"wp","href":"https:\/\/api.w.org\/{rel}","templated":true}]}}