{"id":4147,"date":"2022-03-14T00:05:53","date_gmt":"2022-03-13T23:05:53","guid":{"rendered":"https:\/\/swiety-jozef.pl\/?p=4147"},"modified":"2022-03-14T00:05:56","modified_gmt":"2022-03-13T23:05:56","slug":"ogloszenia-duszpasterskie-16-05-2021-r","status":"publish","type":"post","link":"https:\/\/swiety-jozef.pl\/index.php\/2022\/03\/14\/ogloszenia-duszpasterskie-16-05-2021-r\/","title":{"rendered":"Og\u0142oszenia duszpasterskie 16.05.2021 r."},"content":{"rendered":"\n<p class=\"has-text-align-right\"><strong>Nowa S\u00f3l 16 V 2021<\/strong><\/p>\n\n\n\n<h4 class=\"has-text-align-center wp-block-heading\">Og\u0142oszenia duszpasterskie<br>7 niedziela Wielkanocna<\/h4>\n\n\n\n<!--more-->\n\n\n\n<ol class=\"wp-block-list\"><li>Dzisiaj VII Niedziela Wielkanocna,\u00a0<strong>Uroczysto\u015b\u0107 Wniebowst\u0105pienia Pa\u0144skiego<\/strong>\u00a0przeniesiona z czwartku.<br><\/li><li><strong>Trwamy w nowennie do Ducha \u015aw. przed Uroczysto\u015bci\u0105 Zes\u0142ania Ducha \u015awi\u0119tego<\/strong>, kt\u00f3r\u0105 b\u0119dziemy prze\u017cywa\u0107 w przysz\u0142\u0105 niedziele.<br><\/li><li><strong>Komunikat Bp o \u015bwi\u0119ceniach diakonatu.<\/strong><br><\/li><li>Na wyra\u017an\u0105 pro\u015bb\u0119 poszczeg\u00f3lnych rodzic\u00f3w po wcze\u015bniejszym przygotowaniu w przysz\u0142\u0105 niedziel\u0119\u00a0<strong>I Komunia \u015aw. dzieci na mszy \u015bw. o godz. 11<sup>00<\/sup>\u00a0i o godz. 12<sup>30<\/sup>.\u00a0<\/strong>Prosimy aby wierni nie zwi\u0105zani z rodzinami dzieci brali udzia\u0142 w tych mszach \u015bw. na kt\u00f3rych nie b\u0119dzie I Komunii \u015bw.<br><\/li><li>W \u015brod\u0119 o godz. 18:00\u00a0<strong>nowenna do MB Nieustaj\u0105cej Pomocy i \u015bw. J\u00f3zefa.<\/strong><br><\/li><li>Zapraszamy na\u00a0<strong>Nabo\u017ce\u0144stwa Majowe w dni powszednie o godz. 17<sup>30<\/sup>\u00a0w niedziele o godz. 18<sup>00.\u00a0<\/sup><\/strong><sup>\u00a0<\/sup>prosimy dzieciaby na nabo\u017ce\u0144stwa Majowe przynosi\u0142y Matce Bo\u017cej kwiatek polny.<br><\/li><li><strong>Spotkanie z rodzicami i dzie\u0107mi klas IV przed Rocznic\u0105 I Komunii \u015bw.<\/strong><br><\/li><li>W przysz\u0142\u0105 niedziel\u0119 na Mszy \u015bw. o godz. 14<sup>00\u00a0<\/sup>klasy IV SP 8; szko\u0142a katolicka i pozosta\u0142e szko\u0142y<br><em>(prosz\u0119 przynie\u015b\u0107 ze sob\u0105 na ma\u0142ej kartce napisane imi\u0119, nazwisko, klasa i szko\u0142a dziecka)<\/em><br><\/li><li><strong>Dzieci klas II po Mszy \u015bw. zapraszamy do kaplicy, dzieci klas III prosimy o pozostanie w ko\u015bciele.<\/strong><br><\/li><li><strong>W nocy z 3 na 4 maja w sanktuarium \u015bw. Jakuba Aposto\u0142a w Jakubowie wybuch\u0142 po\u017car<\/strong>\u00a0w\u00a0 zabytkowym domu parafialnym. Dzisiaj\u00a0<strong>zostanie przeprowadzona we wszystkich ko\u015bcio\u0142ach naszej diecezji zbi\u00f3rka do puszek na pomoc dla Jakubowa.<\/strong><br><\/li><li>Dzi\u0119kujemy\u00a0<strong>tylko 3 osobom zam. na O\u015b. Konstytucji blok nr 21 blok 22,<\/strong>\u00a0<strong>plus 1 dziecko\u00a0<\/strong>za sprz\u0105tanie ko\u015bcio\u0142a i ofiary na kwiaty. Msza \u015bw. w intencji tych rodzin odb\u0119dzie si\u0119\u00a0<strong>\u00a014VI o godz. 7<sup>00<\/sup><\/strong><br><strong>W sobot\u0119 na godz. 9<sup>00<\/sup>\u00a0do sprz\u0105tania ko\u015bcio\u0142a zapraszam rodzic\u00f3w i dzieci kt\u00f3re w niedziele przyst\u0105pi\u0105 do I Komunii \u015bw.<\/strong><br><\/li><li><strong>Zosta\u0142a zam\u00f3wiona rze\u017aba \u015aw. J\u00f3zefa Rzemie\u015blnika o wymiarze 2,40 metra u p. Jacka Nowaka rze\u017abiarza z Poznania, kt\u00f3ry wykonywa\u0142 wszystkie rze\u017any w naszym ko\u015bciele. Koszt wykonania figury to 50 ty\u015b z\u0142. Chcemy j\u0105 zainstalowa\u0107 w naszym ko\u015bciele na zako\u0144czenie Roku \u015aw. J\u00f3zefa jako wotum wdzi\u0119czno\u015bci za buduj\u0105cych nasz ko\u015bci\u00f3\u0142 z pro\u015bb\u0105 aby \u015aw. J\u00f3zef wyprasza\u0142 Bo\u017ce b\u0142ogos\u0142awie\u0144stwo dla Rodzin naszej parafii i wszystkich modl\u0105cych si\u0119 w naszej \u015bwi\u0105tyni. Osoby i firmy, kt\u00f3re chcia\u0142y by w\u0142\u0105czy\u0107 si\u0119 w powstanie tego dzie\u0142a zapraszam do zakrystii. W przej\u015bciu mi\u0119dzy ko\u015bcio\u0142em a kaplic\u0105 jest ustawiona skarbona do kt\u00f3rej mo\u017cna sk\u0142ada\u0107 ofiary na ten cel, lub przelewem z dopiskiem figura. Zdj\u0119cia z powstawania figury dost\u0119pne na stronie.\u00a0<\/strong><a href=\"https:\/\/swiety-jozef.pl\/powstawanie-figury-sw-jozefa.html\"><strong>https:\/\/swiety-jozef.pl\/powstawanie-figury-sw-jozefa.html<\/strong><\/a><strong>\u00a0 B\u00f3g Zap\u0142a\u0107.<\/strong><br><\/li><li><em>Dzi\u0119kujemy za ofiary na tac\u0119 i za przelewy na konto parafii. B\u00f3g Zap\u0142a\u0107. Numer konta bankowego parafii: 58 9673 0007 0000 0300 4864 0001<\/em><br><\/li><li>Dzisiaj 3 niedziela miesi\u0105ca taca przeznaczona jest na potrzeby parafii za wszelkie dary serdeczne B\u00f3g zap\u0142a\u0107.<br><\/li><li>Biura i Ko\u0142a Radia Maryja dzia\u0142aj\u0105ce w diecezji prosz\u0105\u00a0<strong>o udzielenie wsparcia fundacji Lux Veritatis<\/strong>\u00a0\u201ew zwi\u0105zku z bezpodstawnymi atakami, kt\u00f3re mog\u0105 zniszczy\u0107 Radio Maryja i Telewizj\u0119 Trwam\u201d, prowadzonymi przez organizacj\u0119 Watchdog Polska. Wsparcia mo\u017cna udzieli\u0107 podpisuj\u0105c i wysy\u0142aj\u0105c list do Prezydenta Rzeczypospolitej Polskiej. Tekst listu znajduje si\u0119 w za\u0142\u0105czniku oraz pod adresem:\u00a0<a rel=\"noreferrer noopener\" href=\"http:\/\/www.radiomaryja.pl\/informacje\/w-obronie-lux-veritatis-podpisz-list-do-prezydenta-rp\/\" target=\"_blank\">www.radiomaryja.pl\/informacje\/w-obronie-lux-veritatis-podpisz-list-do-prezydenta-rp\/<\/a><br><\/li><li>Sakrament pokuty w naszym ko\u015bciele, codziennie p\u00f3\u0142 godz. przed ka\u017cd\u0105 Msz\u0105 \u015bw.<br><\/li><li>Zach\u0119camy do zakupu prasy katolickiej:\u00a0<strong>Niedziela, Go\u015b\u0107 Niedzielny.<\/strong><br><\/li><li><strong>W minionym tygodniu<\/strong>\u00a0z naszej parafii\u00a0<strong>zmarli:\u00a0<\/strong>+Henryk<strong>\u00a0Dzikowski\u00a0<\/strong>zam. ul. Krasi\u0144skiego; +Maria\u00a0<strong>Tarka Dybek<\/strong>\u00a0zam. o\u015b Konst 3 Maja; +Helena<strong>\u00a0\u0141ubieniewska<\/strong>\u00a0zam. ul. Matejki; +Gizela\u00a0<strong>Przybylska<\/strong>\u00a0zam. o\u015b. Konst. 3 Maja; +Piotr\u00a0<strong>D\u0142u\u017cak<\/strong>\u00a0zam. o\u015b. Konst. 3 Maja<br><\/li><li>Pami\u0119tajmy o naszych zmar\u0142ych i zmar\u0142ych w czasie epidemii polecaj\u0105c ich Bo\u017cemu Mi\u0142osierdziu.<br><strong>\u00a0<\/strong><\/li><li><strong>Pozdrawiamy wszystkich chorych, przebywaj\u0105cych w izolacji i na kwarantannie, pami\u0119tamy o Was w modlitwie, \u017cycz\u0105c szybkiego powrotu do zdrowia.<\/strong><br><\/li><li><strong>Wszystkim parafianom\u00a0i go\u015bciom \u017cyczymy dobrej niedzieli i Bo\u017cego\u00a0 b\u0142ogos\u0142awie\u0144stwa.<\/strong><br><strong>\u00a0<\/strong><br><strong>Przypominamy i prosimy.<\/strong><br><strong>\u00a0<\/strong><br><strong>1.\u00a0\u00a0\u00a0\u00a0\u00a0W chodz\u0105c do ko\u015bcio\u0142a\u00a0koniecznie dezynfekujemy r\u0119ce, musimy mie\u0107 zakryte usta i nos.<\/strong><br><strong>2.\u00a0\u00a0\u00a0\u00a0\u00a0<\/strong>W \u0142awkach gdzie jest wy\u0142o\u017cona karta REZERWACJA nie siadamy.<br><strong>3.\u00a0\u00a0\u00a0\u00a0\u00a0Przy wszystkich wej\u015bciach do ko\u015bcio\u0142a od s\u0105 ustawiane\u00a0bezdotykowe kropielnice z wod\u0105 \u015bwi\u0119con\u0105,\u00a0powracamy do tego egzorcyzmu &#8211; \u017cegnania si\u0119 wod\u0105 \u015bwi\u0119con\u0105.<\/strong><br><strong>4.\u00a0\u00a0\u00a0\u00a0\u00a0Po spowiedzi,\u00a0spowiadaj\u0105cy si\u0119 odka\u017ca foli\u0119 na kratkach konfesjona\u0142u\u00a0spryskiwaczem znajduj\u0105cym si\u0119 przy konfesjonale.<\/strong><br><strong>5.\u00a0\u00a0\u00a0\u00a0\u00a0Osoby chc\u0105ce przyj\u0105\u0107\u00a0Komuni\u0119 \u015bw. na r\u0119k\u0119\u00a0ustawiaj\u0105 si\u0119 w nawie g\u0142\u00f3wnej, na praw\u0105 d\u0142o\u0144 k\u0142ad\u0105 d\u0142o\u0144 lew\u0105 na kt\u00f3r\u0105 ksi\u0105dz k\u0142adzie Komuni\u0119 \u015bwi\u0119t\u0105, d\u0142oni\u0105\u00a0z\u00a0 pod spodu w obecno\u015bci kap\u0142ana wk\u0142adamy Komuni\u0119 \u015bw. do ust, sprawdzamy czy na d\u0142oni na kt\u00f3r\u0105 ksi\u0105dz z\u0142o\u017cy\u0142 Komuni\u0119 \u015bw. nie zosta\u0142y partyku\u0142y \/okruchy\/ , je\u017celi zosta\u0142y to trzeba Je spo\u017cy\u0107.<\/strong><br><strong>6.\u00a0\u00a0\u00a0\u00a0\u00a0Komunia \u015bw. przyjmowana do ust, jest udzielana przy balaskach i w kaplicy<\/strong><br><em>7.\u00a0\u00a0\u00a0\u00a0\u00a0Zapraszamy na modlitw\u0119 o ustanie pandemii codziennie: Koronka do Bo\u017cego Mi\u0142osierdzia o godz. 15<sup>00<\/sup>\u00a0w kaplicy a o godz. 17<sup>30<\/sup>\u00a0do wsp\u00f3lnej modlitwy r\u00f3\u017ca\u0144cowej.<\/em><br><em>8.\u00a0\u00a0\u00a0\u00a0\u00a0W kaplicy naszego ko\u015bcio\u0142a trwa ca\u0142odniowa Adoracja Naj\u015bwi\u0119tszego Sakramentu w niedziel\u0119 od godz. 15<sup>00<\/sup>\u00a0a w dni powszednie po Mszy \u015bw. porannej do Mszy \u015bw. wieczornej.<\/em><br><strong><em>9.\u00a0\u00a0\u00a0\u00a0\u00a0<\/em><\/strong>Kancelaria czynna: w poniedzia\u0142ek i w sobot\u0119 od godz. 17<sup>00<\/sup>\u00a0od godz. 18<sup>00<\/sup>.<\/li><\/ol>\n","protected":false},"excerpt":{"rendered":"<p>Nowa S\u00f3l 16 V 2021 Og\u0142oszenia duszpasterskie7 niedziela Wielkanocna<\/p>\n","protected":false},"author":1,"featured_media":3316,"comment_status":"closed","ping_status":"closed","sticky":false,"template":"","format":"standard","meta":{"_lmt_disableupdate":"","_lmt_disable":"","footnotes":""},"categories":[19],"tags":[],"class_list":["post-4147","post","type-post","status-publish","format-standard","has-post-thumbnail","hentry","category-ogloszenia"],"_links":{"self":[{"href":"https:\/\/swiety-jozef.pl\/index.php\/wp-json\/wp\/v2\/posts\/4147","targetHints":{"allow":["GET"]}}],"collection":[{"href":"https:\/\/swiety-jozef.pl\/index.php\/wp-json\/wp\/v2\/posts"}],"about":[{"href":"https:\/\/swiety-jozef.pl\/index.php\/wp-json\/wp\/v2\/types\/post"}],"author":[{"embeddable":true,"href":"https:\/\/swiety-jozef.pl\/index.php\/wp-json\/wp\/v2\/users\/1"}],"replies":[{"embeddable":true,"href":"https:\/\/swiety-jozef.pl\/index.php\/wp-json\/wp\/v2\/comments?post=4147"}],"version-history":[{"count":1,"href":"https:\/\/swiety-jozef.pl\/index.php\/wp-json\/wp\/v2\/posts\/4147\/revisions"}],"predecessor-version":[{"id":4148,"href":"https:\/\/swiety-jozef.pl\/index.php\/wp-json\/wp\/v2\/posts\/4147\/revisions\/4148"}],"wp:featuredmedia":[{"embeddable":true,"href":"https:\/\/swiety-jozef.pl\/index.php\/wp-json\/wp\/v2\/media\/3316"}],"wp:attachment":[{"href":"https:\/\/swiety-jozef.pl\/index.php\/wp-json\/wp\/v2\/media?parent=4147"}],"wp:term":[{"taxonomy":"category","embeddable":true,"href":"https:\/\/swiety-jozef.pl\/index.php\/wp-json\/wp\/v2\/categories?post=4147"},{"taxonomy":"post_tag","embeddable":true,"href":"https:\/\/swiety-jozef.pl\/index.php\/wp-json\/wp\/v2\/tags?post=4147"}],"curies":[{"name":"wp","href":"https:\/\/api.w.org\/{rel}","templated":true}]}}