{"id":3964,"date":"2022-03-10T00:22:55","date_gmt":"2022-03-09T23:22:55","guid":{"rendered":"https:\/\/swiety-jozef.pl\/?p=3964"},"modified":"2022-03-10T00:23:53","modified_gmt":"2022-03-09T23:23:53","slug":"komunikat-w-sprawie-swiecen-diakonatu","status":"publish","type":"post","link":"https:\/\/swiety-jozef.pl\/index.php\/2022\/03\/10\/komunikat-w-sprawie-swiecen-diakonatu\/","title":{"rendered":"Komunikat w sprawie \u015bwi\u0119ce\u0144 diakonatu"},"content":{"rendered":"\n<p class=\"has-text-align-right\"><strong>Zielona G\u00f3ra 12 V 2021<\/strong><\/p>\n\n\n\n<h4 class=\"has-text-align-center wp-block-heading\">Komunikat w sprawie \u015bwi\u0119ce\u0144 diakonatu<\/h4>\n\n\n\n<!--more-->\n\n\n\n<p><br><strong>Drodzy Diecezjanie,<\/strong><\/p>\n\n\n\n<p>w sobot\u0119 15 maja w Sanktuarium Matki Bo\u017cej Wychowawczyni Powo\u0142a\u0144 Kap\u0142a\u0144skich w Parady\u017cu trzech alumn\u00f3w naszego seminarium otrzyma\u0142o \u015bwi\u0119cenia diakonatu z r\u0105k bpa Stefana Regmunta. S\u0105 nimi:<\/p>\n\n\n\n<p>1. Pawe\u0142 Ciborowski-Koz\u0142owski z parafii pw. Mi\u0142osierdzia Bo\u017cego w \u017barach,<\/p>\n\n\n\n<p>2. Tomasz Draga\u0144czuk z parafii pw. Nawiedzenia Naj\u015bwi\u0119tszej Maryi Panny&nbsp;w Lubsku,<\/p>\n\n\n\n<p>3. Pawe\u0142 Marciniak z parafii pw. Wniebowzi\u0119cia Naj\u015bwi\u0119tszej Maryi Panny&nbsp;w Lubiszynie.<\/p>\n\n\n\n<p>Do\u0142\u0105czyli oni do grona diakon\u00f3w naszego Zielonog\u00f3rsko-Gorzowskiego Ko\u015bcio\u0142a przygotowuj\u0105cych si\u0119 do \u015bwi\u0119ce\u0144 prezbiteratu.<\/p>\n\n\n\n<p>Wszystkich diakon\u00f3w i alumn\u00f3w naszego seminarium polecam modlitwie ca\u0142ej wsp\u00f3lnoty diecezjalnej. O\u015bmielam si\u0119 te\u017c prosi\u0107 o modlitw\u0119 w intencji nowych powo\u0142a\u0144 do pos\u0142ugi w naszym Ko\u015bciele, tak by nigdy nie zabrak\u0142o szafarzy S\u0142owa Bo\u017cego i sakrament\u00f3w.<\/p>\n\n\n\n<p class=\"has-text-align-right\">Zielona G\u00f3ra, 12 maja 2021 r.<\/p>\n","protected":false},"excerpt":{"rendered":"<p>Zielona G\u00f3ra 12 V 2021 Komunikat w sprawie \u015bwi\u0119ce\u0144 diakonatu<\/p>\n","protected":false},"author":1,"featured_media":3965,"comment_status":"closed","ping_status":"closed","sticky":false,"template":"","format":"standard","meta":{"_lmt_disableupdate":"","_lmt_disable":"","footnotes":""},"categories":[1],"tags":[],"class_list":["post-3964","post","type-post","status-publish","format-standard","has-post-thumbnail","hentry","category-bez-kategorii"],"_links":{"self":[{"href":"https:\/\/swiety-jozef.pl\/index.php\/wp-json\/wp\/v2\/posts\/3964","targetHints":{"allow":["GET"]}}],"collection":[{"href":"https:\/\/swiety-jozef.pl\/index.php\/wp-json\/wp\/v2\/posts"}],"about":[{"href":"https:\/\/swiety-jozef.pl\/index.php\/wp-json\/wp\/v2\/types\/post"}],"author":[{"embeddable":true,"href":"https:\/\/swiety-jozef.pl\/index.php\/wp-json\/wp\/v2\/users\/1"}],"replies":[{"embeddable":true,"href":"https:\/\/swiety-jozef.pl\/index.php\/wp-json\/wp\/v2\/comments?post=3964"}],"version-history":[{"count":2,"href":"https:\/\/swiety-jozef.pl\/index.php\/wp-json\/wp\/v2\/posts\/3964\/revisions"}],"predecessor-version":[{"id":3967,"href":"https:\/\/swiety-jozef.pl\/index.php\/wp-json\/wp\/v2\/posts\/3964\/revisions\/3967"}],"wp:featuredmedia":[{"embeddable":true,"href":"https:\/\/swiety-jozef.pl\/index.php\/wp-json\/wp\/v2\/media\/3965"}],"wp:attachment":[{"href":"https:\/\/swiety-jozef.pl\/index.php\/wp-json\/wp\/v2\/media?parent=3964"}],"wp:term":[{"taxonomy":"category","embeddable":true,"href":"https:\/\/swiety-jozef.pl\/index.php\/wp-json\/wp\/v2\/categories?post=3964"},{"taxonomy":"post_tag","embeddable":true,"href":"https:\/\/swiety-jozef.pl\/index.php\/wp-json\/wp\/v2\/tags?post=3964"}],"curies":[{"name":"wp","href":"https:\/\/api.w.org\/{rel}","templated":true}]}}