{"id":3922,"date":"2022-03-09T23:23:49","date_gmt":"2022-03-09T22:23:49","guid":{"rendered":"https:\/\/swiety-jozef.pl\/?p=3922"},"modified":"2022-03-09T23:52:20","modified_gmt":"2022-03-09T22:52:20","slug":"swieto-chrztu-polski","status":"publish","type":"post","link":"https:\/\/swiety-jozef.pl\/index.php\/2022\/03\/09\/swieto-chrztu-polski\/","title":{"rendered":"\u015awi\u0119to Chrztu Polski"},"content":{"rendered":"\n<h4 class=\"has-text-align-center wp-block-heading\"><strong>\u015awi\u0119to Chrztu Polski<\/strong><\/h4>\n\n\n\n<div style=\"height:27px\" aria-hidden=\"true\" class=\"wp-block-spacer\"><\/div>\n\n\n\n<p>W 2019 r. Sejm RP ustanowi\u0142 dzie\u0144<strong>&nbsp;14 kwietnia \u015awi\u0119tem Chrztu Polski<\/strong>. Jest to upami\u0119tnienie chrztu Mieszka I, w\u0142adcy Polan, kt\u00f3ry \u2013 zgodnie z tradycj\u0105 \u2013 odby\u0142 si\u0119 w Wielk\u0105 Sobot\u0119 14 kwietnia 966 r. \u201eI to wtedy te\u017c narodzi\u0142a si\u0119 Polska. <\/p>\n\n\n\n<!--more-->\n\n\n\n<p>Narodzi\u0142a si\u0119 z w\u00f3d chrzcielnych do nowego, chrze\u015bcija\u0144skiego \u017cycia. Narodzi\u0142a si\u0119 dla \u015bwiata, wychodz\u0105c z epoki przedhistorycznej i wkraczaj\u0105c na aren\u0119 dziej\u00f3w Europy. Narodzi\u0142a si\u0119 dla siebie, jako wsp\u00f3lnota narodowa i polityczna, bowiem przyj\u0119cie chrztu w obrz\u0105dku \u0142aci\u0144skim okre\u015bli\u0142o nasz\u0105 polsk\u0105 to\u017csamo\u015b\u0107. Odt\u0105d zacz\u0119li\u015bmy o sobie samych my\u015ble\u0107 i m\u00f3wi\u0107: my, Polacy.\u201d (Przem\u00f3wienie prezydenta RP, Andrzeja Dudy, wyg\u0142oszone w 1050. rocznic\u0119 Chrztu Polski w Poznaniu, 15.04.2016).<\/p>\n\n\n\n<p>W jedno\u015bci z episkopatem Polski, w celu kultywowania pami\u0119ci o tak wa\u017cnym dla Ko\u015bcio\u0142a i narodu wydarzeniu,&nbsp;<strong>bp Tadeusz Lity\u0144ski poleca<\/strong>, aby:<\/p>\n\n\n\n<ul class=\"wp-block-list\"><li>w najbli\u017csz\u0105 niedziel\u0119, tj. 11 kwietnia,&nbsp;<strong>do og\u0142osze\u0144 parafialnych<\/strong>&nbsp;w\u0142\u0105czy\u0107 informacj\u0119 o \u015awi\u0119cie Chrztu Polski,<\/li><li>na dzie\u0144 14 kwietnia br. ko\u015bcio\u0142y i domy parafialne&nbsp;<strong>udekorowa\u0107 flagami&nbsp;<\/strong>RP i watyka\u0144skimi,<\/li><li>14 kwietnia&nbsp;<strong>w modlitwie powszechnej&nbsp;<\/strong>uwzgl\u0119dni\u0107 stosowne wezwanie w intencji Ojczyzny, Ko\u015bcio\u0142a w Polsce oraz rodak\u00f3w w kraju i zagranic\u0105<\/li><\/ul>\n\n\n\n<p>Wi\u0119cej informacji na temat \u015awi\u0119ta Chrztu Polski na stronie&nbsp;<a href=\"http:\/\/swietochrztu.pl\/\" target=\"_blank\" rel=\"noreferrer noopener\">http:\/\/swietochrztu.pl<\/a><\/p>\n","protected":false},"excerpt":{"rendered":"<p>\u015awi\u0119to Chrztu Polski W 2019 r. Sejm RP ustanowi\u0142 dzie\u0144&nbsp;14 kwietnia \u015awi\u0119tem Chrztu Polski. Jest to upami\u0119tnienie chrztu Mieszka I, w\u0142adcy Polan, kt\u00f3ry \u2013 zgodnie z tradycj\u0105 \u2013 odby\u0142 si\u0119&hellip;<\/p>\n","protected":false},"author":1,"featured_media":3952,"comment_status":"closed","ping_status":"closed","sticky":false,"template":"","format":"standard","meta":{"_lmt_disableupdate":"","_lmt_disable":"","footnotes":""},"categories":[1],"tags":[],"class_list":["post-3922","post","type-post","status-publish","format-standard","has-post-thumbnail","hentry","category-bez-kategorii"],"_links":{"self":[{"href":"https:\/\/swiety-jozef.pl\/index.php\/wp-json\/wp\/v2\/posts\/3922","targetHints":{"allow":["GET"]}}],"collection":[{"href":"https:\/\/swiety-jozef.pl\/index.php\/wp-json\/wp\/v2\/posts"}],"about":[{"href":"https:\/\/swiety-jozef.pl\/index.php\/wp-json\/wp\/v2\/types\/post"}],"author":[{"embeddable":true,"href":"https:\/\/swiety-jozef.pl\/index.php\/wp-json\/wp\/v2\/users\/1"}],"replies":[{"embeddable":true,"href":"https:\/\/swiety-jozef.pl\/index.php\/wp-json\/wp\/v2\/comments?post=3922"}],"version-history":[{"count":2,"href":"https:\/\/swiety-jozef.pl\/index.php\/wp-json\/wp\/v2\/posts\/3922\/revisions"}],"predecessor-version":[{"id":3953,"href":"https:\/\/swiety-jozef.pl\/index.php\/wp-json\/wp\/v2\/posts\/3922\/revisions\/3953"}],"wp:featuredmedia":[{"embeddable":true,"href":"https:\/\/swiety-jozef.pl\/index.php\/wp-json\/wp\/v2\/media\/3952"}],"wp:attachment":[{"href":"https:\/\/swiety-jozef.pl\/index.php\/wp-json\/wp\/v2\/media?parent=3922"}],"wp:term":[{"taxonomy":"category","embeddable":true,"href":"https:\/\/swiety-jozef.pl\/index.php\/wp-json\/wp\/v2\/categories?post=3922"},{"taxonomy":"post_tag","embeddable":true,"href":"https:\/\/swiety-jozef.pl\/index.php\/wp-json\/wp\/v2\/tags?post=3922"}],"curies":[{"name":"wp","href":"https:\/\/api.w.org\/{rel}","templated":true}]}}