{"id":3899,"date":"2022-03-09T21:01:20","date_gmt":"2022-03-09T20:01:20","guid":{"rendered":"https:\/\/swiety-jozef.pl\/?p=3899"},"modified":"2022-03-09T23:38:01","modified_gmt":"2022-03-09T22:38:01","slug":"ogloszenia-duszpasterskie-7-02-2021-r","status":"publish","type":"post","link":"https:\/\/swiety-jozef.pl\/index.php\/2022\/03\/09\/ogloszenia-duszpasterskie-7-02-2021-r\/","title":{"rendered":"Og\u0142oszenia duszpasterskie 7.02.2021 r."},"content":{"rendered":"\n<p class=\"has-text-align-right\"><strong>Nowa S\u00f3l 7 II 2021<\/strong><\/p>\n\n\n\n<h4 class=\"has-text-align-center wp-block-heading\">Og\u0142oszenia duszpasterskie<br>V NIEDZIELA okres zwyk\u0142y<\/h4>\n\n\n\n<!--more-->\n\n\n\n<p>1. Dzisiaj V\u00a0<strong>niedziela okresu zwyk\u0142ego,\u00a0niedziela przed \u015awiatowym dniem Chorego.\u00a0Zbi\u00f3rka do puszek po ka\u017cdej Mszy \u015bw. na potrzeby Hospicjium.<\/strong><\/p>\n\n\n\n<p><strong>2. Dzisiaj po Mszy \u015bw. o godz. 7<sup>30\u00a0<\/sup>zmiana tajemnic \u017bywego R\u00f3\u017ca\u0144ca.<\/strong><br><strong>3. Dzisiaj po Mszy \u015bw. o godz.18<sup>30<\/sup>\u00a0nauka dla rodzic\u00f3w i rodzic\u00f3w chrzestnych przed chrztem dzieci.<\/strong><br><strong>4. W minion\u0105 niedziel\u0119 ks. Bp Tadeusz Lity\u0144ski po\u015bwi\u0119ci\u0142 pami\u0105tkow\u0105 tablic\u0119 upami\u0119tniaj\u0105c\u0105 wielki wk\u0142ad ks. Pra\u0142ata J\u00f3zefa Koco\u0142a<\/strong>, obok\u00a0ks. Bp Wilhelma Pluty i ks. Pra\u0142ata Zygmunta Kurzaka w powstanie naszej parafii i ko\u015bcio\u0142a.\u00a0Osoby\u00a0 i instytucje, kt\u00f3re chcia\u0142y wesprze\u0107 wykonanie tablic &#8211; koszt 15 tys. z\u0142. zapraszam do kancelarii lub zakrystii. B\u00f3g Zap\u0142a\u0107.<br><strong>5. W \u015brod\u0119 o godz. 18<sup>00<\/sup>\u00a0zapraszamy Nowenn\u0119 do MB Nieostaj\u0105cej Pomocy, po nowennie Msza \u015bw. w intencji czcicieli MBNP i w intencjach przedstawionych w czasie nowenny.<\/strong><br><strong>6. 11 lutego w czwartek wspomnienie MB z Lourdes &#8211; obchodzimy \u015awiatowy Dzie\u0144 Chorego<\/strong>. Msze \u015bw. w naszej parafii\u00a0<strong>o godz. 7<sup>00<\/sup>; 9<sup>00<\/sup>; 18<sup>00\u00a0<\/sup>z udzieleniem sakramentu namaszczenia chorych<\/strong>.\u00a0Prosimy rodziny i s\u0105siad\u00f3w aby umo\u017cliwi\u0142y osobom starszym i chorych w dotarciu na Msze \u015bw.<br><strong>7. Dzieci klas II po Mszy \u015bw. zapraszamy do kaplicy, dzieci klas III prosimy o pozostanie w ko\u015bciele.<\/strong><br><strong>8. Zako\u0144czyli\u015bmy kol\u0119d\u0119<\/strong>.\u00a0<strong>W tym roku zapraszali\u015bmy rodziny z wyznaczonych ulic na wieczorn\u0105 Msz\u0119 \u015bw. o godz. 18<sup>00<\/sup>, kt\u00f3r\u0105 sprawowali\u015bmy w intencji tych rodzin<\/strong>. Po Mszy \u015bw.\u00a0<strong>b\u0142ogos\u0142awie\u0144stwo Rodzin i przekazanie ka\u017cdej rodzinie obrazu \u015bw. J\u00f3zefa z Dzieci\u0105tkiem<\/strong>\u00a0\u00a0z okazji kol\u0119dy i og\u0142oszonego przez\u00a0<strong>papie\u017ca Franciszka<\/strong>\u00a0<strong>ROKU \u015aWI\u0118TEGO J\u00d3ZEFA.<\/strong><br><strong>9. W poniedzia\u0142ek 8 lutego kol\u0119da uzupe\u0142niaj\u0105ca rozpocznie si\u0119 Msz\u0105 \u015bw. o godz. 18<sup>00<\/sup>. \u00a0Ofiary sk\u0142adane w czasie kol\u0119dy s\u0105 przeznaczone na utrzymanie naszego ko\u015bcio\u0142a. B\u00f3g Zap\u0142a\u0107.\u00a0<\/strong>\u00a0\u00a0<br><strong>10. Dzi\u0119kujemy 3 osobom z ul\u00a0Kossaka blok nr 1 \u00a0i 1 osobie ch\u0119tnej za sprz\u0105tanie ko\u015bcio\u0142a i ofiary na kwiaty.<\/strong>\u00a0Msza \u015bw. w intencji tych os\u00f3b b\u0119dzie\u00a0<strong>sprawowana 16 II o godz. 7<sup>00<\/sup><\/strong>. Z\u00a0<strong>bloku nr 3 nikt nie przyszed\u0142 do sprz\u0105tania ko\u015bcio\u0142a<\/strong><br><strong>W sobot\u0119\u00a0 na godz. 9<sup>00<\/sup>\u00a0do sprz\u0105tania<\/strong>\u00a0ko\u015bcio\u0142a prosz\u0119 wiernych z ul<strong>.\u00a0Kossaka blok nr 5, nr\u00a07, nr 9.<\/strong><br>11. <em>Dzi\u0119kujemy za ofiary tac\u0119 i za przelew na konto parafii. B\u00f3g Zap\u0142a\u0107. Numer konta bankowego parafii: 58 9673 0007 0000 0300 4864 0001<\/em><br>12. Zach\u0119camy do zakupu i lektury prasy katolickiej:\u00a0<strong>NIEDZIELA, GO\u015a\u0106 NIEDZIELNY, Ma\u0142y Go\u015b\u0107.<\/strong><br><strong>13. W minionym tygodniu<\/strong>\u00a0z naszej parafii\u00a0<strong>zmar\u0142:<\/strong>\u00a0+ Andrzej<strong>\u00a0Chojnacki<\/strong>\u00a0zam. ul. D\u0142uga<br>Pami\u0119tajmy o naszych zmar\u0142ych i zmar\u0142ych w czasie epidemii polecaj\u0105c ich Bo\u017cemu Mi\u0142osierdziu. Wieczne odpoczywanie racz im da\u0107 Panie.<br>14. Bp. Diecezjalny udzieli\u0142 dyspensy od uczestnictwa w niedzielnej Mszy \u015bw. Zapraszamy do uczestnictwa we Mszy \u015bw. na \u017cywo z naszego ko\u015bcio\u0142a. S\u0105 zainstalowane 2 kamery: linki na stronie.\u00a0<a href=\"https:\/\/swiety-jozef.pl\/\">https:\/\/swiety-jozef.pl\/<\/a>\u00a0\u00a0<br><strong>Pozdrawiamy wszystkich chorych, przebywaj\u0105cych w izolacji i na kwarantannie, pami\u0119tamy o Was w modlitwie, \u017cycz\u0105c szybkiego powrotu do zdrowia.<\/strong><br><strong>Wszystkim parafianom i go\u015bciom \u017cyczymy Bo\u017cego\u00a0 b\u0142ogos\u0142awie\u0144stwa.<\/strong><br><strong>\u00a0<\/strong><br><strong>Przypominamy i prosimy.<\/strong><br><strong>\u00a0<\/strong><br><strong>1.\u00a0\u00a0\u00a0\u00a0\u00a0\u00a0W chodz\u0105c do ko\u015bcio\u0142a\u00a0koniecznie dezynfekujemy r\u0119ce, musimy mie\u0107 zakryte usta i nos.<\/strong><br><strong>2.\u00a0\u00a0\u00a0\u00a0\u00a0\u00a0<\/strong>W \u0142awkach gdzie jest wy\u0142o\u017cona karta REZERWACJA nie siadamy.<br><strong>3.\u00a0\u00a0\u00a0\u00a0\u00a0\u00a0Przy wszystkich wej\u015bciach do ko\u015bcio\u0142a od s\u0105 ustawiane\u00a0bezdotykowe kropielnice z wod\u0105 \u015bwi\u0119con\u0105,\u00a0powracamy do tego egzorcyzmu &#8211; \u017cegnania si\u0119 wod\u0105 \u015bwi\u0119con\u0105.<\/strong><br><strong>4.\u00a0\u00a0\u00a0\u00a0\u00a0\u00a0Po spowiedzi,\u00a0spowiadaj\u0105cy si\u0119 odka\u017ca foli\u0119 na kratkach konfesjona\u0142u\u00a0spryskiwaczem znajduj\u0105cym si\u0119 przy konfesjonale.<\/strong><br><strong>5.\u00a0\u00a0\u00a0\u00a0\u00a0\u00a0Osoby chc\u0105ce przyj\u0105\u0107\u00a0Komuni\u0119 \u015bw. na r\u0119k\u0119\u00a0ustawiaj\u0105 si\u0119 w nawie g\u0142\u00f3wnej, na praw\u0105 d\u0142o\u0144 k\u0142ad\u0105 d\u0142o\u0144 lew\u0105 na kt\u00f3r\u0105 ksi\u0105dz k\u0142adzie Komuni\u0119 \u015bwi\u0119t\u0105, d\u0142oni\u0105\u00a0z\u00a0 pod spodu w obecno\u015bci kap\u0142ana wk\u0142adamy Komuni\u0119 \u015bw. do ust, sprawdzamy czy na\u00a0 \u00a0 \u00a0 \u00a0 \u00a0 \u00a0 \u00a0d\u0142oni na kt\u00f3r\u0105 ksi\u0105dz z\u0142o\u017cy\u0142 Komuni\u0119 \u015bw. nie zosta\u0142y partyku\u0142y \/okruchy\/ , je\u017celi zosta\u0142y to trzeba Je spo\u017cy\u0107.<\/strong><br><strong>6.\u00a0\u00a0\u00a0\u00a0\u00a0\u00a0Komunia \u015bw. przyjmowana do ust, jest udzielana przy balaskach i w kaplicy<\/strong><br><em>7.\u00a0\u00a0\u00a0\u00a0\u00a0\u00a0Zapraszamy na modlitw\u0119 o ustanie pandemii codziennie: Koronka do Bo\u017cego Mi\u0142osierdzia o godz. 15<sup>00<\/sup>\u00a0w kaplicy a o godz. 17<sup>30<\/sup>\u00a0do wsp\u00f3lnej modlitwy r\u00f3\u017ca\u0144cowej.<\/em><br><em>8.\u00a0\u00a0\u00a0\u00a0\u00a0\u00a0W kaplicy naszego ko\u015bcio\u0142a trwa ca\u0142odniowa Adoracja Naj\u015bwi\u0119tszego Sakramentu w niedziel\u0119 od godz. 15<sup>00<\/sup>\u00a0a w dni powszednie po Mszy \u015bw. porannej do Mszy \u015bw. wieczornej.<\/em><br><strong><em>9.\u00a0\u00a0\u00a0\u00a0\u00a0\u00a0<\/em><\/strong>Kancelaria czynna: w poniedzia\u0142ek i w sobot\u0119 od godz. 17<sup>00<\/sup>\u00a0od godz. 18<sup>00<\/sup>.<\/p>\n","protected":false},"excerpt":{"rendered":"<p>Nowa S\u00f3l 7 II 2021 Og\u0142oszenia duszpasterskieV NIEDZIELA okres zwyk\u0142y<\/p>\n","protected":false},"author":1,"featured_media":3316,"comment_status":"closed","ping_status":"closed","sticky":false,"template":"","format":"standard","meta":{"_lmt_disableupdate":"","_lmt_disable":"","footnotes":""},"categories":[19],"tags":[],"class_list":["post-3899","post","type-post","status-publish","format-standard","has-post-thumbnail","hentry","category-ogloszenia"],"_links":{"self":[{"href":"https:\/\/swiety-jozef.pl\/index.php\/wp-json\/wp\/v2\/posts\/3899","targetHints":{"allow":["GET"]}}],"collection":[{"href":"https:\/\/swiety-jozef.pl\/index.php\/wp-json\/wp\/v2\/posts"}],"about":[{"href":"https:\/\/swiety-jozef.pl\/index.php\/wp-json\/wp\/v2\/types\/post"}],"author":[{"embeddable":true,"href":"https:\/\/swiety-jozef.pl\/index.php\/wp-json\/wp\/v2\/users\/1"}],"replies":[{"embeddable":true,"href":"https:\/\/swiety-jozef.pl\/index.php\/wp-json\/wp\/v2\/comments?post=3899"}],"version-history":[{"count":3,"href":"https:\/\/swiety-jozef.pl\/index.php\/wp-json\/wp\/v2\/posts\/3899\/revisions"}],"predecessor-version":[{"id":3941,"href":"https:\/\/swiety-jozef.pl\/index.php\/wp-json\/wp\/v2\/posts\/3899\/revisions\/3941"}],"wp:featuredmedia":[{"embeddable":true,"href":"https:\/\/swiety-jozef.pl\/index.php\/wp-json\/wp\/v2\/media\/3316"}],"wp:attachment":[{"href":"https:\/\/swiety-jozef.pl\/index.php\/wp-json\/wp\/v2\/media?parent=3899"}],"wp:term":[{"taxonomy":"category","embeddable":true,"href":"https:\/\/swiety-jozef.pl\/index.php\/wp-json\/wp\/v2\/categories?post=3899"},{"taxonomy":"post_tag","embeddable":true,"href":"https:\/\/swiety-jozef.pl\/index.php\/wp-json\/wp\/v2\/tags?post=3899"}],"curies":[{"name":"wp","href":"https:\/\/api.w.org\/{rel}","templated":true}]}}