{"id":3893,"date":"2022-03-09T20:44:46","date_gmt":"2022-03-09T19:44:46","guid":{"rendered":"https:\/\/swiety-jozef.pl\/?p=3893"},"modified":"2022-03-09T23:39:18","modified_gmt":"2022-03-09T22:39:18","slug":"ogloszenia-duszpasterskie-17-01-2021-r","status":"publish","type":"post","link":"https:\/\/swiety-jozef.pl\/index.php\/2022\/03\/09\/ogloszenia-duszpasterskie-17-01-2021-r\/","title":{"rendered":"Og\u0142oszenia duszpasterskie 17.01.2021 r."},"content":{"rendered":"\n<p class=\"has-text-align-right\"><strong>Nowa S\u00f3l 17 I 2021<\/strong><\/p>\n\n\n\n<h4 class=\"has-text-align-center wp-block-heading\">Og\u0142oszenia duszpasterskie<br>II NIEDZIELA okres zwyk\u0142y<\/h4>\n\n\n\n<!--more-->\n\n\n\n<p>1. Dzisiaj II\u00a0<strong>niedziela okresu zwyk\u0142ego<\/strong><br><strong>2. Dzisiaj trzeci\u0105 niedziel\u0105 miesi\u0105ca<\/strong>. Ofiary na tac\u0119 tradycyjnie sk\u0142adamy na potrzeby naszej parafii. Za pami\u0119\u0107 i ofiarno\u015b\u0107 sk\u0142adamy serdeczne \u201eB\u00f3g zap\u0142a\u0107\u201d.<br><strong>3. W poniedzia\u0142ek rozpoczyna si\u0119 tydzie\u0144 modlitw i Jedno\u015b\u0107 Chrze\u015bcijanW czwartek obchodzimy Dzie\u0144 Babci a w pi\u0105tek 4. Dzie\u0144 Dziadka, pami\u0119tajmy sk\u0142adaj\u0105c podzi\u0119kowania i \u017cyczenia a o zmar\u0142ych pami\u0119tajmy w modlitwie i Mszy \u015bw.<\/strong><br>4. <strong>W pi\u0105tek 35 rocz. \u015bmierci S\u0142ugi Bo\u017cego Bp. Wilhelma Pluty<\/strong><br><strong>5. Komunikat o \u015bmierci Bp Adama Dyczkowskiego i Bp Antoniego Stankiewicza<\/strong><br><strong>6. Kurs przedma\u0142\u017ce\u0144skie odb\u0119dzie si\u0119 w dniach 5 \u2013 7 lutego w par. \u015aw. Antoniego.Zapisy przez stron\u0119 internetow\u0105 par. \u015bw. Antoniego.<\/strong><br><strong>7. 29 grudnia ub. r. Chorwacj\u0119 nawiedzi\u0142o najsilniejsze od 140 lat trz\u0119sienie ziemi<\/strong>. Ko\u015bci\u00f3\u0142 w Polsce \u2013 za po\u015brednictwem Caritas Polska \u2013 przekaza\u0142 100 tys. z\u0142otych, ale potrzeby s\u0105 zdecydowanie wi\u0119ksze. W zwi\u0105zku z tym\u00a0niedziela\u00a0<strong>24 stycznia<\/strong>\u00a0<strong>br. b\u0119dzie w Polsce \u201eDniem solidarno\u015bci z Chorwacj\u0105\u201d po Mszy \u015bw.\u00a0zbi\u00f3rk\u0119 do puszek\u00a0na ten cel.<\/strong><br>8. <strong>W 3 rocznic\u0119 \u015bmierci ks. P\u0142ata\u0142a J\u00f3zefa Koco\u0142a<\/strong>,\u00a0<strong>31 stycznia na Mszy \u015bw. o godz. 12<sup>30\u00a0<\/sup>ks. Bp Tadeusz Lity\u0144ski\u00a0<\/strong>w obecno\u015bci parafian i tworz\u0105cych pi\u0119kno naszego ko\u015bcio\u0142a,\u00a0<strong>ods\u0142oni pami\u0105tkow\u0105 tablic\u0119 upami\u0119tniaj\u0105c\u0105 wielki wk\u0142ad ks. Pra\u0142ata J\u00f3zefa Koco\u0142a<\/strong>, obok ks. Bp Wilhelma Pluty i ks. Pra\u0142ata Zygmunta Kurzaka w powstanie naszej parafii i ko\u015bcio\u0142a.\u00a0Zapraszamy na t\u0105 uroczysto\u015b\u0107. Mo\u017cliwo\u015b\u0107 uczestnictwa tak\u017ce poprzez transmisje internetow\u0105. Osoby\u00a0 i instytucje, kt\u00f3re chcia\u0142y wesprze\u0107 wykonanie tablic &#8211; koszt 15 tys. z\u0142. zapraszam do kancelarii lub zakrystii. B\u00f3g Zap\u0142a\u0107.<br>9. <strong>Dzieci klas II po Mszy \u015bw. zapraszamy do kaplicy, dzieci klas III prosimy o pozostanie w ko\u015bciele.<\/strong><br><strong>10. Rozpocz\u0119li\u015bmy kol\u0119d\u0119<\/strong>.\u00a0<strong>W tym roku zapraszamy rodziny z wyznaczonych ulic na wieczorn\u0105 Msz\u0119 \u015bw. o godz. 18<sup>00<\/sup>, kt\u00f3r\u0105 b\u0119dziemy sprawowa\u0107 w intencji tych rodzin<\/strong>.\u00a0<em>P\u00f3\u0142 godziny przed Msz\u0105 \u015bw. mo\u017cliwo\u015b\u0107 spowiedzi<\/em><strong>, prosimy aby wszyscy domownicy, kt\u00f3rzy mog\u0105 otrzyma\u0107 rozgrzeszenie przyj\u0119li Komuni\u0119 \u015bw. Osoby \u017cyj\u0105ce w zwi\u0105zkach nie sakramentalnych prosz\u0119 o duchow\u0105 adoracj\u0119 Komunii \u015bw.\u00a0\u00a0<\/strong>Po Mszy \u015bw.\u00a0<strong>b\u0142ogos\u0142awie\u0144stwo Rodzin i przekazanie ka\u017cdej rodzinie obrazu \u015bw. J\u00f3zefa z Dzieci\u0105tkiem<\/strong>\u00a0\u00a0z okazji kol\u0119dy i og\u0142oszonego przez\u00a0<strong>papie\u017ca Franciszka ROKU \u015aWI\u0118TEGO J\u00d3ZEFA.<\/strong><br>11. <strong>Plan kol\u0119dy jest wywieszony w gablotach i umieszczony na stronie internetowej parafii. Ofiary sk\u0142adane w czasie kol\u0119dy s\u0105 przeznaczone na utrzymanie naszego ko\u015bcio\u0142a. B\u00f3g Zap\u0142a\u0107.\u00a0<\/strong>\u00a0\u00a0<br><strong>12. Dzi\u0119kujemy 3 osobom z ul.\u00a0Konopnickiej\u00a0i Kochanowskiego\u00a0i 1 osobie ch\u0119tnej za sprz\u0105tanie ko\u015bcio\u0142a i ofiary na kwiaty.<\/strong>\u00a0Msza \u015bw. w intencji tych os\u00f3b b\u0119dzie\u00a0<strong>sprawowana 8 II o godz. 18<sup>00<\/sup><\/strong>.<br><strong>W sobot\u0119\u00a0 na godz. 9<sup>00<\/sup>\u00a0do sprz\u0105tania<\/strong>\u00a0ko\u015bcio\u0142a prosz\u0119 wiernych z ul<strong>.\u00a0Makuszy\u0144skiego, Tuwima, Brzechwy, Korczaka, S\u0142owackiego, Saper\u00f3w<\/strong><br>13. <em>Dzi\u0119kujemy za ofiary tac\u0119 i za przelew na konto parafii. B\u00f3g Zap\u0142a\u0107. Numer konta bankowego parafii: 58 9673 0007 0000 0300 4864 0001<\/em><br>14. Zach\u0119camy do zakupu i lektury prasy katolickiej:\u00a0<strong>NIEDZIELA, GO\u015a\u0106 NIEDZIELNY.<\/strong><br>15. <strong>W minionym tygodniu<\/strong>\u00a0z naszej parafii\u00a0<strong>zmarli:<\/strong>\u00a0+Krzysztof\u00a0<strong>Makochenko<\/strong>\u00a0zam. ul. Fredry; +J\u00f3zefa\u00a0<strong>Janowska<\/strong>\u00a0zam. ul. Krasi\u0144skiego; +Jan\u00a0<strong>Ma\u0144czak<\/strong>\u00a0zam. o\u015b. Konstytucji 3 Maja; +Jerzy\u00a0<strong>Mackiewicz<\/strong>\u00a0zam. ul. Wierzy\u0144skiego<br>Pami\u0119tajmy o naszych zmar\u0142ych i zmar\u0142ych w czasie epidemii polecaj\u0105c ich Bo\u017cemu Mi\u0142osierdziu. Wieczne odpoczywanie racz im da\u0107 Panie.<br>16. Bp. Diecezjalny udzieli\u0142 dyspensy od uczestnictwa w niedzielnej Mszy \u015bw. Zapraszamy do uczestnictwa we Mszy \u015bw. na \u017cywo z naszego ko\u015bcio\u0142a. S\u0105 zainstalowane 2 kamery: linki na stronie.\u00a0<a href=\"https:\/\/swiety-jozef.pl\/\">https:\/\/swiety-jozef.pl\/<\/a>\u00a0\u00a0<br><strong>17. Pozdrawiamy wszystkich chorych, przebywaj\u0105cych w izolacji i na kwarantannie, pami\u0119tamy o Was w modlitwie, \u017cycz\u0105c szybkiego powrotu do zdrowia.<\/strong><br><strong>Wszystkim parafianom i go\u015bciom \u017cyczymy Bo\u017cego\u00a0 b\u0142ogos\u0142awie\u0144stwa.<\/strong><br><strong>\u00a0<\/strong><br><strong>\u00a0<\/strong><br><strong>Przypominamy i prosimy.<\/strong><br><strong>\u00a0<\/strong><br><strong>1.\u00a0\u00a0\u00a0\u00a0W chodz\u0105c do ko\u015bcio\u0142a\u00a0koniecznie dezynfekujemy r\u0119ce, musimy mie\u0107 zakryte usta i nos.<\/strong><br><strong>2.\u00a0\u00a0\u00a0\u00a0<\/strong>W \u0142awkach gdzie jest wy\u0142o\u017cona karta REZERWACJA nie siadamy.<br><strong>3.\u00a0\u00a0\u00a0\u00a0Przy wszystkich wej\u015bciach do ko\u015bcio\u0142a od s\u0105 ustawiane\u00a0bezdotykowe kropielnice z wod\u0105 \u015bwi\u0119con\u0105,\u00a0powracamy do tego egzorcyzmu &#8211; \u017cegnania si\u0119 wod\u0105 \u015bwi\u0119con\u0105.<\/strong><br><strong>4.\u00a0\u00a0\u00a0\u00a0Po spowiedzi,\u00a0spowiadaj\u0105cy si\u0119 odka\u017ca foli\u0119 na kratkach konfesjona\u0142u\u00a0spryskiwaczem znajduj\u0105cym si\u0119 przy konfesjonale.<\/strong><br><strong>5.\u00a0\u00a0\u00a0\u00a0Osoby chc\u0105ce przyj\u0105\u0107\u00a0Komuni\u0119 \u015bw. na r\u0119k\u0119\u00a0ustawiaj\u0105 si\u0119 w nawie g\u0142\u00f3wnej, na praw\u0105 d\u0142o\u0144 k\u0142ad\u0105 d\u0142o\u0144 lew\u0105 na kt\u00f3r\u0105 ksi\u0105dz k\u0142adzie Komuni\u0119 \u015bwi\u0119t\u0105, d\u0142oni\u0105\u00a0z\u00a0 pod spodu w obecno\u015bci kap\u0142ana wk\u0142adamy Komuni\u0119 \u015bw. do ust, sprawdzamy czy na d\u0142oni na kt\u00f3r\u0105 ksi\u0105dz z\u0142o\u017cy\u0142 Komuni\u0119 \u015bw. nie zosta\u0142y partyku\u0142y \/okruchy\/ , je\u017celi zosta\u0142y to trzeba Je spo\u017cy\u0107.<\/strong><br><strong>6.\u00a0\u00a0\u00a0\u00a0Komunia \u015bw. przyjmowana do ust, jest udzielana przy balaskach i w kaplicy<\/strong><br><em>7.\u00a0\u00a0\u00a0\u00a0Zapraszamy na modlitw\u0119 o ustanie pandemii codziennie: Koronka do Bo\u017cego Mi\u0142osierdzia o godz. 15<sup>00<\/sup>\u00a0w kaplicy a o godz. 17<sup>30<\/sup>\u00a0do wsp\u00f3lnej modlitwy r\u00f3\u017ca\u0144cowej.<\/em><br><em>8.\u00a0\u00a0\u00a0\u00a0W kaplicy naszego ko\u015bcio\u0142a trwa ca\u0142odniowa Adoracja Naj\u015bwi\u0119tszego Sakramentu w niedziel\u0119 od godz. 15<sup>00<\/sup>\u00a0a w dni powszednie po Mszy \u015bw. porannej do Mszy \u015bw. wieczornej.<\/em><br><em>9.\u00a0\u00a0\u00a0\u00a0<\/em>Kancelaria czynna: w poniedzia\u0142ek i w sobot\u0119 od godz. 17<sup>00<\/sup>\u00a0od godz. 18<sup>00<\/sup><\/p>\n","protected":false},"excerpt":{"rendered":"<p>Nowa S\u00f3l 17 I 2021 Og\u0142oszenia duszpasterskieII NIEDZIELA okres zwyk\u0142y<\/p>\n","protected":false},"author":1,"featured_media":3316,"comment_status":"closed","ping_status":"closed","sticky":false,"template":"","format":"standard","meta":{"_lmt_disableupdate":"","_lmt_disable":"","footnotes":""},"categories":[19],"tags":[],"class_list":["post-3893","post","type-post","status-publish","format-standard","has-post-thumbnail","hentry","category-ogloszenia"],"_links":{"self":[{"href":"https:\/\/swiety-jozef.pl\/index.php\/wp-json\/wp\/v2\/posts\/3893","targetHints":{"allow":["GET"]}}],"collection":[{"href":"https:\/\/swiety-jozef.pl\/index.php\/wp-json\/wp\/v2\/posts"}],"about":[{"href":"https:\/\/swiety-jozef.pl\/index.php\/wp-json\/wp\/v2\/types\/post"}],"author":[{"embeddable":true,"href":"https:\/\/swiety-jozef.pl\/index.php\/wp-json\/wp\/v2\/users\/1"}],"replies":[{"embeddable":true,"href":"https:\/\/swiety-jozef.pl\/index.php\/wp-json\/wp\/v2\/comments?post=3893"}],"version-history":[{"count":2,"href":"https:\/\/swiety-jozef.pl\/index.php\/wp-json\/wp\/v2\/posts\/3893\/revisions"}],"predecessor-version":[{"id":3944,"href":"https:\/\/swiety-jozef.pl\/index.php\/wp-json\/wp\/v2\/posts\/3893\/revisions\/3944"}],"wp:featuredmedia":[{"embeddable":true,"href":"https:\/\/swiety-jozef.pl\/index.php\/wp-json\/wp\/v2\/media\/3316"}],"wp:attachment":[{"href":"https:\/\/swiety-jozef.pl\/index.php\/wp-json\/wp\/v2\/media?parent=3893"}],"wp:term":[{"taxonomy":"category","embeddable":true,"href":"https:\/\/swiety-jozef.pl\/index.php\/wp-json\/wp\/v2\/categories?post=3893"},{"taxonomy":"post_tag","embeddable":true,"href":"https:\/\/swiety-jozef.pl\/index.php\/wp-json\/wp\/v2\/tags?post=3893"}],"curies":[{"name":"wp","href":"https:\/\/api.w.org\/{rel}","templated":true}]}}