{"id":3655,"date":"2022-03-08T19:16:29","date_gmt":"2022-03-08T18:16:29","guid":{"rendered":"https:\/\/swiety-jozef.pl\/?p=3655"},"modified":"2022-03-08T19:16:30","modified_gmt":"2022-03-08T18:16:30","slug":"ogloszenia-duszpasterskie-22-11-2020-r","status":"publish","type":"post","link":"https:\/\/swiety-jozef.pl\/index.php\/2022\/03\/08\/ogloszenia-duszpasterskie-22-11-2020-r\/","title":{"rendered":"Og\u0142oszenia duszpasterskie 22.11.2020 r."},"content":{"rendered":"\n<p class=\"has-text-align-right\"><strong>Nowa S\u00f3l 22 XI 2020<\/strong><\/p>\n\n\n\n<h4 class=\"has-text-align-center wp-block-heading\">Og\u0142oszenia duszpasterskie<br>34 Niedziela zwyk\u0142a rok A<br>Uroczysto\u015b\u0107 Jezusa Chrystusa Kr\u00f3la Wszech\u015bwiata <\/h4>\n\n\n\n<p>1. Dzisiaj 34 niedziela okresu zwyk\u0142ego,\u00a0<strong>Uroczysto\u015b\u0107 Jezusa Chrystusa Kr\u00f3la Wszech\u015bwiata<\/strong>\u00a0ko\u0144cz\u0105ca rok liturgiczny.\u00a0<strong>Mo\u017cna zyska\u0107 odpust zupe\u0142ny<\/strong>: publicznie odmawiaj\u0105c Akt po\u015bwi\u0119cenia \u201eO, Jezu najs\u0142odszy, odkupicielu \u2026\u201d, Komunia \u015aw. , modlitwa w intencjach Ojca \u015awi\u0119tego. Co za chwile uczynimy.<\/p>\n\n\n\n<!--more-->\n\n\n\n<p><br>2. Dzisiejsza uroczysto\u015b\u0107 to \u015bwi\u0119to patronalne naszego Wy\u017cszego Seminarium Duchownego, z tej okazji w naszej parafii na wszystkich Mszach \u015bw. czytamy list rektora.\u00a0<strong>Taca z tej niedzieli jest przeznaczona na utrzymanie seminarium.<\/strong><br><strong>3. Za tydzie\u0144 I Niedziela Adwentu<\/strong>\u00a0\u2013 nowy rok liturgiczny.<br><strong>4. Dzisiaj na Mszy \u015bw. o godz. 7<sup>00\u00a0<\/sup>po\u015bwi\u0119cili\u015bmy op\u0142atki.\u00a0Op\u0142atki w tym roku op\u0142atk\u00f3w nie b\u0119dziemy roznosi\u0107 do dom\u00f3w. Op\u0142atki mo\u017cna osobi\u015bcie odebra\u0107 w ka\u017cd\u0105 niedziel\u0119 przy drzwiach wej\u015bciowych do ko\u015bcio\u0142a po ka\u017cdej Mszy \u015bw. i\u00a0 codziennie w zakrystii lub kancelarii w godzinach jej urz\u0119dowania.\u00a0Ofiary za op\u0142atki s\u0105 przeznaczone na utrzymanie ko\u015bcio\u0142a<\/strong>, ofiar nie sk\u0142adamy przy odbiorze op\u0142atk\u00f3w, tradycyjnie ofiary sk\u0142adamy do kopert.<br>5. W tym roku prawdopodobnie tradycyjnej kol\u0119dy nie b\u0119dzie, dane wpisane na kopercie przy sk\u0142adaniu ofiar nie s\u0105 zaproszeniem na kol\u0119d\u0119, ale s\u0105 potrzebne do uaktualnienia listy ofiarodawc\u00f3w.<br>6. Od dzisiejszej niedzieli rozprowadzamy\u00a0<strong>\u015bwiece na st\u00f3\u0142 wigilijny<\/strong>, jako\u00a0<strong>Wigilijne Dzie\u0142o pomocy Dzieciom. ma\u0142e 6 z\u0142, du\u017ce 15 z\u0142<\/strong><br>7. Zbli\u017ca si\u0119\u00a0<strong>dzie\u0144 \u015awi\u0119tego Miko\u0142aja<\/strong>, osoby prywatne i firmy, kt\u00f3re chcia\u0142yby pom\u00f3c \u015bw. Miko\u0142ajowi w przegotowaniu prezent\u00f3w dla naszych dzieci zapraszam z propozycjami do zakrystii.<br><strong>8. Wypominki za zmar\u0142ych w dni powszednie o godz. 17<sup>30<\/sup>\u00a0w niedziel\u0119 o godz. 18<sup>00<\/sup>.<\/strong>\u00a0Wypominki zako\u0144czymy w pi\u0105tek przed 1 niedziel\u0105 Adwentu.<br><strong>9. Przygotowanie doros\u0142ych \/od 21 roku \u017cycia\/ do Sakramentu Bierzmowania rozpocznie si\u0119 w niedziel\u0119 6XII<\/strong>\u00a0o godz. 17<sup>00\u00a0<\/sup>w kaplicy par. \u015aw. J\u00f3zefa. \/Jest to cykl \u00a0spotka\u0144 6,13,20 XII; 10,17I;<br><strong>10. Bardzo prosimy, przed p\u00f3j\u015bciem do szpitala<\/strong>\u00a0na zabiegi\u00a0<strong>planowe o przyj\u015bcie do ko\u015bcio\u0142a lub poproszenie ksi\u0119dza do domu i przyj\u0119cie sakramentu spowiedzi, Komunii \u015bw. i Namaszczenia chorych<\/strong>, prosz\u0119 zatroszczy\u0107 si\u0119 o osoby starsze i schorowane i zaproponowa\u0107 im pos\u0142ug\u0119 sakramentaln\u0105. Bardzo du\u017co os\u00f3b odprowadzamy na cmentarz, kt\u00f3rzy przez wiele miesi\u0119cy i lat nie przyjmowali Komunii \u015bw. Na pytanie dlaczego do tego dopu\u015bcili\u015bcie? Bo nie spodziewali\u015bmy si\u0119, \u017ce umrze.\u00a0<em>\/a od miesi\u0119cy osoba le\u017cy chory\/<\/em><br><em>11. Zapraszamy na modlitw\u0119 o ustanie pandemii codziennie: Koronka do Bo\u017cego Mi\u0142osierdzia o godz. 15<sup>00<\/sup>\u00a0w kaplicy a o godz. 17<sup>30<\/sup>\u00a0do wsp\u00f3lnej modlitwy r\u00f3\u017ca\u0144cowej.<\/em><br>12. <em>W kaplicy naszego ko\u015bcio\u0142a trwa ca\u0142odniowa Adoracja Naj\u015bwi\u0119tszego Sakramentu w niedziel\u0119 od godz. 15<sup>00<\/sup>\u00a0a w dni powszednie po Mszy \u015bw. porannej do Mszy \u015bw. wieczornej.<\/em><br><em>13. Mo\u017cliwo\u015b\u0107 spowiedzi: w dni powszednie i w niedziele p\u00f3\u0142 godziny przed ka\u017cd\u0105 Msz\u0105 \u015bw.<\/em><br><em>14. Dzi\u0119kujemy za ofiary tac\u0119 i za przelew na konto parafii. B\u00f3g Zap\u0142a\u0107. Numer konta bankowego parafii: 58 9673 0007 0000 0300 4864 0001<\/em><br>15. Kancelaria czynna: w poniedzia\u0142ek i w sobot\u0119 od godz. 17<sup>00<\/sup>\u00a0od godz. 18<sup>00<\/sup>.<br>16. Dzieci klas II po Mszy \u015bw. zapraszamy do kaplicy, dzieci klas III prosimy o pozostanie w ko\u015bcie.<br><strong>17. Mo\u017cna po Mszy \u015bw. o godz. 11<sup>00<\/sup>\u00a0w kaplicy, zam\u00f3wi\u0107 medaliki, kt\u00f3re po\u015bwiecimy dzieciom klas III 8 grudnia na Mszy \u015bw. o godz. 18<sup>00<\/sup><\/strong><br><strong>18. Dzi\u0119kujemy 7 osobom z ul. Matejki blok \u00a0nr. 22 i 2 osobom ch\u0119tnym za sprz\u0105tanie ko\u015bcio\u0142a i ofiary na kwiaty.<\/strong>\u00a0Msza \u015bw. w intencji tych os\u00f3b b\u0119dzie\u00a0<strong>sprawowana 29 XII o godz. 7<sup>00<\/sup><\/strong>.<br><strong>W sobot\u0119 \u00a0na godz. 9<sup>00\u00a0<\/sup>do sprz\u0105tania ko\u015bcio\u0142a prosz\u0119 wiernych z ul. Matejki blok nr. 24<\/strong><br>19. Zach\u0119camy do zakupu i lektury prasy katolickiej: Tygodnika\u00a0<strong>NIEDZIELA, GO\u015a\u0106 NIEDZIELNY.<\/strong><br>20. W minionym tygodniu z naszej parafii zmarli: +<strong>Zofia Grzelka<\/strong>\u00a0zam. os. Konstytucji; +<strong>Wac\u0142aw Szymanowski\u00a0<\/strong>zam. ul. Reymonta. <strong>Pami\u0119tajmy o naszych zmar\u0142ych i zmar\u0142ych w czasie epidemii polecaj\u0105c ich Bo\u017cemu Mi\u0142osierdziu. Wieczne odpoczywanie racz im da\u0107 Panie.<\/strong><br>21.\u00a0<strong>Bp. Diecezjalny udzieli\u0142 dyspensy od uczestnictwa w niedzielnej Mszy \u015bw. Zapraszamy do uczestnictwa we Mszy \u015bw. na \u017cywo z naszego ko\u015bcio\u0142a. S\u0105 zainstalowane 2 kamery: linki na stronie.<\/strong>\u00a0<a href=\"https:\/\/swiety-jozef.pl\/\">https:\/\/swiety-jozef.pl\/<\/a>\u00a0 \u00a0<br><strong>22. Pozdrawiamy wszystkich chorych, przebywaj\u0105cych w izolacji i na kwarantannie, pami\u0119tamy o Was w modlitwie, \u017cycz\u0105c szybkiego powrotu do zdrowia.<\/strong><br><strong>\u00a0<\/strong><br><strong>Wszystkim parafianom i go\u015bciom \u017cyczymy dobrej niedzieli i Bo\u017cego\u00a0 b\u0142ogos\u0142awie\u0144stwa.<\/strong><br><strong>\u00a0<\/strong><br><strong>Przypominamy i prosimy.<\/strong><br>1. W chodz\u0105c do ko\u015bcio\u0142a\u00a0koniecznie dezynfekujemy r\u0119ce, musimy mie\u0107 zakryte usta i nos.<br>2. W \u0142awkach gdzie jest wy\u0142o\u017cona karta REZERWACJA nie siadamy.<br>3. Przy wszystkich wej\u015bciach do ko\u015bcio\u0142a od s\u0105 ustawiane\u00a0bezdotykowe kropielnice z wod\u0105 \u015bwi\u0119con\u0105,\u00a0powracamy do tego egzorcyzmu &#8211; \u017cegnania si\u0119 wod\u0105 \u015bwi\u0119con\u0105. Jedna kropielnica to koszt 1000 z\u0142 \u2013 w miar\u0119 mo\u017cliwo\u015bci prosimy o wsparcie.<br>4. Po spowiedzi,\u00a0spowiadaj\u0105cy si\u0119 odka\u017ca foli\u0119 na kratkach konfesjona\u0142u\u00a0spryskiwaczem znajduj\u0105cym si\u0119 przy konfesjonale.<br>5. Osoby chc\u0105ce przyj\u0105\u0107\u00a0Komuni\u0119 \u015bw. na r\u0119k\u0119\u00a0ustawiaj\u0105 si\u0119 w nawie g\u0142\u00f3wnej, na praw\u0105 d\u0142o\u0144 k\u0142ad\u0105 d\u0142o\u0144 lew\u0105 na kt\u00f3r\u0105 ksi\u0105dz k\u0142adzie Komuni\u0119 \u015bwi\u0119t\u0105, d\u0142oni\u0105\u00a0z\u00a0 pod spodu w obecno\u015bci kap\u0142ana wk\u0142adamy Komuni\u0119 \u015bw. do ust, sprawdzamy czy na d\u0142oni na kt\u00f3r\u0105 ksi\u0105dz z\u0142o\u017cy\u0142 Komuni\u0119 \u015bw. nie zosta\u0142y partyku\u0142y \/okruchy\/ , je\u017celi zosta\u0142y to trzeba Je spo\u017cy\u0107.<br>6. Komunia \u015bw. przyjmowana do ust, jest udzielana przy balaskach i w kaplicy<br>\u00a0<\/p>\n\n\n\n<p><\/p>\n","protected":false},"excerpt":{"rendered":"<p>Nowa S\u00f3l 22 XI 2020 Og\u0142oszenia duszpasterskie34 Niedziela zwyk\u0142a rok AUroczysto\u015b\u0107 Jezusa Chrystusa Kr\u00f3la Wszech\u015bwiata 1. Dzisiaj 34 niedziela okresu zwyk\u0142ego,\u00a0Uroczysto\u015b\u0107 Jezusa Chrystusa Kr\u00f3la Wszech\u015bwiata\u00a0ko\u0144cz\u0105ca rok liturgiczny.\u00a0Mo\u017cna zyska\u0107 odpust zupe\u0142ny:&hellip;<\/p>\n","protected":false},"author":1,"featured_media":3316,"comment_status":"closed","ping_status":"closed","sticky":false,"template":"","format":"standard","meta":{"_lmt_disableupdate":"","_lmt_disable":"","footnotes":""},"categories":[19],"tags":[],"class_list":["post-3655","post","type-post","status-publish","format-standard","has-post-thumbnail","hentry","category-ogloszenia"],"_links":{"self":[{"href":"https:\/\/swiety-jozef.pl\/index.php\/wp-json\/wp\/v2\/posts\/3655","targetHints":{"allow":["GET"]}}],"collection":[{"href":"https:\/\/swiety-jozef.pl\/index.php\/wp-json\/wp\/v2\/posts"}],"about":[{"href":"https:\/\/swiety-jozef.pl\/index.php\/wp-json\/wp\/v2\/types\/post"}],"author":[{"embeddable":true,"href":"https:\/\/swiety-jozef.pl\/index.php\/wp-json\/wp\/v2\/users\/1"}],"replies":[{"embeddable":true,"href":"https:\/\/swiety-jozef.pl\/index.php\/wp-json\/wp\/v2\/comments?post=3655"}],"version-history":[{"count":1,"href":"https:\/\/swiety-jozef.pl\/index.php\/wp-json\/wp\/v2\/posts\/3655\/revisions"}],"predecessor-version":[{"id":3656,"href":"https:\/\/swiety-jozef.pl\/index.php\/wp-json\/wp\/v2\/posts\/3655\/revisions\/3656"}],"wp:featuredmedia":[{"embeddable":true,"href":"https:\/\/swiety-jozef.pl\/index.php\/wp-json\/wp\/v2\/media\/3316"}],"wp:attachment":[{"href":"https:\/\/swiety-jozef.pl\/index.php\/wp-json\/wp\/v2\/media?parent=3655"}],"wp:term":[{"taxonomy":"category","embeddable":true,"href":"https:\/\/swiety-jozef.pl\/index.php\/wp-json\/wp\/v2\/categories?post=3655"},{"taxonomy":"post_tag","embeddable":true,"href":"https:\/\/swiety-jozef.pl\/index.php\/wp-json\/wp\/v2\/tags?post=3655"}],"curies":[{"name":"wp","href":"https:\/\/api.w.org\/{rel}","templated":true}]}}