{"id":3653,"date":"2022-03-08T19:07:18","date_gmt":"2022-03-08T18:07:18","guid":{"rendered":"https:\/\/swiety-jozef.pl\/?p=3653"},"modified":"2022-03-08T19:07:20","modified_gmt":"2022-03-08T18:07:20","slug":"ogloszenia-duszpasterskie-15-11-2020-r","status":"publish","type":"post","link":"https:\/\/swiety-jozef.pl\/index.php\/2022\/03\/08\/ogloszenia-duszpasterskie-15-11-2020-r\/","title":{"rendered":"Og\u0142oszenia duszpasterskie 15.11.2020 r."},"content":{"rendered":"\n<p class=\"has-text-align-right\"><strong>Nowa S\u00f3l 15 XI 2020<\/strong><\/p>\n\n\n\n<h4 class=\"has-text-align-center wp-block-heading\">Og\u0142oszenia duszpasterskie<br>33 Niedziela zwyk\u0142a rok A<br>IV \u015awiatowy Dzie\u0144 Ubogich<\/h4>\n\n\n\n<p>1. Dzisiaj 33 niedziela okresu zwyk\u0142ego, jest\u00a0<strong>trzeci\u0105 niedziel\u0105 miesi\u0105ca<\/strong>. Ofiary na tac\u0119 tradycyjnie sk\u0142adamy na potrzeby naszej parafii. B\u00f3g Zap\u0142a\u0107.<\/p>\n\n\n\n<!--more-->\n\n\n\n<p><br><strong>2. Dzi\u0119kujemy za opraw\u0119 liturgii Mszy \u015bw. ZA OJCZYZNE 1 listopada i tym wszystkim, kt\u00f3rzy udekorowali swoje domy flagami.<\/strong><br>3. <strong>W \u015brod\u0119 o godz. 18.00 Nowenna do Matki Bo\u017cej Nieustaj\u0105cej Pomocy.<\/strong><br>4. <strong>W sobot\u0119 Ofiarowanie<\/strong>\u00a0NMP.<br>5. W przysz\u0142\u0105 niedziel\u0119 przypada\u00a0<strong>wspomnienie \u015aw. Cecylii<\/strong>, Patronki muzyki i \u015bpiewu ko\u015bcielnego. W tym dniu na Mszy \u015bw. o godz. 18<sup>30\u00a0<\/sup>b\u0119dziemy si\u0119 modli\u0107 w intencji cz\u0142onk\u00f3w naszych zespo\u0142\u00f3w parafialnych: orkiestry, ch\u00f3ru i scholii z ich dyrygentami, kt\u00f3rzy od strony muzycznej ubogacaj\u0105 liturgi\u0119 Mszy \u015bw.<br><strong>6. Przysz\u0142a niedziela to uroczysto\u015b\u0107 Chrystusa Kr\u00f3la Wszech\u015bwiata ko\u0144cz\u0105ca rok liturgiczny<\/strong>. Jest to \u015bwi\u0119to patronalne naszego Wy\u017cszego Seminarium Duchownego. Taca z tej niedzieli jest przeznaczona na utrzymanie naszego seminarium.<br><strong>7. Bardzo prosimy, przed p\u00f3j\u015bciem do szpitala na zabiegi planowe o przyj\u015bcie do ko\u015bcio\u0142a lub poproszenie ksi\u0119dza do domu i przyj\u0119cie sakramentu spowiedzi, Komunii \u015bw. i Namaszczenia chorych, prosz\u0119 zatroszczy\u0107 si\u0119 o osoby starsze i schorowane i zaproponowa\u0107 im pos\u0142ug\u0119 sakramentaln\u0105. Bardzo du\u017co os\u00f3b odprowadzamy na cmentarz, kt\u00f3rzy przez wiele miesi\u0119cy i lat nie przyjmowali Komunii \u015bw. Na pytanie dlaczego do tego dopu\u015bcili\u015bcie? Bo nie spodziewali\u015bmy si\u0119, \u017ce umrze.\u00a0<\/strong><em>\/a od miesi\u0119cy osoba le\u017cy chora\/<\/em><\/p>\n\n\n\n<p>8. <strong>Wypominki za zmar\u0142ych w dni powszednie o godz. 17<sup>30<\/sup>w niedziel\u0119 o godz. 18<sup>00<\/sup><\/strong><br>9. Zapraszamy na modlitw\u0119 o ustanie pandemii codziennie: Koronka do Bo\u017cego Mi\u0142osierdzia o godz. 15<sup>00<\/sup>\u00a0w kaplicy a o godz. 17<sup>30<\/sup>\u00a0do wsp\u00f3lnej modlitwy r\u00f3\u017ca\u0144cowej.<br>10. W kaplicy naszego ko\u015bcio\u0142a trwa ca\u0142odniowa Adoracja Naj\u015bwi\u0119tszego Sakramentu w niedziel\u0119 od godz. 15<sup>00<\/sup>\u00a0a w dni powszednie po Mszy \u015bw. porannej do Mszy \u015bw. wieczornej.<br>11. Mo\u017cliwo\u015b\u0107 spowiedzi: w dni powszednie i w niedziele p\u00f3\u0142 godziny przed ka\u017cd\u0105 Msz\u0105 \u015bw.<br>12. Dzi\u0119kujemy za ofiary tac\u0119 i za przelew na konto parafii. B\u00f3g Zap\u0142a\u0107. Numer konta bankowego parafii: 58 9673 0007 0000 0300 4864 0001<br>13. Kancelaria czynna: w poniedzia\u0142ek i w sobot\u0119 od godz. 17<sup>00<\/sup>\u00a0od godz. 18<sup>00<\/sup>.<br><strong>14. Dzieci klas II po Mszy \u015bw. zapraszamy do kaplicy, dzieci klas III prosimy o pozostanie w ko\u015bcie.<\/strong><br><strong>15. LINIA WSPARCIA emocjonalnego, socjalnego i psychologicznego 68 4590390 to telefon do \u00a0Urz\u0119du Miasta pod kt\u00f3rym specjali\u015bci udzielaj\u0105 wsparcia osob\u0105 b\u0119d\u0105cym w izolacji, oraz dzieciom, m\u0142odzie\u017cy i starszym.<\/strong><br><strong>16. Dzi\u0119kujemy 4 osobom z ul. Matejki blok \u00a0nr. 20 i 2 osobom ch\u0119tnym za sprz\u0105tanie ko\u015bcio\u0142a i ofiary na kwiaty.Msza \u015bw. w intencji tych os\u00f3b b\u0119dzie sprawowana 12 XII o godz. 6<sup>30<\/sup>.<\/strong><br><strong>W sobot\u0119 \u00a0na godz. 9<sup>00\u00a0<\/sup>do sprz\u0105tania ko\u015bcio\u0142a prosz\u0119 wiernych z ul. Matejki blok nr. 22<\/strong><br>17. Zach\u0119camy do zakupu i lektury prasy katolickiej: Tygodnika\u00a0<strong>NIEDZIELA, GO\u015a\u0106 NIEDZIELNY.<\/strong><br><strong>18. W minionym tygodniu z naszej parafii zmarli: +Jan Szostak zam. Ul. Szafera; +Stanis\u0142awa Bakalarz zam. ul. Matejki; +Stanis\u0142awa Szuba zam. ul. Staszica; +Andrzej Genaja zam. o\u015b. Konstytucji 3 Maja; +W\u0142adys\u0142aw G\u00f3rewicz zam. o\u015b. Konstytucji 3 Maja<\/strong><br>Pami\u0119tajmy o naszych zmar\u0142ych i zmar\u0142ych w czasie epidemii polecaj\u0105c ich Bo\u017cemu Mi\u0142osierdziu. Wieczne odpoczywanie racz im da\u0107 Panie.<br>19. <strong>Bp. Diecezjalny udzieli\u0142 dyspensy od uczestnictwa w niedzielnej Mszy \u015bw. Zapraszamy do uczestnictwa we Mszy \u015bw. na \u017cywo z naszego ko\u015bcio\u0142a. S\u0105 zainstalowane 2 kamery: jedna w kaplicy, druga w ko\u015bciele, w zale\u017cno\u015bci gdzie odbywa si\u0119 liturgia logujemy si\u0119 na odpowiedni\u0105 kamer\u0119 \u2013 linki na stronie.\u00a0<\/strong><a href=\"https:\/\/swiety-jozef.pl\/\">https:\/\/swiety-jozef.pl\/<\/a><strong>\u00a0\u00a0Zapraszamy.<\/strong><br><strong>20. O przysz\u0142ej niedzieli b\u0119dziemy rozprowadza\u0107 \u015bwiece na st\u00f3\u0142 wigilijny. W tym roku op\u0142atki nie b\u0119d\u0105 roznoszone, b\u0119dzie je mo\u017cna odebra\u0107 w zakrystii a w niedziele przy wyj\u015bciu z ko\u015bcio\u0142a. Ofiary za op\u0142atki s\u0105 przeznaczone na utrzymanie ko\u015bcio\u0142a, tradycyjnie sk\u0142adamy do kopert.<\/strong><br><\/p>\n\n\n\n<p><strong>Pozdrawiamy wszystkich chorych, przebywaj\u0105cych w izolacji i na kwarantannie, pami\u0119tamy o Was w modlitwie, \u017cycz\u0105c szybkiego powrotu do zdrowia. Wszystkim parafianom i go\u015bciom \u017cyczymy dobrej niedzieli i Bo\u017cego\u00a0 b\u0142ogos\u0142awie\u0144stwa.<\/strong><br><strong>\u00a0<\/strong><br><strong>Przypominamy i prosimy.<\/strong><br><strong>1.\u00a0\u00a0\u00a0W chodz\u0105c do ko\u015bcio\u0142a\u00a0koniecznie dezynfekujemy r\u0119ce, musimy mie\u0107 zakryte usta i nos.<\/strong><br><strong>2.\u00a0\u00a0\u00a0<\/strong>W \u0142awkach gdzie jest wy\u0142o\u017cona karta REZERWACJA nie siadamy.<br><strong>3.\u00a0 \u00a0Przy wej\u015bciach do ko\u015bcio\u0142a od kaplicy i g\u0142\u00f3wnym s\u0105 ustawiane\u00a0bezdotykowe kropielnice z wod\u0105 \u015bwi\u0119con\u0105,\u00a0powracamy do tego egzorcyzmu &#8211; \u017cegnania\u00a0 \u00a0 \u00a0 \u00a0 si\u0119 wod\u0105 \u015bwi\u0119con\u0105. S\u0105 zam\u00f3wione jeszcze dwie kropielnice do pozosta\u0142ych wej\u015b\u0107. Jedna kropielnica to koszt 1000 z\u0142 \u2013 w miar\u0119 mo\u017cliwo\u015bci prosimy o\u00a0 \u00a0 \u00a0 \u00a0 \u00a0\u00a0wsparcie.<\/strong><br><strong>4.\u00a0 \u00a0Po spowiedzi,\u00a0spowiadaj\u0105cy si\u0119 odka\u017ca foli\u0119 na kratkach konfesjona\u0142u\u00a0spryskiwaczem znajduj\u0105cym si\u0119 przy konfesjonale.<\/strong><br><strong>5.\u00a0 \u00a0Osoby chc\u0105ce przyj\u0105\u0107\u00a0Komuni\u0119 \u015bw. na r\u0119k\u0119\u00a0ustawiaj\u0105 si\u0119 w nawie g\u0142\u00f3wnej, na praw\u0105 d\u0142o\u0144 k\u0142ad\u0105 d\u0142o\u0144 lew\u0105 na kt\u00f3r\u0105 ksi\u0105dz k\u0142adzie Komuni\u0119 \u015bwi\u0119t\u0105,\u00a0kt\u00f3r\u0105 d\u0142oni\u0105\u00a0z\u00a0 pod spodu w obecno\u015bci kap\u0142ana Komuni\u0119 \u015bw. wk\u0142adamy do ust.<\/strong><br><strong>Komunia \u015bw. przyjmowana do ust, jest udzielana przy balaskach i\u00a0w kaplicy<\/strong><\/p>\n\n\n\n<p><\/p>\n","protected":false},"excerpt":{"rendered":"<p>Nowa S\u00f3l 15 XI 2020 Og\u0142oszenia duszpasterskie33 Niedziela zwyk\u0142a rok AIV \u015awiatowy Dzie\u0144 Ubogich 1. Dzisiaj 33 niedziela okresu zwyk\u0142ego, jest\u00a0trzeci\u0105 niedziel\u0105 miesi\u0105ca. Ofiary na tac\u0119 tradycyjnie sk\u0142adamy na potrzeby&hellip;<\/p>\n","protected":false},"author":1,"featured_media":3316,"comment_status":"closed","ping_status":"closed","sticky":false,"template":"","format":"standard","meta":{"_lmt_disableupdate":"","_lmt_disable":"","footnotes":""},"categories":[19],"tags":[],"class_list":["post-3653","post","type-post","status-publish","format-standard","has-post-thumbnail","hentry","category-ogloszenia"],"_links":{"self":[{"href":"https:\/\/swiety-jozef.pl\/index.php\/wp-json\/wp\/v2\/posts\/3653","targetHints":{"allow":["GET"]}}],"collection":[{"href":"https:\/\/swiety-jozef.pl\/index.php\/wp-json\/wp\/v2\/posts"}],"about":[{"href":"https:\/\/swiety-jozef.pl\/index.php\/wp-json\/wp\/v2\/types\/post"}],"author":[{"embeddable":true,"href":"https:\/\/swiety-jozef.pl\/index.php\/wp-json\/wp\/v2\/users\/1"}],"replies":[{"embeddable":true,"href":"https:\/\/swiety-jozef.pl\/index.php\/wp-json\/wp\/v2\/comments?post=3653"}],"version-history":[{"count":1,"href":"https:\/\/swiety-jozef.pl\/index.php\/wp-json\/wp\/v2\/posts\/3653\/revisions"}],"predecessor-version":[{"id":3654,"href":"https:\/\/swiety-jozef.pl\/index.php\/wp-json\/wp\/v2\/posts\/3653\/revisions\/3654"}],"wp:featuredmedia":[{"embeddable":true,"href":"https:\/\/swiety-jozef.pl\/index.php\/wp-json\/wp\/v2\/media\/3316"}],"wp:attachment":[{"href":"https:\/\/swiety-jozef.pl\/index.php\/wp-json\/wp\/v2\/media?parent=3653"}],"wp:term":[{"taxonomy":"category","embeddable":true,"href":"https:\/\/swiety-jozef.pl\/index.php\/wp-json\/wp\/v2\/categories?post=3653"},{"taxonomy":"post_tag","embeddable":true,"href":"https:\/\/swiety-jozef.pl\/index.php\/wp-json\/wp\/v2\/tags?post=3653"}],"curies":[{"name":"wp","href":"https:\/\/api.w.org\/{rel}","templated":true}]}}