{"id":3651,"date":"2022-03-08T18:59:17","date_gmt":"2022-03-08T17:59:17","guid":{"rendered":"https:\/\/swiety-jozef.pl\/?p=3651"},"modified":"2022-03-08T18:59:18","modified_gmt":"2022-03-08T17:59:18","slug":"ogloszenia-duszpasterskie-18-10-2020-r","status":"publish","type":"post","link":"https:\/\/swiety-jozef.pl\/index.php\/2022\/03\/08\/ogloszenia-duszpasterskie-18-10-2020-r\/","title":{"rendered":"Og\u0142oszenia duszpasterskie 18.10.2020 r."},"content":{"rendered":"\n<p class=\"has-text-align-right\">No<strong>wa S\u00f3l 18 X 2020<\/strong><\/p>\n\n\n\n<h4 class=\"has-text-align-center wp-block-heading\">Og\u0142oszenia duszpasterskie<br>29 Niedziela zwyk\u0142a rok A<\/h4>\n\n\n\n<p>1. <strong>Dzisiaj 29 niedziela okresu zwyk\u0142ego, rozpoczynamy TYDZIE\u0143 MISYJNY<\/strong>. W ci\u0105gu ca\u0142ego tygodnia b\u0119dziemy si\u0119 modli\u0107 w intencji misjonarzy i prowadzonej przez nich dzia\u0142alno\u015bci, kt\u00f3ra jest wype\u0142nianiem Chrystusowego polecenia: \u201eId\u017acie i g\u0142o\u015bcie Ewangeli\u0119\u201d. Ofiary sk\u0142adane na\u00a0<strong>tac\u0119 w przysz\u0142\u0105 niedziel\u0119<\/strong>\u00a0b\u0119d\u0105 przeznaczone na pomoc DLA DZIE\u0141 MISYJNYCH KO\u015aCIO\u0141A.<br><\/p>\n\n\n\n<!--more-->\n\n\n\n<p>2. Przypominamy i zdecydowanie prosimy aby przed wej\u015bciem do ko\u015bcio\u0142a dezynfekowa\u0107 r\u0119ce i w ko\u015bciele koniecznie mie\u0107 na\u0142o\u017cone maseczki<br><strong>3. Dzisiaj 18 X \u015bw. \u0141ukasza Ewangelisty, patrona S\u0142u\u017cby Zdrowia<\/strong>. Z wielk\u0105 \u017cyczliwo\u015bci\u0105 i wdzi\u0119czno\u015bci\u0105\u00a0 pami\u0119tajmy w modlitwie o wszystkich pracownikach S\u0142u\u017cby Zdrowia i \u017cyczymy im w tych trudnych czasach daru Bo\u017cego B\u0142ogos\u0142awie\u0144stwa.<br>4. Dzisiaj\u00a0<strong>III niedziela miesi\u0105ca, taca przeznaczona na potrzeby parafii<\/strong>, wymiana g\u0142\u00f3wnej instalacji wodnej i grzewczej, ze wzgl\u0119du na du\u017c\u0105 nieszczelno\u015b\u0107. B\u00f3g Zap\u0142a\u0107.<br><strong>5. W poniedzia\u0142ek rocznica m\u0119cze\u0144skiej \u015bmierci b\u0142. Ks. Jerzego Popie\u0142uszki<\/strong><br><strong>6. W \u015brod\u0119 o godz. 18<sup>00\u00a0<\/sup>Nowenna do Matki Bo\u017cej Nieustaj\u0105cej Pomocy.<\/strong><br><strong>7. W czwartek wspomnienie \u015bw. Jana Paw\u0142a II<\/strong><br><strong>8. Dzieci klas II po Mszy \u015bw. zapraszamy do kaplicy.<\/strong><br><strong>9. Rodzic\u00f3w i dzieci klas III zapraszamy w ka\u017cd\u0105 niedziel\u0119 na Msz\u0119 \u015bw. o godz. 11<sup>00<\/sup><\/strong><br>10. Zapraszamy\u00a0<strong>m\u0142odzie\u017c klas VII, VIII i m\u0142odzie\u017c starsz\u0105<\/strong>\u00a0na\u00a0<strong>spotkanie modlitewne w czwartek<\/strong>\u00a0po Mszy \u015bw. o godz. 18<sup>30<\/sup><br><strong>11. Nabo\u017ce\u0144stwo r\u00f3\u017ca\u0144cowe w dni powszednie<\/strong>\u00a0codziennie dla\u00a0<strong>dzieci od poniedzia\u0142ku do pi\u0105tku o\u00a0godz. 17<sup>00<\/sup>,<\/strong>\u00a0dzieci po ka\u017cdym r\u00f3\u017ca\u0144cu otrzymuj\u0105 naklejki kolejnych tajemnic r\u00f3\u017ca\u0144ca &#8211; r\u00f3\u017caniec dla\u00a0<strong>starszych o godz. 17<sup>30\u00a0<\/sup><\/strong>po r\u00f3\u017ca\u0144cu ok. godz. 18<sup>00<\/sup>\u00a0Msza \u015aw<strong>.<\/strong><br><strong>12. W niedziele r\u00f3\u017caniec o godz. 18<sup>00<\/sup><\/strong><br>13. Zapraszamy na modlitw\u0119 o ustanie pandemii codziennie: Koronka do Bo\u017cego Mi\u0142osierdzia o godz. 15<sup>00<\/sup>\u00a0w kaplicy a o godz. 17<sup>30<\/sup>\u00a0do wsp\u00f3lnej modlitwy r\u00f3\u017ca\u0144cowej.<br>14. W kaplicy naszego ko\u015bcio\u0142a trwa ca\u0142odniowa Adoracja Naj\u015bwi\u0119tszego Sakramentu w niedziel\u0119 od godz. 15<sup>00<\/sup>\u00a0a w dni powszednie po Mszy \u015bw. porannej do Mszy \u015bw. wieczornej.<br>15. Mo\u017cliwo\u015b\u0107 spowiedzi: w dni powszednie i w niedziele p\u00f3\u0142 godziny przed ka\u017cd\u0105 Msz\u0105 \u015bw.<br>16. Dzi\u0119kujemy za ofiary tac\u0119 i za przelew na konto parafii. B\u00f3g Zap\u0142a\u0107. Numer konta bankowego parafii: 58 9673 0007 0000 0300 4864 0001<br>17. Kancelaria czynna: w poniedzia\u0142ek i w sobot\u0119 od godz. 17<sup>00<\/sup>\u00a0od godz. 18<sup>00<\/sup>.<br><strong>18. Zbli\u017ca si\u0119 czas szczeg\u00f3lnej modlitwy za zmar\u0142ych w ko\u015bciele. Przy wyj\u015bciu z ko\u015bcio\u0142a ministranci rozdaj\u0105 kartki wypominkowe. Ofiary sk\u0142adane przy okazji wypominek s\u0105 przeznaczone na potrzeby parafii. Wypominki ca\u0142oroczne sk\u0142adamy wy\u0142\u0105cznie w zakrystii<\/strong><br><strong>19. Dzi\u0119kujemy 7 osobom z bloku z ul. Kasprowicza i 1 osobie ch\u0119tnej za sprz\u0105tanie ko\u015bcio\u0142a i ofiary na kwiaty.<\/strong>\u00a0<strong>Msza \u015bw. w intencji tych os\u00f3b b\u0119dzie sprawowana 27 XI. o godz. 7<sup>00<\/sup>.<\/strong>\u00a0<strong>Z ul. Kili\u0144skiego i Kasprowicza domki nikt nie przyszed\u0142 do sprz\u0105tania ko\u015bcio\u0142a.<\/strong><br><strong>W sobot\u0119 \u00a0na godz. 9<sup>00\u00a0<\/sup>do sprz\u0105tania ko\u015bcio\u0142a prosz\u0119 wiernych z ul. Orzeszkowej, Reymonta i Krasi\u0144skiego.<\/strong><br>20. Zach\u0119camy do zakupu i lektury prasy katolickiej: Tygodnika\u00a0<strong>NIEDZIELA, GO\u015a\u0106 NIEDZIELNY<\/strong>,\u00a0<strong>Mi\u0142ujcie si\u0119<\/strong>, \u00a0kupi\u0107 mo\u017cna w zakrystii i u ministrant\u00f3w przy wyj\u015bciu z\u00a0 ko\u015bcio\u0142a.<br><strong>21. W minionym tygodniu z naszej parafii zmar\u0142a: + Emilia Kusiak zam. ul. Staszica.\u00a0<\/strong>Pami\u0119tajmy o naszych zmar\u0142ych i zmar\u0142ych w czasie epidemii polecaj\u0105c ich Bo\u017cemu Mi\u0142osierdziu. Wieczne odpoczywanie racz im da\u0107 Panie.<br><strong>\u00a0<\/strong><br><strong>Wszystkim parafianom i go\u015bciom \u017cyczymy dobrej niedzieli i Bo\u017cego\u00a0 b\u0142ogos\u0142awie\u0144stwa.<\/strong><br><strong>\u00a0<\/strong><br><strong>Nowe zasady udzielania Komunii \u015bw.<\/strong><br>W zwi\u0105zku z nasilaj\u0105c\u0105 si\u0119 pandemi\u0105 koronawirusa nale\u017cy przestrzega\u0107 nast\u0119puj\u0105cych zasad przy udzielaniu\u00a0\u00a0<br>Komunii \u015bw.:<br>Je\u015bli podczas celebracji jest dw\u00f3ch lub wi\u0119cej szafarzy, przynajmniej\u00a0<strong>jeden<\/strong>\u00a0z nich udziela Komunii \u015bw. wiernym\u00a0<strong>do ust<\/strong>, i przynajmniej\u00a0<strong>jeden na d\u0142o\u0144<\/strong>.<br>Je\u015bli jest tylko jeden szafarz: szafarz\u00a0<strong>najpierw<\/strong>\u00a0udzieli Komunii \u015bw. wiernym\u00a0<strong>na d\u0142o\u0144<\/strong>, a dopiero\u00a0<strong>potem do ust<\/strong>.<br>Wszyscy szafarze udzielaj\u0105 Komunii \u015bw.,\u00a0<strong>maj\u0105c zas\u0142oni\u0119te usta i nos<\/strong>.<br>Wszyscy szafarze przed i po rozdzielaniu Komunii \u015bw.\u00a0<strong>dezynfekuj\u0105 swoje d\u0142onie<\/strong>.<br>\u00a0<br>\u00a0<br><strong>Dyspensa od zachowania pierwszego Przykazania Ko\u015bcielnego<\/strong><br><strong>\u00a0<\/strong><br>W zwi\u0105zku ze wzrastaj\u0105c\u0105 liczb\u0105 zaka\u017ce\u0144 koronawirusem i nowymi obostrzeniami sanitarnymi, dotycz\u0105cymi liczby wiernych podczas zgromadze\u0144 religijnych, na podstawie kan. 87\u00a0<em>Kodeksu Prawa Kanonicznego<\/em>\u00a0<strong>udzielam og\u00f3lnej dyspensy<\/strong>\u00a0od obowi\u0105zku uczestnictwa we Mszy \u015bwi\u0119tej w\u00a0niedziele i\u00a0\u015bwi\u0119ta nakazane wszystkim przebywaj\u0105cym w tzw. \u201e<strong>strefie czerwonej<\/strong>\u201d\u00a0<strong>w okresie jej obowi\u0105zywania<\/strong>. Dyspensa dotyczy wiernych Diecezji Zielonog\u00f3rsko-Gorzowskiej, a tak\u017ce katolik\u00f3w przebywaj\u0105cych na jej terytorium.<br>Skorzystanie z\u00a0dyspensy oznacza, \u017ce nieobecno\u015b\u0107 na Eucharystii we wskazanym czasie nie jest grzechem. Jednocze\u015bnie zach\u0119cam, aby osoby korzystaj\u0105ce z\u00a0dyspensy trwa\u0142y na osobistej i\u00a0rodzinnej modlitwie. Zach\u0119cam tak\u017ce do duchowej \u0142\u0105czno\u015bci ze wsp\u00f3lnot\u0105 Ko\u015bcio\u0142a poprzez transmisje radiowe, telewizyjne lub internetowe.<br>Dzi\u0119kuj\u0105c Duszpasterzom, Osobom Konsekrowanym i Wiernym \u015awieckim za codzienny wysi\u0142ek budowania wsp\u00f3lnoty Ko\u015bcio\u0142a w trudnych czasach epidemii, \u017cycz\u0119 obfito\u015bci Bo\u017cego b\u0142ogos\u0142awie\u0144stwa oraz zdrowia duszy i\u00a0cia\u0142a na ka\u017cdy dzie\u0144.<br>Ogarniam wszystkich moj\u0105 modlitw\u0105 i z serca b\u0142ogos\u0142awi\u0119.<br>\u00a0<\/p>\n\n\n\n<figure class=\"wp-block-table\"><div class=\"pcrstb-wrap\"><table><tbody><tr><td>ks. Piotr Kubiak kanclerz Kurii\u00a0\u00a0<\/td><td>&nbsp;<\/td><td>+ Tadeusz Lity\u0144ski Biskup Zielonog\u00f3rsko-Gorzowski<\/td><\/tr><\/tbody><\/table><\/div><\/figure>\n","protected":false},"excerpt":{"rendered":"<p>Nowa S\u00f3l 18 X 2020 Og\u0142oszenia duszpasterskie29 Niedziela zwyk\u0142a rok A 1. Dzisiaj 29 niedziela okresu zwyk\u0142ego, rozpoczynamy TYDZIE\u0143 MISYJNY. W ci\u0105gu ca\u0142ego tygodnia b\u0119dziemy si\u0119 modli\u0107 w intencji misjonarzy&hellip;<\/p>\n","protected":false},"author":1,"featured_media":3316,"comment_status":"closed","ping_status":"closed","sticky":false,"template":"","format":"standard","meta":{"_lmt_disableupdate":"","_lmt_disable":"","footnotes":""},"categories":[19],"tags":[],"class_list":["post-3651","post","type-post","status-publish","format-standard","has-post-thumbnail","hentry","category-ogloszenia"],"_links":{"self":[{"href":"https:\/\/swiety-jozef.pl\/index.php\/wp-json\/wp\/v2\/posts\/3651","targetHints":{"allow":["GET"]}}],"collection":[{"href":"https:\/\/swiety-jozef.pl\/index.php\/wp-json\/wp\/v2\/posts"}],"about":[{"href":"https:\/\/swiety-jozef.pl\/index.php\/wp-json\/wp\/v2\/types\/post"}],"author":[{"embeddable":true,"href":"https:\/\/swiety-jozef.pl\/index.php\/wp-json\/wp\/v2\/users\/1"}],"replies":[{"embeddable":true,"href":"https:\/\/swiety-jozef.pl\/index.php\/wp-json\/wp\/v2\/comments?post=3651"}],"version-history":[{"count":1,"href":"https:\/\/swiety-jozef.pl\/index.php\/wp-json\/wp\/v2\/posts\/3651\/revisions"}],"predecessor-version":[{"id":3652,"href":"https:\/\/swiety-jozef.pl\/index.php\/wp-json\/wp\/v2\/posts\/3651\/revisions\/3652"}],"wp:featuredmedia":[{"embeddable":true,"href":"https:\/\/swiety-jozef.pl\/index.php\/wp-json\/wp\/v2\/media\/3316"}],"wp:attachment":[{"href":"https:\/\/swiety-jozef.pl\/index.php\/wp-json\/wp\/v2\/media?parent=3651"}],"wp:term":[{"taxonomy":"category","embeddable":true,"href":"https:\/\/swiety-jozef.pl\/index.php\/wp-json\/wp\/v2\/categories?post=3651"},{"taxonomy":"post_tag","embeddable":true,"href":"https:\/\/swiety-jozef.pl\/index.php\/wp-json\/wp\/v2\/tags?post=3651"}],"curies":[{"name":"wp","href":"https:\/\/api.w.org\/{rel}","templated":true}]}}