{"id":3631,"date":"2022-03-08T12:30:12","date_gmt":"2022-03-08T11:30:12","guid":{"rendered":"https:\/\/swiety-jozef.pl\/?p=3631"},"modified":"2022-03-08T12:30:15","modified_gmt":"2022-03-08T11:30:15","slug":"ogloszenia-duszpasterskie-16-08-2020","status":"publish","type":"post","link":"https:\/\/swiety-jozef.pl\/index.php\/2022\/03\/08\/ogloszenia-duszpasterskie-16-08-2020\/","title":{"rendered":"Og\u0142oszenia duszpasterskie 16.08.2020"},"content":{"rendered":"\n<p class=\"has-text-align-right\"><strong>Nowa S\u00f3l 16 VIII 2020<\/strong><\/p>\n\n\n\n<p class=\"has-text-align-center\"><strong>Og\u0142oszenia duszpasterskie<br>XX niedziela zwyk\u0142a rok A<\/strong><\/p>\n\n\n\n<p>1. Dzisiaj XX niedziela okresu zwyk\u0142ego.\u00a0<strong>Dzie\u0144 solidarno\u015bci z mieszka\u0144cami Bejrutu<\/strong>. Jak zapowiadali\u015bmy po Mszy \u015bw. b\u0119dziemy zbiera\u0107 ofiary do puszek na ten cel.<\/p>\n\n\n\n<!--more-->\n\n\n\n<p><br>2. Dzisiaj\u00a0<strong>trzecia niedziela miesi\u0105ca, taca przeznaczona jest na potrzeby parafii.\u00a0<\/strong>Za wszelkie ofiary serdeczne B\u00f3g zap\u0142a\u0107.<br>3. Dzisiaj 16 sierpnia dzie\u0144 imienin Bp Stefana Regmunta \u2013 pami\u0119tajmy w modlitwie<br>4. W \u015brod\u0119 o godz. 18<sup>00<\/sup>\u00a0Nowenna do MB Nieustaj\u0105cej Pomocy.<br>5. Zapraszamy codziennie na modlitw\u0119 Koronki do Bo\u017cego Mi\u0142osierdzia o godz. 15<sup>00<\/sup>\u00a0w kaplicy a o godz. 17<sup>30<\/sup>\u00a0do wsp\u00f3lnej modlitwy r\u00f3\u017ca\u0144cowej o ustanie pandemii.<br>6. W kaplicy naszego ko\u015bcio\u0142a trwa ca\u0142odniowa Adoracja Naj\u015bwi\u0119tszego Sakramentu w niedziel\u0119 od godz. 15<sup>00<\/sup>\u00a0a w dni powszednie po Mszy \u015bw. porannej do Mszy \u015bw. wieczornej.<br>7. Mo\u017cliwo\u015b\u0107 spowiedzi: w dni powszednie i w niedziele p\u00f3\u0142 godziny przed ka\u017cd\u0105 Msz\u0105 \u015bw.<br>8. Dzi\u0119kujemy za ofiary tac\u0119 i za przelew na konto parafii. B\u00f3g Zap\u0142a\u0107. Numer konta bankowego parafii: 58 9673 0007 0000 0300 4864 0001<br>9. Kancelaria czynna: w poniedzia\u0142ek i w sobot\u0119 od godz. 17<sup>00<\/sup>\u00a0od godz. 18<sup>00<\/sup>.<br>10. Katolicka Szko\u0142a Podstawowa dzia\u0142aj\u0105ca przy naszej parafii posiada jeszcze ostatnie wolne miejsca w klasie I.\u00a0 Wszystkich zainteresowanych kszta\u0142ceniem dzieci\u00a0 z poszanowaniem katolickich warto\u015bci w ma\u0142ej, przyjaznej szkole\u00a0 zapraszamy do zapoznania si\u0119 z ofert\u0105 edukacyjn\u0105.\u00a0 Informacji o zapisach do pierwszej klasy oraz\u00a0 o wolnych miejscach w innych klasach mo\u017cna\u00a0 zasi\u0119gn\u0105\u0107 w sekretariacie szko\u0142y oraz na jej stronie internetowej (<a rel=\"noreferrer noopener\" href=\"http:\/\/www.szkolakatolickanowasol.pl\/\" target=\"_blank\">www.szkolakatolickanowasol.pl<\/a>).\u00a0<br>11. Dzi\u0119kujemy 7 osobom ch\u0119tnym z naszej parafii za sprz\u0105tanie ko\u015bcio\u0142a. Msza \u015bw. za sprz\u0105taj\u0105cych i ich rodziny\u00a0 odb\u0119dzie si\u0119 25.08.o godz. 7<sup>00<\/sup>.<br>W sobot\u0119 na godz. 9<sup>00<\/sup>\u00a0do sprz\u0105tania ko\u015bcio\u0142a zapraszam ch\u0119tnych parafian.<br>12. Zach\u0119camy do zakupu i lektury prasy katolickiej: Tygodnik NIEDZIELA i GO\u015a\u0106 NIEDZIELNY, kupi\u0107 je mo\u017cna w zakrystii.<br>13. Czas wakacji &#8211; bardzo prosz\u0119 Rodzic\u00f3w, \u017ceby zapewnili swoim dzieciom u organizator\u00f3w oboz\u00f3w i kolonii, aby dzieci mog\u0142y uczestniczy\u0107 w niedzielnej Mszy \u015bw.\u00a0\u00a0<br>14. Przypominam o nale\u017cytym stroju na Mszach \u015bw. i przy zwiedzaniu ko\u015bcio\u0142\u00f3w. Nie wchodzimy w koszulkach na rami\u0105czkach i panowie w kr\u00f3tkich spodenkach.<br>15. Wierni, kt\u00f3rzy w czasie wypoczynku w r\u00f3\u017cnych miejscach \u015bwiata nie b\u0119d\u0105 mogli uczestniczy\u0107 we Mszy \u015bw. a maj\u0105 zasi\u0119g Internetu, zapraszam do\u00a0uczestnictwa we Mszy \u015bw. z naszego ko\u015bcio\u0142a. Transmisja na \u017cywo przez 24 godz.\u00a0<a rel=\"noreferrer noopener\" href=\"https:\/\/www.youtube.com\/channel\/UCMATEcqb7OmWAjytL9oNqOg\/\" target=\"_blank\">Kliknij<\/a><br><strong>16. W minionym tygodniu z naszej parafii zmarli<\/strong>: + Bo\u017cena S\u0119dlak\u00a0z o\u015b Konstytucji 3 Maja; + Wies\u0142aw Toporek\u00a0z ul. Wojska Polskiego. Polecajmy naszych zmar\u0142ych i zmar\u0142ych w czasie epidemii polecaj\u0105c ich Bo\u017cemu Mi\u0142osierdziu. Wieczne odpoczywanie racz im da\u0107 Panie.<\/p>\n\n\n\n<p><br><strong>Wszystkim Parafianom i Go\u015bciom \u017cyczymy Daru Bo\u017cego umocnienia i pokrzepienia, \u017cyczymy wielkiej wzajemnej \u017cyczliwo\u015bci i Chrystusowego Pokoju, dzieciom i m\u0142odzie\u017cy bezpiecznego i radosnego wypoczynku,\u00a0 obdarowujcie si\u0119 u\u015bmiechem i pomoc\u0105.<\/strong><\/p>\n\n\n\n<p><\/p>\n","protected":false},"excerpt":{"rendered":"<p>Nowa S\u00f3l 16 VIII 2020 Og\u0142oszenia duszpasterskieXX niedziela zwyk\u0142a rok A 1. Dzisiaj XX niedziela okresu zwyk\u0142ego.\u00a0Dzie\u0144 solidarno\u015bci z mieszka\u0144cami Bejrutu. Jak zapowiadali\u015bmy po Mszy \u015bw. b\u0119dziemy zbiera\u0107 ofiary do&hellip;<\/p>\n","protected":false},"author":1,"featured_media":3316,"comment_status":"closed","ping_status":"closed","sticky":false,"template":"","format":"standard","meta":{"_lmt_disableupdate":"","_lmt_disable":"","footnotes":""},"categories":[19],"tags":[],"class_list":["post-3631","post","type-post","status-publish","format-standard","has-post-thumbnail","hentry","category-ogloszenia"],"_links":{"self":[{"href":"https:\/\/swiety-jozef.pl\/index.php\/wp-json\/wp\/v2\/posts\/3631","targetHints":{"allow":["GET"]}}],"collection":[{"href":"https:\/\/swiety-jozef.pl\/index.php\/wp-json\/wp\/v2\/posts"}],"about":[{"href":"https:\/\/swiety-jozef.pl\/index.php\/wp-json\/wp\/v2\/types\/post"}],"author":[{"embeddable":true,"href":"https:\/\/swiety-jozef.pl\/index.php\/wp-json\/wp\/v2\/users\/1"}],"replies":[{"embeddable":true,"href":"https:\/\/swiety-jozef.pl\/index.php\/wp-json\/wp\/v2\/comments?post=3631"}],"version-history":[{"count":1,"href":"https:\/\/swiety-jozef.pl\/index.php\/wp-json\/wp\/v2\/posts\/3631\/revisions"}],"predecessor-version":[{"id":3632,"href":"https:\/\/swiety-jozef.pl\/index.php\/wp-json\/wp\/v2\/posts\/3631\/revisions\/3632"}],"wp:featuredmedia":[{"embeddable":true,"href":"https:\/\/swiety-jozef.pl\/index.php\/wp-json\/wp\/v2\/media\/3316"}],"wp:attachment":[{"href":"https:\/\/swiety-jozef.pl\/index.php\/wp-json\/wp\/v2\/media?parent=3631"}],"wp:term":[{"taxonomy":"category","embeddable":true,"href":"https:\/\/swiety-jozef.pl\/index.php\/wp-json\/wp\/v2\/categories?post=3631"},{"taxonomy":"post_tag","embeddable":true,"href":"https:\/\/swiety-jozef.pl\/index.php\/wp-json\/wp\/v2\/tags?post=3631"}],"curies":[{"name":"wp","href":"https:\/\/api.w.org\/{rel}","templated":true}]}}