{"id":3616,"date":"2022-03-07T10:50:33","date_gmt":"2022-03-07T09:50:33","guid":{"rendered":"https:\/\/swiety-jozef.pl\/?p=3616"},"modified":"2022-03-07T10:50:35","modified_gmt":"2022-03-07T09:50:35","slug":"ogloszenia-duszpasterskie-19-07-2020-r","status":"publish","type":"post","link":"https:\/\/swiety-jozef.pl\/index.php\/2022\/03\/07\/ogloszenia-duszpasterskie-19-07-2020-r\/","title":{"rendered":"Og\u0142oszenia duszpasterskie 19.07.2020 r."},"content":{"rendered":"\n<p class=\"has-text-align-right\"><strong>Nowa S\u00f3l 19 VII 2020<\/strong><\/p>\n\n\n\n<h4 class=\"has-text-align-center wp-block-heading\">Og\u0142oszenia duszpasterskie<br>XVI Niedziela okresu zwyk\u0142ego<\/h4>\n\n\n\n<p>1. <strong>Dzisiaj 16 niedziela okresu zwyk\u0142ego. Przypominamy i zdecydowanie prosimy aby przed wej\u015bciem do ko\u015bcio\u0142a dezynfekowa\u0107 r\u0119ce i w ko\u015bciele mie\u0107 na\u0142o\u017cone maseczki.<\/strong><\/p>\n\n\n\n<!--more-->\n\n\n\n<p><br>2. <strong>Dnia 12 lipca\u00a02020<\/strong>\u00a0r., w wieku 63 lat i w 33. roku kap\u0142a\u0144stwa, w szpitalu w Nowej Soli\u00a0<strong>zmar\u0142 \u015bp. ks. Roman Jarosz, wikariusz parafii pw. \u015bw. J\u00f3zefa Rzemie\u015blnika w Nowej Soli<\/strong>. W\u00a0 \u00a0 \u00a0 \u00a0 imieniu wsp\u00f3lnoty parafii jako proboszcz dzi\u0119kuj\u0119 Panu Bogu za pos\u0142ug\u0119 ks. Romana w naszej parafii, dzi\u0119kuj\u0119 lekarzom i piel\u0119gniarkom za pos\u0142ug\u0119 przy ks. Romanie, dzi\u0119kuj\u0119 Ksi\u0119\u017com\u00a0 \u00a0 \u00a0 wsp\u00f3\u0142pracownikom, Siostrom zakonnym,\u00a0 Rodzinie i Parafianom za wsparcie modlitewne w czasie choroby ksi\u0119dza. Dzi\u0119kuje za modlitw\u0119 i opraw\u0119 liturgiczn\u0105 w czasie Mszy \u015bw. po\u017cegnalnej. B\u00f3g Zap\u0142a\u0107.<br>3. W \u015brod\u0119 o godz 18<sup>00<\/sup>\u00a0<strong>Nowenna do MB Nieustaj\u0105cej Pomocy.<\/strong><br>4. W \u015brod\u0119 \u015bwi\u0119to\u00a0<strong>\u015aw. Marii Magdaleny<\/strong><br>5.<strong> W sobot\u0119\u00a025 lipca Ko\u015bci\u00f3\u0142 czci \u015bw. Jakuba i \u015bw. Krzysztofa \u2013 Patrona kierowc\u00f3w i podr\u00f3\u017cnych<\/strong>. W zwi\u0105zku z tym wszystkich kieruj\u0105cych pojazdami mechanicznymi bardzo\u00a0 \u00a0 \u00a0 \u00a0\u00a0serdecznie zapraszamy\u00a0\u00a0<strong>w przysz\u0142\u0105 niedziel\u0119. Po\u015bwi\u0119cenie pojazd\u00f3w po wszystkich Mszach \u015bwi\u0119tych<\/strong>. Pojazdy do po\u015bwi\u0119cenia nale\u017cy ustawia\u0107 tylko na placu ko\u015bcielnym. Przy\u00a0 \u00a0 \u00a0po\u015bwi\u0119ceniu kierowcy otrzymaj\u0105 breloczki ze \u015bw. Krzysztofem\u00a0 z modlitw\u0105 kierowcy, kt\u00f3r\u0105 powinno si\u0119 odmawia\u0107 na rozpocz\u0119cie podr\u00f3\u017cy.<br>6. <strong>26 lipca Ko\u015bci\u00f3\u0142 czci \u015bwi\u0119tych Joachima i Ann\u0119 \u2013 Rodzic\u00f3w NMP<\/strong>. Jest to dzie\u0144\u00a0 modlitewnej pami\u0119ci i wdzi\u0119czno\u015bci wobec rodzic\u00f3w i dziadk\u00f3w, kt\u00f3rym tak wiele zawdzi\u0119czamy.<br>7. Zapraszamy codziennie na modlitw\u0119\u00a0<strong>Koronki do Bo\u017cego Mi\u0142osierdzia o godz. 15<sup>00<\/sup>\u00a0w kaplicy<\/strong>\u00a0a\u00a0<strong>o godz. 17<sup>30<\/sup>\u00a0do wsp\u00f3lnej modlitwy r\u00f3\u017ca\u0144cowej o ustanie pandemii<\/strong>.<br>8. W kaplicy naszego ko\u015bcio\u0142a trwa\u00a0<strong>ca\u0142odniowa Adoracja Naj\u015bwi\u0119tszego Sakramentu<\/strong>\u00a0w niedziel\u0119 od godz. 15<sup>00<\/sup>\u00a0a w dni powszednie po Mszy \u015bw. porannej do Mszy \u015bw. wieczornej<br>9. <strong>&#8222;Komendant Wojew\u00f3dzki Policji w Gorzowie Wlkp. informuje i przestrzega przed dzia\u0142alno\u015bci\u0105 oszust\u00f3w metod\u0105 \u201ena wnuczka\u201d lub \u201ena policjanta\u201d, przypominaj\u0105c, \u017ce Policja nigdy nie prosi o przekazanie got\u00f3wki i nie anga\u017cuje obywateli w akcje zatrzymania przest\u0119pc\u00f3w.\u00a0Nie nale\u017cy przekazywa\u0107 pieni\u0119dzy osobom nieznanym ani udziela\u0107 informacji przez telefon o miejscu ich przechowywania, o kontach bankowych czy has\u0142ach. Nie nale\u017cy te\u017c wpuszcza\u0107 nieznanych os\u00f3b do mieszkania czy podpisywa\u0107 um\u00f3w. Wszelkie transakcje powinny by\u0107 zawierane w siedzibie firmy. W ka\u017cdej sytuacji budz\u0105cej nasze podejrzenia\u00a0 \u00a0 \u00a0powinni\u015bmy kontaktowa\u0107 si\u0119 z Policj\u0105 pod nr alarmowy 112. Pe\u0142na tre\u015b\u0107 apelu Policji dost\u0119pna jest na tablicy og\u0142osze\u0144&#8221;.\u00a0<\/strong><br>10.<strong>\u00a0Mo\u017cliwo\u015b\u0107 spowiedzi<\/strong>: w dni powszednie i\u00a0<strong>w niedziele p\u00f3\u0142 godziny przed ka\u017cd\u0105 Msz\u0105 \u015bw.<\/strong><br>11.<strong>\u00a0Dzisiaj 3 niedziela miesi\u0105ca ofiary z\u0142o\u017cone na tac\u0119 przeznaczone s\u0105 na potrzeby parafii. Dzi\u0119kujemy za<\/strong>\u00a0ofiary tac\u0119 i\u00a0<strong>za przelew<\/strong>\u00a0na konto parafii.\u00a0<strong>B\u00f3g Zap\u0142a\u0107.<\/strong>\u00a0<strong>Numer konta\u00a0 \u00a0 \u00a0bankowego parafii:\u00a0<\/strong>58 9673 0007 0000 0300 4864 0001<br>12.\u00a0<strong>Kancelaria czynna:<\/strong>\u00a0w poniedzia\u0142ek i w sobot\u0119 od godz. 17<sup>00\u00a0<\/sup>od godz. 18<sup>00<\/sup>.<br>13.\u00a0<strong>Dzi\u0119kujemy 8 osobom ze wsp\u00f3lnoty Neokatechumenalnej za sprz\u0105tanie ko\u015bcio\u0142a. Msza \u015bw. za sprz\u0105taj\u0105cych i ich rodziny\u00a0 odb\u0119dzie si\u0119 na Eucharystii wsp\u00f3lnoty.<\/strong><br>14.\u00a0<strong>W sobot\u0119 na godz. 9<sup>00<\/sup>\u00a0do sprz\u0105tania ko\u015bcio\u0142a zapraszam wsp\u00f3lnot\u0119 Ko\u015bcio\u0142a Domowego \u2013 Oaz\u0119 Rodzin.<\/strong><br>15. Zach\u0119camy do zakupu i lektury prasy katolickiej: Tygodnik<strong>\u00a0NIEDZIELA i GO\u015a\u0106 NIEDZIELNY,\u00a0<\/strong>kupi\u0107 je mo\u017cna w zakrystii.<br>16.<strong>\u00a0\u00a0Czas wakacji<\/strong>\u00a0&#8211;\u00a0<strong>bardzo prosz\u0119 Rodzic\u00f3w<\/strong>, \u017ceby zapewnili swoim dzieciom u organizator\u00f3w oboz\u00f3w i kolonii,\u00a0<strong>aby dzieci mog\u0142y uczestniczy\u0107 w niedzielnej Mszy \u015bw<\/strong>.\u00a0<strong>\u00a0<\/strong><br>17.\u00a0<strong>Przypominam o nale\u017cytym stroju na Mszach \u015bw. i przy zwiedzaniu ko\u015bcio\u0142\u00f3w.<\/strong>\u00a0<strong>Nie wchodzimy w koszulkach na rami\u0105czkach i panowie w kr\u00f3tkich spodenkach.<\/strong><br>18.\u00a0<strong>\u00a0Wierni, kt\u00f3rzy w czasie wypoczynku w r\u00f3\u017cnych miejscach \u015bwiata nie b\u0119d\u0105 mogli uczestniczy\u0107 we Mszy \u015bw. a maj\u0105 zasi\u0119g Internetu, zapraszam do\u00a0uczestnictwa we Mszy \u015bw.\u00a0 \u00a0z naszego ko\u015bcio\u0142a. Transmisja na \u017cywo przez 24 godz.<\/strong><br>19.\u00a0<strong>\u00a0Og\u0142oszenia pielgrzymkowe<\/strong><br>&#8211; Tradycyjnie dniach od 2 do 12 sierpnia z Zielonej G\u00f3ry wyrusza Piesza Pielgrzymka na Jasna G\u00f3r\u0119.<br><strong>Spotkanie przedpielgrzymkowe pielgrzymuj\u0105cych do Otynia i na Jasn\u0105 G\u00f3r\u0119 odb\u0119dzie si\u0119 w czwartek 30 lipca na Mszy \u015bw.\u00a0 o godz. 18<sup>00<\/sup><\/strong><br><strong>\u00a0&#8211; W tym roku<\/strong>\u00a0ze wzgl\u0119du na ograniczenia zwi\u0105zane z pandemi\u0105 proponujemy piesz\u0105 pielgrzymk\u0119 z\u00a0<strong>Zielonej G\u00f3ry do Otynia w dwie soboty 1 i 8 sierpnia<\/strong>. Rozpoczniemy Msz\u0105 \u015bw. o godz. 8<sup>00<\/sup>\u00a0w konkatedrze \u015aw. Jadwigi i przejdziemy przez Racul\u0119, Drzonk\u00f3w, Such\u0105, Niedoradz do Otynia gdzie modlitw\u0105 uwielbienia zako\u0144czymy pielgrzymowanie.<br>&#8211; Pakiet pielgrzyma: identyfikator, smycz, koszty organizacyjne.\u00a0<strong>Koszt 20 z\u0142<\/strong><br><strong>&#8211; Ch\u0119tni musz\u0105 wcze\u015bniej zapisa\u0107 si\u0119 na list\u0119<\/strong>, wype\u0142ni\u0107 wszystkie dane wymagane przez\u00a0<strong>G\u0142\u00f3wnego Inspektora Sanitarnego dla organizator\u00f3w ruchu pielgrzymkowego podczas stanu epidemii COVID-19 w Polsce z dnia 5 czerwca 2020 r.<\/strong><br>&#8211; Niema mo\u017cliwo\u015bci pielgrzymowania bez wpisania si\u0119 na list\u0119 pielgrzym\u00f3w.<br>&#8211; Istnieje mo\u017cliwo\u015b\u0107 zapisania si\u0119 na list\u0119 honorowych,\u00a0<strong>Duchowych Pielgrzym\u00f3w<\/strong>\u00a0i ta forma pielgrzymowania staje si\u0119 g\u0142\u00f3wn\u0105 si\u0142\u0105 tegorocznej pielgrzymki. Proponujemy w tym czasie od 2 do 12 sierpnia dla tych kt\u00f3rzy mog\u0105 wsp\u00f3lne uczestnictwo we Mszy \u015bw. Karty Duchowego Pielgrzyma i zapisy w zakrystii.<br>20.\u00a0<strong>\u00a0Proponujemy autokarow\u0105 pielgrzymk\u0119 \/z noclegiem bez wy\u017cywienia\/ na Jasn\u0105 G\u00f3r\u0119<\/strong>. Wyjazd 11 sierpnia godz. 12<sup>00<\/sup>, powr\u00f3t 12 sierpnia ok. godz. 22<sup>00<\/sup>,<strong>\u00a0koszt 120 z\u0142.<\/strong>\u00a0Wi\u0119cej informacji i zapisy u przewodnik\u00f3w grup.<br>21.\u00a0<strong>W minionym tygodniu z naszej parafii zmarli:<\/strong>+ Irena Peno zam. ul Szymanowskiego; + Bogdan Zar\u0119ba zam. Ko\u017cuch\u00f3w ul. 22 lipca; + Wanda Wider\u00a0<strong>\u00a0zam. ul. Mickiewicza<\/strong><br><strong>\u00a0<\/strong>Polecajmy naszych zmar\u0142ych i zmar\u0142ych w czasie epidemii Bo\u017cemu Mi\u0142osierdziu.\u00a0<strong>Wieczne odpoczywanie racz im da\u0107 Panie<\/strong>.<br><strong>\u00a0<\/strong><br><strong>Wszystkim Parafianom i Go\u015bciom \u017cyczymy Daru Bo\u017cego umocnienia i pokrzepienia, \u017cyczymy wielkiej wzajemnej \u017cyczliwo\u015bci i Chrystusowego Pokoju, dzieciom i m\u0142odzie\u017cy bezpiecznego i radosnego wypoczynku,\u00a0 obdarowujcie si\u0119 u\u015bmiechem i pomoc\u0105.<\/strong><br><strong>\u00a0<\/strong><br><strong>\u00a0<\/strong><\/p>\n","protected":false},"excerpt":{"rendered":"<p>Nowa S\u00f3l 19 VII 2020 Og\u0142oszenia duszpasterskieXVI Niedziela okresu zwyk\u0142ego 1. Dzisiaj 16 niedziela okresu zwyk\u0142ego. Przypominamy i zdecydowanie prosimy aby przed wej\u015bciem do ko\u015bcio\u0142a dezynfekowa\u0107 r\u0119ce i w ko\u015bciele&hellip;<\/p>\n","protected":false},"author":1,"featured_media":3316,"comment_status":"closed","ping_status":"closed","sticky":false,"template":"","format":"standard","meta":{"_lmt_disableupdate":"","_lmt_disable":"","footnotes":""},"categories":[19],"tags":[],"class_list":["post-3616","post","type-post","status-publish","format-standard","has-post-thumbnail","hentry","category-ogloszenia"],"_links":{"self":[{"href":"https:\/\/swiety-jozef.pl\/index.php\/wp-json\/wp\/v2\/posts\/3616","targetHints":{"allow":["GET"]}}],"collection":[{"href":"https:\/\/swiety-jozef.pl\/index.php\/wp-json\/wp\/v2\/posts"}],"about":[{"href":"https:\/\/swiety-jozef.pl\/index.php\/wp-json\/wp\/v2\/types\/post"}],"author":[{"embeddable":true,"href":"https:\/\/swiety-jozef.pl\/index.php\/wp-json\/wp\/v2\/users\/1"}],"replies":[{"embeddable":true,"href":"https:\/\/swiety-jozef.pl\/index.php\/wp-json\/wp\/v2\/comments?post=3616"}],"version-history":[{"count":1,"href":"https:\/\/swiety-jozef.pl\/index.php\/wp-json\/wp\/v2\/posts\/3616\/revisions"}],"predecessor-version":[{"id":3617,"href":"https:\/\/swiety-jozef.pl\/index.php\/wp-json\/wp\/v2\/posts\/3616\/revisions\/3617"}],"wp:featuredmedia":[{"embeddable":true,"href":"https:\/\/swiety-jozef.pl\/index.php\/wp-json\/wp\/v2\/media\/3316"}],"wp:attachment":[{"href":"https:\/\/swiety-jozef.pl\/index.php\/wp-json\/wp\/v2\/media?parent=3616"}],"wp:term":[{"taxonomy":"category","embeddable":true,"href":"https:\/\/swiety-jozef.pl\/index.php\/wp-json\/wp\/v2\/categories?post=3616"},{"taxonomy":"post_tag","embeddable":true,"href":"https:\/\/swiety-jozef.pl\/index.php\/wp-json\/wp\/v2\/tags?post=3616"}],"curies":[{"name":"wp","href":"https:\/\/api.w.org\/{rel}","templated":true}]}}