{"id":3593,"date":"2022-03-07T09:17:49","date_gmt":"2022-03-07T08:17:49","guid":{"rendered":"https:\/\/swiety-jozef.pl\/?p=3593"},"modified":"2022-03-07T09:17:51","modified_gmt":"2022-03-07T08:17:51","slug":"ogloszenia-duszpasterskie-03-05-2020-r","status":"publish","type":"post","link":"https:\/\/swiety-jozef.pl\/index.php\/2022\/03\/07\/ogloszenia-duszpasterskie-03-05-2020-r\/","title":{"rendered":"Og\u0142oszenia duszpasterskie 03.05.2020 r."},"content":{"rendered":"\n<p class=\"has-text-align-right\"><strong>Nowa S\u00f3l 3 V 2020<\/strong><\/p>\n\n\n\n<h4 class=\"has-text-align-center wp-block-heading\">Og\u0142oszenia duszpasterskie<br>IV Niedziela Wielkanocna<br>DOBREGO PASTERZA<\/h4>\n\n\n\n<p>1. Dzisiaj IV Niedziela Wielkanocna \u2013 Niedziela Dobrego Pasterza, rozpoczyna si\u0119 \u015awiatowy Tydzie\u0144 Modlitw o Powo\u0142ania.<br><\/p>\n\n\n\n<!--more-->\n\n\n\n<p>2. Dzisiaj na Mszy \u015bw. o godz.\u00a0 7<sup>30<\/sup>\u00a0zmiana tajemnic \u017cywego R\u00f3\u017ca\u0144ca.<br><\/p>\n\n\n\n<p>3. <strong>Diakon Dawid Klepusewicz, syn Krzysztofa i \u017cony Agnieszki z domu Skier\u015b, ur. 16.06.1995r. w Nowej Soli, pragnie przyj\u0105\u0107 od Ko\u015bcio\u0142a \u015bwi\u0119cenia\u00a0 \u00a0 \u00a0 \u00a0 \u00a0\u00a0kap\u0142a\u0144stwa. Kandydata poleca si\u0119 modlitwie wiernych. Kto by za\u015b o nim co\u015b wiedzia\u0142, co by go czyni\u0142o niegodnym \u015bwi\u0119ce\u0144 kap\u0142a\u0144skich, by\u0142by w sumieniu obowi\u0105zany zawiadomi\u0107 tutejszy urz\u0105d parafialny, przy czym nale\u017cy pami\u0119ta\u0107, \u017ce by\u0142oby grzechem rzuca\u0107 na niewinnego nies\u0142uszne podejrzenia lub pos\u0105dzenia<\/strong><br><\/p>\n\n\n\n<p>4. W \u015brod\u0119 o godz. 18:00\u00a0<strong>nowenna do MB Nieustaj\u0105cej Pomocy.<\/strong><br><\/p>\n\n\n\n<p>5. <strong>W tym tygodniu I czwartek miesi\u0105ca, po Mszy \u015bw. spotkanie Przyjaci\u00f3\u0142 Parady\u017ca w ko\u015bciele.<\/strong><br><\/p>\n\n\n\n<p>6. Zapraszamy na\u00a0<strong>Nabo\u017ce\u0144stwa Majowe w dni powszednie o godz. 17<sup>30<\/sup>\u00a0w niedziele o godz. 18<sup>00<\/sup><\/strong><br><\/p>\n\n\n\n<p>7. Zapraszamy na\u00a0<strong>Modlitw\u0119 Koronki do Bo\u017cego Mi\u0142osierdzia codziennie godz. 15<sup>00<\/sup>\u00a0w naszej kaplicy.<\/strong><br><\/p>\n\n\n\n<p>8. W kaplicy naszego ko\u015bcio\u0142a trwa ca\u0142odniowa Adoracja Naj\u015bwi\u0119tszego Sakramentu w niedziel\u0119 od godz. 15<sup>00<\/sup>\u00a0a w dni powszednie po Mszy \u015bw. porannej do Mszy \u015bw. wieczornej<br><\/p>\n\n\n\n<p>9. W tym trudnym czasie trwamy z pos\u0142ug\u0105 Sakramenty Pokuty. Mo\u017cliwo\u015b\u0107 spowiedzi\u00a0\/kratki konfesjona\u0142u s\u0105 ofoliowane\/:<br><strong>&#8211; dni powszednie<\/strong>\u00a0<strong>od godz. 6<sup>30\u00a0<\/sup>\u00a0do godz. 7<sup>15<\/sup>,\u00a0od godz. 17<sup>00\u00a0<\/sup>\u00a0do godz. 18<sup>15<\/sup><\/strong><br><strong>&#8211;\u00a0w niedziele p\u00f3\u0142 godziny przed ka\u017cd\u0105 Msz\u0105 \u015bw.<\/strong><br><\/p>\n\n\n\n<p>10.\u00a0<strong>Zapraszamy codziennie o godz. 17<sup>00<\/sup>\u00a0do wsp\u00f3lnej rodzinnej modlitwy r\u00f3\u017ca\u0144cowej<\/strong>, ksi\u0119\u017ca w tym czasie gromadz\u0105 si\u0119 z wiernymi w ko\u015bciele na modlitwie r\u00f3\u017ca\u0144cowej o ustanie pandemii.<\/p>\n\n\n\n<p>11.<strong>\u00a0Dzi\u0119kujemy za<\/strong>\u00a0ofiary tac\u0119 i\u00a0<strong>17 osobom, kt\u00f3re zrobi\u0142y przelew<\/strong>\u00a0na konto parafii. Za wszelkie ofiary sk\u0142adamy serdeczne<strong>\u00a0B\u00f3g Zap\u0142a\u0107.<\/strong><br><strong>Podajemy numer konta bankowego parafii:\u00a058 9673 0007 0000 0300 4864 0001<\/strong><\/p>\n\n\n\n<p>12.<strong>\u00a0Dzi\u0119kujemy za udekorowanie naszych dom\u00f3w i mieszka\u0144 flagami.<\/strong><br><\/p>\n\n\n\n<p>13.\u00a0<strong>Dzi\u0119kujemy 12\u00a0<\/strong>wiernych, kt\u00f3rzy w czwartek posprz\u0105tali nasz ko\u015bci\u00f3\u0142 na uroczysto\u015b\u0107 odpustu, dzi\u0119kujemy pani Eli Janus za u\u0142o\u017cenie kwiat\u00f3w i siostrze Alicji. Msza \u015bw. w ich intencji zostanie odprawiona 10 V o godz. 12<sup>30<\/sup><br><\/p>\n\n\n\n<p>14.\u00a0<strong>Kancelaria czynna:<\/strong>\u00a0w poniedzia\u0142ek i w sobot\u0119 od godz. 17<sup>00\u00a0<\/sup>od godz. 18<sup>00<\/sup>.<br><\/p>\n\n\n\n<p>15. Zach\u0119camy do zakupu i lektury prasy katolickiej: Tygodnik<strong>\u00a0NIEDZIELA i GO\u015a\u0106 NIEDZIELNY\u00a0<\/strong>kupi\u0107 je mo\u017cna w zakrystii. Elektroniczna wersja Go\u015bcia Niedzielnego\u00a0<a href=\"file:\/\/\/C:\/Users\/Krzysztof\/Desktop\/OG%C5%81OSZENIA%20PARAFIALNE\/gosc.pl\">gosc.pl<\/a>\u00a0i Niedzieli\u00a0<a href=\"http:\/\/www.e.niedziela.pl\/\">www.e.niedziela.pl<\/a>\u00a0 \u00a0dost\u0119pna na stronach internetowych.<br><\/p>\n\n\n\n<p>16. Zapraszamy do uczestnictwa we Mszy \u015bw. na \u017cywo z naszego ko\u015bcio\u0142a. We wszystkich nabo\u017ce\u0144stwach zamieszczonych w og\u0142oszeniach, KT\u00d3RE ODBYWAJ\u0104 SI\u0118 W NASZYM KO\u015aCIELE mo\u017cna uczestniczy\u0107 przez Internet. S\u0105 zainstalowane 2 kamery: jedna w kaplicy, druga w ko\u015bciele, w zale\u017cno\u015bci gdzie odbywa si\u0119 liturgia logujemy si\u0119 na odpowiedni\u0105 kamer\u0119 \u2013 linki na stronie.\u00a0 Zapraszamy.<br><\/p>\n\n\n\n<p>17. Otrzymali\u015bmy faktur\u0119 za kamery i osprz\u0119t potrzebny do transmisji na \u017cywo z naszego ko\u015bcio\u0142a na kwot\u0119 6 904 z\u0142. W miar\u0119 mo\u017cliwo\u015bci prosimy o pomoc w uregulowaniu nale\u017cno\u015bci.<br><\/p>\n\n\n\n<p class=\"has-text-align-left\">18.\u00a0<strong>W minionym tygodniu z naszej parafii nikt nie zmar\u0142<\/strong>: Polecajmy naszych zmar\u0142ych i zmar\u0142ych w czasie epidemii Bo\u017cemu Mi\u0142osierdziu.\u00a0<strong>Wieczne odpoczywanie racz im da\u0107 Panie<\/strong>.<br>\u00a0<br><strong>Wszystkim Parafianom i Go\u015bciom w tym trudnym czasie \u017cyczymy Daru Bo\u017cego umocnienia i pokrzepienia, \u017cyczymy wielkiej wzajemnej \u017cyczliwo\u015bci i Chrystusowego Pokoju, obdarowujcie si\u0119 u\u015bmiechem i pomoc\u0105.<\/strong><br><strong>\u00a0\u00a0<\/strong><br><strong>I KOMUNIA \u015aWIETA DZIECI<\/strong><br><strong>Grupowe uroczysto\u015bci pierwszokomunijne w diecezji\u00a0s\u0105 nadal odwo\u0142ane.<\/strong><br>Za zgod\u0105 proboszcza i na wyra\u017an\u0105, umotywowan\u0105 dobrem duchowym dziecka pro\u015bb\u0119 rodzic\u00f3w oraz przy ich udziale mo\u017cliwe jest\u00a0<strong>indywidualne\u00a0przygotowanie i udzielanie dziecku sakramentu pokuty i pojednania oraz I Komunii \u015bw.<\/strong>\u00a0Przygotowanie i celebracje mog\u0105 odbywa\u0107 si\u0119 tylko w ko\u015bciele z uwzgl\u0119dnieniem limitu os\u00f3b i dystansu.<br>Czas przygotowa\u0144 nie mo\u017ce by\u0107 kr\u00f3tszy ni\u017c miesi\u0105c i mo\u017ce rozci\u0105gn\u0105\u0107 si\u0119 nawet na okres wakacyjny.<br>Zapraszam rodzic\u00f3w zainteresowanych t\u0105 propozycj\u0105 na Msz\u0119 \u015bw. o godz. 11<sup>00<\/sup>\u00a0w niedziele 3 maja. Spotkanie po Mszy \u015bw..<br><\/p>\n\n\n\n<p class=\"has-text-align-right\">Ks. Krzysztof Kocz proboszcz<br><strong>\u00a0<\/strong><\/p>\n","protected":false},"excerpt":{"rendered":"<p>Nowa S\u00f3l 3 V 2020 Og\u0142oszenia duszpasterskieIV Niedziela WielkanocnaDOBREGO PASTERZA 1. Dzisiaj IV Niedziela Wielkanocna \u2013 Niedziela Dobrego Pasterza, rozpoczyna si\u0119 \u015awiatowy Tydzie\u0144 Modlitw o Powo\u0142ania.<\/p>\n","protected":false},"author":1,"featured_media":3316,"comment_status":"closed","ping_status":"closed","sticky":false,"template":"","format":"standard","meta":{"_lmt_disableupdate":"","_lmt_disable":"","footnotes":""},"categories":[19],"tags":[],"class_list":["post-3593","post","type-post","status-publish","format-standard","has-post-thumbnail","hentry","category-ogloszenia"],"_links":{"self":[{"href":"https:\/\/swiety-jozef.pl\/index.php\/wp-json\/wp\/v2\/posts\/3593","targetHints":{"allow":["GET"]}}],"collection":[{"href":"https:\/\/swiety-jozef.pl\/index.php\/wp-json\/wp\/v2\/posts"}],"about":[{"href":"https:\/\/swiety-jozef.pl\/index.php\/wp-json\/wp\/v2\/types\/post"}],"author":[{"embeddable":true,"href":"https:\/\/swiety-jozef.pl\/index.php\/wp-json\/wp\/v2\/users\/1"}],"replies":[{"embeddable":true,"href":"https:\/\/swiety-jozef.pl\/index.php\/wp-json\/wp\/v2\/comments?post=3593"}],"version-history":[{"count":1,"href":"https:\/\/swiety-jozef.pl\/index.php\/wp-json\/wp\/v2\/posts\/3593\/revisions"}],"predecessor-version":[{"id":3594,"href":"https:\/\/swiety-jozef.pl\/index.php\/wp-json\/wp\/v2\/posts\/3593\/revisions\/3594"}],"wp:featuredmedia":[{"embeddable":true,"href":"https:\/\/swiety-jozef.pl\/index.php\/wp-json\/wp\/v2\/media\/3316"}],"wp:attachment":[{"href":"https:\/\/swiety-jozef.pl\/index.php\/wp-json\/wp\/v2\/media?parent=3593"}],"wp:term":[{"taxonomy":"category","embeddable":true,"href":"https:\/\/swiety-jozef.pl\/index.php\/wp-json\/wp\/v2\/categories?post=3593"},{"taxonomy":"post_tag","embeddable":true,"href":"https:\/\/swiety-jozef.pl\/index.php\/wp-json\/wp\/v2\/tags?post=3593"}],"curies":[{"name":"wp","href":"https:\/\/api.w.org\/{rel}","templated":true}]}}