{"id":3586,"date":"2022-03-07T08:52:22","date_gmt":"2022-03-07T07:52:22","guid":{"rendered":"https:\/\/swiety-jozef.pl\/?p=3586"},"modified":"2022-03-07T08:53:19","modified_gmt":"2022-03-07T07:53:19","slug":"ogloszenia-duszpasterskie-19-04-2020-r","status":"publish","type":"post","link":"https:\/\/swiety-jozef.pl\/index.php\/2022\/03\/07\/ogloszenia-duszpasterskie-19-04-2020-r\/","title":{"rendered":"Og\u0142oszenia duszpasterskie 19.04.2020 r."},"content":{"rendered":"\n<p class=\"has-text-align-right\"><strong>Nowa S\u00f3l 19 IV 2020<\/strong><\/p>\n\n\n\n<h4 class=\"has-text-align-center wp-block-heading\">Og\u0142oszenia duszpasterskie<br>II NIEDZIELA Wielkanocna<br>Niedziela MI\u0141OSIERDZIA BO\u017bEGO rok A<\/h4>\n\n\n\n<p><strong>1<\/strong>.&nbsp;<strong>Dzisiaj<\/strong>&nbsp;<strong>niedziela<\/strong>&nbsp;MI\u0141OSIERDZIA BO\u017bEGO. Rozpoczyna si\u0119 Tydzie\u0144 Mi\u0142osierdzia. List biskupa na dzisiejsz\u0105 niedziel\u0119 Kliknij<\/p>\n\n\n\n<!--more-->\n\n\n\n<p><strong>2<\/strong>. Zapraszam na Modlitw\u0119 Koronki do Bo\u017cego Mi\u0142osierdzia przez ca\u0142y tydzie\u0144 o godz. 15:00 w naszej kaplicy.<\/p>\n\n\n\n<p><strong>3<\/strong>. W kaplicy naszego ko\u015bcio\u0142a trwa ca\u0142odniowa Adoracja Naj\u015bwi\u0119tszego Sakramentu w niedziel\u0119 od godz. 15:00 a w dni powszednie po Msz \u015bw. porannej do Mszy \u015bw. wieczornej.<\/p>\n\n\n\n<p><strong>4<\/strong>.&nbsp;<strong>W ZWI\u0104ZKU ZE STANEM ZAGRO\u017bENIA EPIDEMICZNEGO WED\u0141UG NOWEGO ZARZADZENIA OD PONIEDZIA\u0141KU<\/strong><strong>W NASZYM KO\u015aCIELE MO\u017bE PRZEBYWA\u0106 130 OS\u00d3B a W KAPLICY 20 OS\u00d3B.<\/strong><\/p>\n\n\n\n<p><strong>5<\/strong>. Zapraszamy do uczestnictwa we Mszy \u015bw. na \u017cywo z naszego ko\u015bcio\u0142a. We wszystkich nabo\u017ce\u0144stwach zamieszczonych w og\u0142oszeniach, KT\u00d3RE ODBYWAJ\u0104 SI\u0118 W NASZYM KO\u015aCIELE mo\u017cna uczestniczy\u0107 przez Internet. S\u0105 zainstalowane 2 kamery: jedna w kaplicy, druga w ko\u015bciele, w zale\u017cno\u015bci gdzie odbywa si\u0119 liturgia logujemy si\u0119 na odpowiedni\u0105 kamer\u0119 \u2013 linki na stronie. Zapraszamy<\/p>\n\n\n\n<p><strong>6<\/strong>. W \u015brod\u0119 o godz. 18:00&nbsp;<strong>nowenna do MB Nieustaj\u0105cej Pomocy.<\/strong><\/p>\n\n\n\n<p><strong>7<\/strong>. W czwartek uroczysto\u015b\u0107 \u015bw. Wojciech g\u0142\u00f3wnego patrona Polski<\/p>\n\n\n\n<p><strong>8<\/strong>.&nbsp;<strong>Diakon Dawid Klepusewicz, syn Krzysztofa i \u017cony Agnieszki z domu Skier\u015b, ur. 16.06.1995r. w Nowej Soli, pragnie przyj\u0105\u0107 od Ko\u015bcio\u0142a \u015bwi\u0119cenia kap\u0142a\u0144stwa. Kandydata poleca si\u0119 modlitwie wiernych. Kto by za\u015b o nim co\u015b wiedzia\u0142, co by go czyni\u0142o niegodnym \u015bwi\u0119ce\u0144 kap\u0142a\u0144skich, by\u0142by w sumieniu obowi\u0105zany zawiadomi\u0107 tutejszy urz\u0105d parafialny, przy czym nale\u017cy pami\u0119ta\u0107, \u017ce by\u0142oby grzechem rzuca\u0107 na niewinnego nies\u0142uszne podejrzenia lub pos\u0105dzenia.<\/strong><\/p>\n\n\n\n<p><strong>9<\/strong>. W tym trudnym czasie trwamy z pos\u0142ug\u0105 Sakramenty Pokuty. Mo\u017cliwo\u015b\u0107 spowiedzi&nbsp;ko\u015bciele g\u0142\u00f3wnym&nbsp;\/kratki konfesjona\u0142u s\u0105 ofoliowane\/. W dni powszednie&nbsp;<strong>od godz. 6:30 do godz. 7:30, od godz. 17:00 do godz. 18:30.&nbsp;<\/strong><\/p>\n\n\n\n<p><strong>10<\/strong>.&nbsp;<strong>W niedziele p\u00f3\u0142 godziny przed ka\u017cd\u0105 Msz\u0105 \u015bw.<\/strong>&nbsp;\/w zale\u017cno\u015bci od potrzeby b\u0119dziemy wyd\u0142u\u017ca\u0107 czas spowiedzi\/<\/p>\n\n\n\n<p><strong>11<\/strong>.&nbsp;<strong>Mo\u017cliwo\u015b\u0107 przyj\u0119cia Komunii \u015bw. w trakcie spowiedzi co 15 min w ko\u015bciele g\u0142\u00f3wnym.<\/strong><\/p>\n\n\n\n<p><strong>12<\/strong>.&nbsp;<strong>Biskup Diecezjalny udzieli\u0142 dyspensy od uczestnictwa w niedzielnej Mszy \u015bwi\u0119tej.<\/strong>&nbsp;Bardzo prosz\u0119 aby w ka\u017cd\u0105 niedziel\u0119 zgromadzi\u0107 wszystkich domownik\u00f3w, ubra\u0107 si\u0119 od\u015bwi\u0119tnie, wybra\u0107 konkretn\u0105 godzin\u0119 transmisji Mszy \u015bwi\u0119tej, na stole nakrytym bia\u0142ym obrusem ustawi\u0107 Krzy\u017c, po\u0142o\u017cy\u0107 Pismo \u015awi\u0119te \/otwarte na niedzielnej ewangelii\/, zapali\u0107 \u015bwiece i tak jak w ko\u015bciele uczestniczy\u0107 we Mszy \u015bwi\u0119tej. \/zachowuj\u0105c wszystkie postawy jak w liturgii: stoj\u0105ca, siedz\u0105ca, kl\u0119cz\u0105ca.\/<\/p>\n\n\n\n<p><br><strong>13<\/strong>.&nbsp;<strong>Organizacja I Komunii \u015awi\u0119tej w Diecezji Zielonog\u00f3rsko-Gorzowskiej.<\/strong>&nbsp;Zgodnie z zarz\u0105dzeniem biskupa diecezjalnego, wszystkie uroczysto\u015bci pierwszokomunijne w diecezji&nbsp;<strong>zosta\u0142y odwo\u0142ane.<\/strong>&nbsp;Nowe decyzje dotycz\u0105ce przygotowania i zorganizowania I Komunii \u015bw. zostan\u0105 podj\u0119te po ustaniu epidemii i powrocie dzieci do szk\u00f3\u0142.<\/p>\n\n\n\n<p><strong>14<\/strong>.&nbsp;<strong>Bardzo prosz\u0119 zainteresujcie si\u0119 s\u0105siadami szczeg\u00f3lnie starszymi<\/strong>. To oni was znaj\u0105 i bardziej Wam mog\u0105 zaufa\u0107 ni\u017c osobom nieznanym. Zaproponujcie im ch\u0119\u0107 pomocy, przeka\u017ccie im sw\u00f3j numer telefonu, by mogli si\u0119 z Wami w razie potrzeby kontaktowa\u0107.<\/p>\n\n\n\n<p><strong>15<\/strong>.&nbsp;<strong>Mo\u017cliwo\u015b\u0107 zam\u00f3wienia intencji Mszy \u015bw. w zakrystii lub na stronie parafialnej.<\/strong><\/p>\n\n\n\n<p><strong>16<\/strong>.&nbsp;<strong>Zapraszamy codziennie o godz. 20:30 do wsp\u00f3lnej rodzinnej modlitwy r\u00f3\u017ca\u0144cowej,<\/strong>&nbsp;ksi\u0119\u017ca w tym czasie gromadz\u0105 si\u0119 w kaplicy na modlitwie r\u00f3\u017ca\u0144cowej o ustanie pandemii.<\/p>\n\n\n\n<p><strong>17<\/strong>.&nbsp;<strong>Dzi\u0119kujemy 37 osobom<\/strong>&nbsp;za ofiary w minionym tygodniu zamiast sk\u0142adane na tradycyjn\u0105 tac\u0119 przelane na konto parafii. Za wszelkie ofiary sk\u0142adamy serdeczne B\u00f3g Zap\u0142a\u0107.<\/p>\n\n\n\n<p>Podajemy numer konta bankowego parafii:<\/p>\n\n\n\n<p><em>58 9673 0007 0000 0300 4864 0001 &#8211;&nbsp;Bank Sp\u00f3\u0142dzielczy w Ko\u017cuchowie<\/em><\/p>\n\n\n\n<p><strong>18<\/strong>.&nbsp;<strong>Kancelaria czynna:<\/strong>&nbsp;w poniedzia\u0142ek i w sobot\u0119 od godz. 17:00 od godz. 18:00. Prosz\u0119 przychodzi\u0107 tylko w sprawach pilnych.<\/p>\n\n\n\n<p><strong>19<\/strong>.&nbsp;<strong>Przed nami uroczysto\u015b\u0107 odpustowa, w pi\u0105tek 1 maja \u2013 \u015bw. J\u00f3zefa Rzemie\u015blnika patrona naszej parafii. Msze \u015bw. o godz. 7:00, 9:00, 11:00, 18:00. Suma odpustowa o godz. 11:00 kt\u00f3rej przewodniczy\u0142 b\u0119dzie ks. kanonik Jerzy Fr\u0105ckowiak.<\/strong><\/p>\n\n\n\n<p><strong>20<\/strong>. Zach\u0119camy do zakupu i lektury prasy katolickiej tym tygodniu podw\u00f3jny numer:&nbsp;<strong>Tygodnik NIEDZIELA i GO\u015a\u0106 NIEDZIELNY<\/strong>&nbsp;kupi\u0107 je mo\u017cna w zakrystii. Elektroniczna wersja Go\u015bcia Niedzielnego&nbsp;<a href=\"http:\/\/www.gosc.pl\/\" target=\"_blank\" rel=\"noreferrer noopener\">gosc.pl<\/a>&nbsp;i Niedzieli&nbsp;<a href=\"http:\/\/www.e.niedziela.pl\/\" target=\"_blank\" rel=\"noreferrer noopener\">www.e.niedziela.pl<\/a>&nbsp;dost\u0119pna na stronach internetowych.<\/p>\n\n\n\n<p><strong>21<\/strong>.&nbsp;<strong>W minionym tygodniu nikt z naszej parafii nie zmar\u0142.<\/strong>&nbsp;Polecajmy naszych zmar\u0142ych i zmar\u0142ych w czasie epidemii Bo\u017cemu Mi\u0142osierdziu. Wieczne odpoczywanie racz im da\u0107 Panie&#8230;<\/p>\n\n\n\n<p><strong>22<\/strong>. Aktualne informacje b\u0119dziemy jak najszybciej umieszcza\u0107 na naszej stronie.<\/p>\n\n\n\n<p><strong>23<\/strong>. Wszystkim Parafianom i Go\u015bciom w tym trudnym czasie \u017cyczymy Daru Bo\u017cego umocnienia i pokrzepienia, \u017cyczymy wielkiej wzajemnej \u017cyczliwo\u015bci i Chrystusowego Pokoju, obdarowujcie si\u0119 u\u015bmiechem i pomoc\u0105.<\/p>\n","protected":false},"excerpt":{"rendered":"<p>Nowa S\u00f3l 19 IV 2020 Og\u0142oszenia duszpasterskieII NIEDZIELA WielkanocnaNiedziela MI\u0141OSIERDZIA BO\u017bEGO rok A 1.&nbsp;Dzisiaj&nbsp;niedziela&nbsp;MI\u0141OSIERDZIA BO\u017bEGO. Rozpoczyna si\u0119 Tydzie\u0144 Mi\u0142osierdzia. List biskupa na dzisiejsz\u0105 niedziel\u0119 Kliknij<\/p>\n","protected":false},"author":1,"featured_media":3316,"comment_status":"closed","ping_status":"closed","sticky":false,"template":"","format":"standard","meta":{"_lmt_disableupdate":"","_lmt_disable":"","footnotes":""},"categories":[19],"tags":[],"class_list":["post-3586","post","type-post","status-publish","format-standard","has-post-thumbnail","hentry","category-ogloszenia"],"_links":{"self":[{"href":"https:\/\/swiety-jozef.pl\/index.php\/wp-json\/wp\/v2\/posts\/3586","targetHints":{"allow":["GET"]}}],"collection":[{"href":"https:\/\/swiety-jozef.pl\/index.php\/wp-json\/wp\/v2\/posts"}],"about":[{"href":"https:\/\/swiety-jozef.pl\/index.php\/wp-json\/wp\/v2\/types\/post"}],"author":[{"embeddable":true,"href":"https:\/\/swiety-jozef.pl\/index.php\/wp-json\/wp\/v2\/users\/1"}],"replies":[{"embeddable":true,"href":"https:\/\/swiety-jozef.pl\/index.php\/wp-json\/wp\/v2\/comments?post=3586"}],"version-history":[{"count":2,"href":"https:\/\/swiety-jozef.pl\/index.php\/wp-json\/wp\/v2\/posts\/3586\/revisions"}],"predecessor-version":[{"id":3588,"href":"https:\/\/swiety-jozef.pl\/index.php\/wp-json\/wp\/v2\/posts\/3586\/revisions\/3588"}],"wp:featuredmedia":[{"embeddable":true,"href":"https:\/\/swiety-jozef.pl\/index.php\/wp-json\/wp\/v2\/media\/3316"}],"wp:attachment":[{"href":"https:\/\/swiety-jozef.pl\/index.php\/wp-json\/wp\/v2\/media?parent=3586"}],"wp:term":[{"taxonomy":"category","embeddable":true,"href":"https:\/\/swiety-jozef.pl\/index.php\/wp-json\/wp\/v2\/categories?post=3586"},{"taxonomy":"post_tag","embeddable":true,"href":"https:\/\/swiety-jozef.pl\/index.php\/wp-json\/wp\/v2\/tags?post=3586"}],"curies":[{"name":"wp","href":"https:\/\/api.w.org\/{rel}","templated":true}]}}