{"id":3576,"date":"2022-03-07T08:37:05","date_gmt":"2022-03-07T07:37:05","guid":{"rendered":"https:\/\/swiety-jozef.pl\/?p=3576"},"modified":"2022-03-07T08:37:59","modified_gmt":"2022-03-07T07:37:59","slug":"ogloszenia-duszpasterskie-22-03-2020-r","status":"publish","type":"post","link":"https:\/\/swiety-jozef.pl\/index.php\/2022\/03\/07\/ogloszenia-duszpasterskie-22-03-2020-r\/","title":{"rendered":"Og\u0142oszenia duszpasterskie 22.03.2020 r."},"content":{"rendered":"\n<p class=\"has-text-align-right\"><strong>Nowa S\u00f3l 22 III 2020<\/strong><\/p>\n\n\n\n<h4 class=\"has-text-align-center wp-block-heading\">Og\u0142oszenia duszpasterskie<br>IV NIEDZIELA WIELKIEGO POSTU rok A<\/h4>\n\n\n\n<p><strong>1<\/strong>. Dzisiaj IV niedziela Wielkiego Postu, tzw. Laetare\u00a0<em>niedziela rado\u015bci<\/em>.<\/p>\n\n\n\n<p><strong>2<\/strong>.&nbsp;<strong>W wej\u015bciu g\u0142\u00f3wnym do naszego ko\u015bcio\u0142a jest umieszczony \u015brodek dezynfekuj\u0105cy, prosz\u0119 nie dotyka\u0107 pojemnika, tylko podstawi\u0107 r\u0119k\u0119 pod kranik i zawarto\u015b\u0107 rozprowadzi\u0107 po d\u0142oniach.<\/strong><\/p>\n\n\n\n<!--more-->\n\n\n\n<p><strong>3<\/strong>.&nbsp;<strong>Msze \u015bw. w dni powszednie i niedziele odbywaj\u0105 si\u0119 tylko w ko\u015bciele g\u0142\u00f3wnym.<\/strong><\/p>\n\n\n\n<p><strong>4<\/strong>.&nbsp;<strong>Mo\u017cliwo\u015b\u0107 spowiedzi codziennie p\u00f3\u0142 godziny przed Msz\u0105 \u015bwi\u0119t\u0105, spowiada 4 ksi\u0119\u017cy. Zach\u0119camy aby korzysta\u0107 z sakramentu pokuty jak najwcze\u015bniej nie czekaj\u0105c do Wielkiego Tygodnia, kratki konfesjona\u0142u s\u0105 ofoliowane.&nbsp;Mo\u017cna przyj\u015b\u0107 wyspowiada\u0107 si\u0119 i i\u015b\u0107 do domu, robi\u0105c miejsce kolejnym osobom.<\/strong><\/p>\n\n\n\n<p><strong>5<\/strong>. Proponuj\u0119, \u017ceby nabo\u017ce\u0144stwo Drogi Krzy\u017cowej i Gorzkich \u017bali prze\u017cy\u0107 w swoich domach rodzinnych, pos\u0142uguj\u0105c si\u0119 modlitewnikami lub rozwa\u017caniami umieszczonymi w Internecie. Zapraszamy aby\u015bcie zgromadzili wok\u00f3\u0142 siebie wszystkich domownik\u00f3w \/rodzic\u00f3w, rodze\u0144stwo\/ wypraszaj\u0105c Bo\u017ce Mi\u0142osierdzie i zako\u0144czenie epidemii.<\/p>\n\n\n\n<p><strong>6<\/strong>. W ZWI\u0104ZKU Z WPROWADZONYM NA TERENIE CA\u0141EJ POLSKI STANEM&nbsp;<strong>EPIDEMII,&nbsp;<\/strong><strong>W KO\u015aCIELE<\/strong>&nbsp;MO\u017bE PRZEBYWA\u0106 MAKSYMALNIE 50 OS\u00d3B. PROSZ\u0118 O PRZYJ\u0118CIE ZE ZROZUMIENIEM TEGO OGRANICZENIA.<\/p>\n\n\n\n<p><strong>7<\/strong>. W zwi\u0105zku z tym na Mszach \u015bw., nabo\u017ce\u0144stwie pasyjnym&nbsp;<strong>Gorzkich \u017bali w niedziel\u0119 o godz. 17:30<\/strong>&nbsp;i w pi\u0105tki na Drodze Krzy\u017cowej b\u0119dzie mog\u0142o uczestniczy\u0107 tylko do 50 os\u00f3b.<\/p>\n\n\n\n<p><strong>8<\/strong>.&nbsp;<strong>W ka\u017cdy pi\u0105tek<\/strong>&nbsp;Wielkiego Postu:&nbsp;<strong>Nabo\u017ce\u0144stwo Drogi Krzy\u017cowej<\/strong><\/p>\n\n\n\n<ul class=\"wp-block-list\"><li>o godz.&nbsp;<strong>16:30<\/strong>&nbsp;\u2013 Droga Krzy\u017cowa.<\/li><li>o godz.&nbsp;<strong>17:30<\/strong>&nbsp;\u2013 Droga Krzy\u017cowa i bezpo\u015brednio po niej Msza \u015bw.<\/li><li>o godz.&nbsp;<strong>18:00<\/strong>&nbsp;\u2013&nbsp;<strong>Msza \u015bw.<\/strong><\/li><li>o godz.&nbsp;<strong>18:30<\/strong>&nbsp;\u2013 Droga Krzy\u017cowa. Jest to nasza ekspiacja za nasze grzechy.<\/li><\/ul>\n\n\n\n<p><strong>9<\/strong>. Przy chrzcielnicy jest wy\u0142o\u017cona&nbsp;<strong>ksi\u0119ga trze\u017awo\u015bci<\/strong>, zach\u0119camy do podj\u0119cia abstynenci od alkoholu na czas wielkiego postu.<\/p>\n\n\n\n<p><strong>10<\/strong>. W \u015brod\u0119 o godz. 18:00&nbsp;<strong>nowenna do MB Nieustaj\u0105cej Pomocy.<\/strong><\/p>\n\n\n\n<p><strong>11<\/strong>.&nbsp;<strong>W \u015brod\u0119 Uroczysto\u015b\u0107 Zwiastowania NMP. Msze \u015bw. o godz. 7:00, godz. 9:00, godz. 18:00.<\/strong><\/p>\n\n\n\n<p><strong>W tym dniu b\u0119dziemy mogli podj\u0105\u0107 si\u0119 modlitwy Duchowej Adopcji Dziecka Pocz\u0119tego<\/strong>. Ju\u017c dzisiaj te osoby, kt\u00f3re chc\u0105 podj\u0105\u0107 si\u0119 takiej modlitwy (1 dziesi\u0105tka r\u00f3\u017ca\u0144ca i kr\u00f3tka modlitwa) mog\u0105 pobra\u0107 specjalne foldery ze strony internetowej i wy\u0142o\u017cone s\u0105 te\u017c przy chrzcielnicy. W uroczysto\u015b\u0107 Zwiastowania NMP \/wi\u0119kszo\u015b\u0107 w swoich domach\/ uroczy\u015bcie rozpoczniemy t\u0119 modlitw\u0119.<\/p>\n\n\n\n<p>Je\u015bli rozpocz\u0105\u0142e\u015b Duchow\u0105 Adopcj\u0119 w swoim domu wy\u015blij email potwierdzaj\u0105cego e-mail:&nbsp;<strong>duchowa.adopcja@swiety-jozef.pl<\/strong>&nbsp;<strong>Przy wyj\u015bciu z ko\u015bcio\u0142a rozdajemy gazety dotycz\u0105ce tego wydarzenia.<\/strong><\/p>\n\n\n\n<p><em><strong>Duchowa Adopcja Dziecka Pocz\u0119tego &#8211; Dokumenty:&nbsp;<a href=\"http:\/\/www.duchowa-adopcja.pl\/dokumenty\/wademekum\" target=\"_blank\" rel=\"noreferrer noopener\">Kliknij tutaj!<\/a><\/strong><\/em>&nbsp;<\/p>\n\n\n\n<p><strong>12<\/strong>. W kaplicy naszego ko\u015bcio\u0142a&nbsp;<strong>trwa ca\u0142odniowa Adoracja Naj\u015bwi\u0119tszego Sakramentu,<\/strong>&nbsp;od poniedzia\u0142ku do pi\u0105tku w godzinach od 7:30 do Mszy \u015bw. wieczornej, w sobot\u0119 od godz 12:00 i w niedziel\u0119 po Mszy o godz. 14:00 do Mszy \u015bw. wieczornej.<\/p>\n\n\n\n<p><strong>13<\/strong>.&nbsp;<strong>O godz. 20:30 wszyscy ksi\u0119\u017ca gromadz\u0105 si\u0119 w ko\u015bcio\u0142ach<\/strong>&nbsp;na wsp\u00f3lnej modlitwie r\u00f3\u017ca\u0144cowej bez udzia\u0142u \u015bwieckich, zach\u0119cam parafian by w tym samym czasie modlili si\u0119 w swoich domach z rodzinami.<\/p>\n\n\n\n<p><strong>14<\/strong>.&nbsp;<strong>Parafialny Zesp\u00f3\u0142 Caritas<\/strong>&nbsp;informuje, \u017ce organizuje&nbsp;<strong>zbi\u00f3rk\u0119 \u017cywno\u015bci dla najbardziej potrzebuj\u0105cych<\/strong>&nbsp;w parafii. Przed o\u0142tarzem w kaplicy i ko\u015bciele s\u0105 wystawiane kosze do kt\u00f3rych mo\u017cna sk\u0142ada\u0107 artyku\u0142y spo\u017cywcze d\u0142ugoterminowe.&nbsp;<strong>Ju\u017c dzisiaj dzi\u0119kujemy za tak\u0105 ja\u0142mu\u017cn\u0119 postn\u0105.<\/strong><\/p>\n\n\n\n<p><strong>15<\/strong>.&nbsp;<strong>Caritas parafialna od tej niedzieli b\u0119dzie rozprowadza\u0142a \u015bwiece wielkanocne w cenie 15 z\u0142. Doch\u00f3d ze \u015bwiec przeznaczony jest na pomoc dzieciom.<\/strong><\/p>\n\n\n\n<p><strong>16<\/strong>. Serdeczne \u201eB\u00f3g zap\u0142a\u0107\u201d&nbsp;<strong>1 osobie z ul. 1 Maja blok nr. 12<\/strong>&nbsp;za sprz\u0105tanie ko\u015bcio\u0142a i ofiar\u0119 na kwiaty. Msza \u015bw. w intencji tych os\u00f3b i ich rodzin b\u0119dzie si\u0119&nbsp;<strong>24.04 o godz. 7:00.<\/strong><\/p>\n\n\n\n<p><strong>W sobot\u0119 na godz. 9:00<\/strong>&nbsp;do sprz\u0105tania ko\u015bcio\u0142a prosz\u0119 wiernych&nbsp;<strong>z ul. 1 Maja blok nr. 24.<\/strong><\/p>\n\n\n\n<p><strong>17<\/strong>. Tygodnik&nbsp;<strong>GO\u015a\u0106 NIEDZIELNY, zawiesi\u0142 wydanie papierowe gazety, do parafii b\u0119dzie dostarczany tygodnik NIEDZIELA<\/strong>, kupi\u0107 go mo\u017cna w zakrystii i u ministrant\u00f3w przy wyj\u015bciu z ko\u015bcio\u0142a. Elektroniczna wersja Go\u015bcia Niedzielnego&nbsp;<strong><a href=\"http:\/\/www.gosc.pl\/\" target=\"_blank\" rel=\"noreferrer noopener\">gosc.pl<\/a><\/strong>&nbsp;i Niedzieli&nbsp;<strong><a href=\"http:\/\/www.e.niedziela.pl\/\" target=\"_blank\" rel=\"noreferrer noopener\">www.e.niedziela.pl<\/a><\/strong>&nbsp;dost\u0119pna na stronach internetowych.<\/p>\n\n\n\n<p><strong>18<\/strong>.&nbsp;<strong>Dzi\u0119kujemy za zainteresowanie si\u0119 funkcjonowaniem parafii<\/strong>, za liczne telefony, za ch\u0119\u0107 pomocy, za ofiary zamiast sk\u0142adane na tradycyjn\u0105 tac\u0119 przelewane na konto parafii. Za wszelkie ofiary sk\u0142adamy serdeczne<strong>&nbsp;B\u00f3g Zap\u0142a\u0107<\/strong>.<\/p>\n\n\n\n<p><strong>Podajemy numer konta bankowego parafii:<\/strong><\/p>\n\n\n\n<p><em>58 9673 0007 0000 0300 4864 0001 &#8211;&nbsp;Bank Sp\u00f3\u0142dzielczy w Ko\u017cuchowie<\/em><\/p>\n\n\n\n<p><strong>19<\/strong>.&nbsp;<strong>Zmarli w minionym tygodniu z naszej parafii:<\/strong>&nbsp;nikt nie zmar\u0142. Za zmar\u0142ych w czasie epidemii.&nbsp;<strong>Wieczne odpoczywanie racz im da\u0107 Panie&#8230;<\/strong><\/p>\n\n\n\n<p>Wszystkim&nbsp;<strong>parafianom i go\u015bciom \u017cyczymy dobrej niedzieli i Bo\u017cego b\u0142ogos\u0142awie\u0144stwa.<\/strong><\/p>\n","protected":false},"excerpt":{"rendered":"<p>Nowa S\u00f3l 22 III 2020 Og\u0142oszenia duszpasterskieIV NIEDZIELA WIELKIEGO POSTU rok A 1. Dzisiaj IV niedziela Wielkiego Postu, tzw. Laetare\u00a0niedziela rado\u015bci. 2.&nbsp;W wej\u015bciu g\u0142\u00f3wnym do naszego ko\u015bcio\u0142a jest umieszczony \u015brodek&hellip;<\/p>\n","protected":false},"author":1,"featured_media":3316,"comment_status":"closed","ping_status":"closed","sticky":false,"template":"","format":"standard","meta":{"_lmt_disableupdate":"","_lmt_disable":"","footnotes":""},"categories":[19],"tags":[],"class_list":["post-3576","post","type-post","status-publish","format-standard","has-post-thumbnail","hentry","category-ogloszenia"],"_links":{"self":[{"href":"https:\/\/swiety-jozef.pl\/index.php\/wp-json\/wp\/v2\/posts\/3576","targetHints":{"allow":["GET"]}}],"collection":[{"href":"https:\/\/swiety-jozef.pl\/index.php\/wp-json\/wp\/v2\/posts"}],"about":[{"href":"https:\/\/swiety-jozef.pl\/index.php\/wp-json\/wp\/v2\/types\/post"}],"author":[{"embeddable":true,"href":"https:\/\/swiety-jozef.pl\/index.php\/wp-json\/wp\/v2\/users\/1"}],"replies":[{"embeddable":true,"href":"https:\/\/swiety-jozef.pl\/index.php\/wp-json\/wp\/v2\/comments?post=3576"}],"version-history":[{"count":2,"href":"https:\/\/swiety-jozef.pl\/index.php\/wp-json\/wp\/v2\/posts\/3576\/revisions"}],"predecessor-version":[{"id":3578,"href":"https:\/\/swiety-jozef.pl\/index.php\/wp-json\/wp\/v2\/posts\/3576\/revisions\/3578"}],"wp:featuredmedia":[{"embeddable":true,"href":"https:\/\/swiety-jozef.pl\/index.php\/wp-json\/wp\/v2\/media\/3316"}],"wp:attachment":[{"href":"https:\/\/swiety-jozef.pl\/index.php\/wp-json\/wp\/v2\/media?parent=3576"}],"wp:term":[{"taxonomy":"category","embeddable":true,"href":"https:\/\/swiety-jozef.pl\/index.php\/wp-json\/wp\/v2\/categories?post=3576"},{"taxonomy":"post_tag","embeddable":true,"href":"https:\/\/swiety-jozef.pl\/index.php\/wp-json\/wp\/v2\/tags?post=3576"}],"curies":[{"name":"wp","href":"https:\/\/api.w.org\/{rel}","templated":true}]}}