{"id":3574,"date":"2022-03-07T08:34:55","date_gmt":"2022-03-07T07:34:55","guid":{"rendered":"https:\/\/swiety-jozef.pl\/?p=3574"},"modified":"2022-03-07T08:34:57","modified_gmt":"2022-03-07T07:34:57","slug":"ogloszenia-duszpasterskie-15-03-2020-r","status":"publish","type":"post","link":"https:\/\/swiety-jozef.pl\/index.php\/2022\/03\/07\/ogloszenia-duszpasterskie-15-03-2020-r\/","title":{"rendered":"Og\u0142oszenia duszpasterskie 15.03.2020 r."},"content":{"rendered":"\n<p class=\"has-text-align-right\"><strong>Nowa S\u00f3l 15 III 2020<\/strong><\/p>\n\n\n\n<h4 class=\"has-text-align-center wp-block-heading\">Og\u0142oszenia duszpasterskie<br>III NIEDZIELA WIELKIEGO POSTU rok A<\/h4>\n\n\n\n<p><strong>1<\/strong>. Dzisiaj III niedziela Wielkiego Postu.<strong>&nbsp;Komunikaty: Wojewody Lubuskiego, KEP, Bp Ordynariusza.<\/strong><\/p>\n\n\n\n<p><strong>2<\/strong>. Rekolekcje wielkopostne w naszej parafii ze wzgl\u0119du na zaistnia\u0142\u0105 sytuacj\u0119 zosta\u0142y odwo\u0142ane.<\/p>\n\n\n\n<!--more-->\n\n\n\n<p><strong>3<\/strong>. Ojciec Wojciech J\u0119drzejewski nie b\u0119dzie m\u00f3g\u0142 g\u0142osi\u0107 rekolekcji w nowym terminie. Jednak od tej niedzieli 15 marca do \u015brody 18 marca b\u0119dzie specjalnie dla naszej parafii g\u0142osi\u0142 nauki przez internet. Ka\u017cdego dnia na naszej stronie parafialnej zostan\u0105 umieszczone kolejne nauki do ods\u0142uchania.<\/p>\n\n\n\n<p><strong>4<\/strong>. Nauki rekolekcyjne prowadzone przez Radio Maryja od 17 do 19 marca o godz. 7:30 i o godz. 17:10.<\/p>\n\n\n\n<p><strong>5<\/strong>. Proponuj\u0119, \u017ceby nabo\u017ce\u0144stwo Drogi Krzy\u017cowej i Gorzkich \u017bali prze\u017cy\u0107 w swoich domach rodzinnych, pos\u0142uguj\u0105c si\u0119 modlitewnikami lub rozwa\u017caniami umieszczonymi w Internecie. Dzieci, kt\u00f3re w taki spos\u00f3b b\u0119d\u0105 uczestniczy\u0142y w tych nabo\u017ce\u0144stwach w domu, naklejki b\u0119d\u0105 mog\u0142y otrzyma\u0107 w p\u00f3\u017aniejszym czasie. Zapraszamy aby\u015bcie zgromadzili wok\u00f3\u0142 siebie wszystkich domownik\u00f3w \/rodzic\u00f3w, rodze\u0144stwo\/ wypraszaj\u0105c Bo\u017ce Mi\u0142osierdzie i zako\u0144czenie epidemii.<\/p>\n\n\n\n<p><strong>6<\/strong>. W ZWI\u0104ZKU Z WPROWADZONYM NA TERENIE CA\u0141EJ POLSKI STANEM&nbsp;<strong>ZAGRO\u017bENIA EPIDEMICZNEGO<\/strong>, W&nbsp;<strong>KO\u015aCIELE<\/strong>&nbsp;MO\u017bE PRZEBYWA\u0106 MAKSYMALNIE 50 OS\u00d3B. PROSZ\u0118 O PRZYJ\u0118CIE ZE ZROZUMIENIEM TEGO OGRANICZENIA<\/p>\n\n\n\n<p><strong>7<\/strong>. W zwi\u0105zku z tym na Mszach \u015bw., nabo\u017ce\u0144stwie pasyjnym&nbsp;<strong>Gorzkich \u017bali w niedziel\u0119 o godz. 17:30<\/strong>&nbsp;i w pi\u0105tki na Drodze Krzy\u017cowej b\u0119dzie mog\u0142o uczestniczy\u0107 tylko do 50 os\u00f3b.<\/p>\n\n\n\n<p><strong>8<\/strong>.&nbsp;<strong>W ka\u017cdy pi\u0105tek<\/strong>&nbsp;Wielkiego Postu:&nbsp;<strong>Nabo\u017ce\u0144stwo Drogi Krzy\u017cowej<\/strong><\/p>\n\n\n\n<ul class=\"wp-block-list\"><li><strong>o godz. 16:30<\/strong>&nbsp;\u2013 Droga Krzy\u017cowa.<\/li><li><strong>o godz. 17:30<\/strong>&nbsp;\u2013 Droga Krzy\u017cowa i bezpo\u015brednio po niej Msza \u015bw.<\/li><li><strong>o godz. 18:00<\/strong>&nbsp;\u2013 Msza \u015bw.<\/li><li><strong>o godz. 18:30<\/strong>&nbsp;\u2013 Droga Krzy\u017cowa. Jest to nasza ekspiacja za nasze grzechy.<\/li><\/ul>\n\n\n\n<p><strong>9<\/strong>. Skarbona na kwiaty do Bo\u017cego Grobu stoi w przej\u015bciu miedzy ko\u015bcio\u0142em a kaplic\u0105.<\/p>\n\n\n\n<p><strong>10<\/strong>. Przy chrzcielnicy jest wy\u0142o\u017cona&nbsp;<strong>ksi\u0119ga trze\u017awo\u015bci<\/strong>, zach\u0119camy do podj\u0119cia abstynenci od alkoholu na czas wielkiego postu.<\/p>\n\n\n\n<p><strong>11<\/strong>. Zapowiadane spotkanie Rady Parafialnej odwo\u0142ane.<\/p>\n\n\n\n<p><strong>12<\/strong>. W \u015brod\u0119 o godz. 18:00&nbsp;<strong>nowenna do MB Nieustaj\u0105cej Pomocy.<\/strong><\/p>\n\n\n\n<p><strong>13<\/strong>. W kaplicy naszego ko\u015bcio\u0142a<strong>&nbsp;trwa ca\u0142odniowa Adoracja Naj\u015bwi\u0119tszego Sakramentu,<\/strong>&nbsp;od poniedzia\u0142ku do pi\u0105tku w godzinach od 7:30 do Mszy \u015bw. wieczornej, w sobot\u0119 od godz. 12:00 i w niedziel\u0119 po Mszy o godz. 14:00 do Mszy \u015bw. wieczornej.<\/p>\n\n\n\n<p><strong>14<\/strong>.&nbsp;<strong>Mo\u017cliwo\u015b\u0107 spowiedzi codziennie p\u00f3\u0142 godziny przed Msz\u0105 \u015bwi\u0119t\u0105.<\/strong><\/p>\n\n\n\n<p><strong>15<\/strong>.&nbsp;<strong>Parafialny Zesp\u00f3\u0142 Caritas<\/strong>&nbsp;informuje, \u017ce organizuje&nbsp;<strong>zbi\u00f3rk\u0119 \u017cywno\u015bci dla najbardziej potrzebuj\u0105cych<\/strong>&nbsp;w parafii. Przed o\u0142tarzem w kaplicy i ko\u015bciele od przysz\u0142ej niedzieli b\u0119d\u0105 wystawiane kosze do kt\u00f3rych b\u0119dzie mo\u017cna sk\u0142ada\u0107 artyku\u0142y spo\u017cywcze d\u0142ugoterminowe.&nbsp;<strong>Ju\u017c dzisiaj dzi\u0119kujemy za tak\u0105 ja\u0142mu\u017cn\u0119 postn\u0105.<\/strong><\/p>\n\n\n\n<p><strong>16<\/strong>.&nbsp;<strong>Caritas parafialna od przysz\u0142ej niedzieli b\u0119dzie rozprowadza\u0142a \u015bwiece wielkanocne w cenie 15 z\u0142. Doch\u00f3d ze \u015bwiec przeznaczony jest na pomoc dzieciom.<\/strong><\/p>\n\n\n\n<p><strong>17<\/strong>.&nbsp;<strong>Przygotowujemy si\u0119 do Uroczysto\u015bci Zwiastowania NMP. W tym dniu b\u0119dziemy mogli podj\u0105\u0107 si\u0119 modlitwy Duchowej Adopcji Dziecka Pocz\u0119tego<\/strong>. Ju\u017c dzisiaj te osoby, kt\u00f3re chc\u0105 podj\u0105\u0107 si\u0119 takiej modlitwy (1 dziesi\u0105tka r\u00f3\u017ca\u0144ca i kr\u00f3tka modlitwa) mog\u0105 pobra\u0107 specjalne foldery ze strony internetowej i wy\u0142o\u017cone s\u0105 te\u017c przy chrzcielnicy. W uroczysto\u015b\u0107 Zwiastowania NMP uroczy\u015bcie rozpoczniemy t\u0119 modlitw\u0119.&nbsp;<strong>Przy wyj\u015bciu z ko\u015bcio\u0142a rozdajemy gazety dotycz\u0105ce tego wydarzenia.<\/strong><\/p>\n\n\n\n<p>Link do strony z folderami &#8211; Kliknij:&nbsp;&nbsp;<a href=\"http:\/\/www.duchowa-adopcja.pl\/dokumenty\/wademekum\" target=\"_blank\" rel=\"noreferrer noopener\">http:\/\/www.duchowa-adopcja.pl\/dokumenty\/wademekum<\/a><\/p>\n\n\n\n<p><strong>18<\/strong>. Serdeczne \u201eB\u00f3g zap\u0142a\u0107\u201d&nbsp;<strong>5 osobom z ul. 1 Maja blok nr. 10<\/strong>&nbsp;za sprz\u0105tanie ko\u015bcio\u0142a i ofiar\u0119 na kwiaty. Msza \u015bw. w intencji tych os\u00f3b i ich rodzin b\u0119dzie si\u0119&nbsp;<strong>23.04 o godz. 7:00<\/strong>.&nbsp;<\/p>\n\n\n\n<p><strong>W sobot\u0119 na godz. 9:00<\/strong>&nbsp;do sprz\u0105tania ko\u015bcio\u0142a prosz\u0119 wiernych<strong>&nbsp;z ul. 1 Maja blok nr. 12.<\/strong><\/p>\n\n\n\n<p><strong>19<\/strong>. Zach\u0119camy do zakupu i lektury prasy katolickiej:&nbsp;<strong>Tygodnika NIEDZIELA i GO\u015a\u0106 NIEDZIELNY,<\/strong>&nbsp;kupi\u0107 mo\u017cna w zakrystii i u ministrant\u00f3w przy wyj\u015bciu z ko\u015bcio\u0142a.<\/p>\n\n\n\n<p><strong>20<\/strong>. Dzisiaj III niedziela miesi\u0105ca tradycyjnie taca przeznaczona jest na potrzeby parafii. Za wszelkie ofiary sk\u0142adamy serdeczne B\u00f3g Zap\u0142a\u0107.<\/p>\n\n\n\n<p><strong>Podajemy numer konta bankowego parafii i dane potrzebne do przelewu:&nbsp; &nbsp;<\/strong><\/p>\n\n\n\n<p><em>58 9673 0007 0000 0300 4864 0001 &#8211;&nbsp;Bank Sp\u00f3\u0142dzielczy w Ko\u017cuchowie<\/em><\/p>\n\n\n\n<p>Zmar<strong>li w minionym tygodniu z naszej parafii:<\/strong>\u00a0Jan Rakowski z ul. 1 maja; Marian Szostak z ul. Matejki; Eugeniusz Romaszko z ul. Fredry; Adam Giemza z ul. Fredry.\u00a0Wieczne odpoczywanie racz im da\u0107 Panie&#8230;Wszystkim\u00a0<strong>parafianom i go\u015bciom \u017cyczymy dobrej niedzieli i Bo\u017cego b\u0142ogos\u0142awie\u0144stwa.<\/strong><\/p>\n","protected":false},"excerpt":{"rendered":"<p>Nowa S\u00f3l 15 III 2020 Og\u0142oszenia duszpasterskieIII NIEDZIELA WIELKIEGO POSTU rok A 1. Dzisiaj III niedziela Wielkiego Postu.&nbsp;Komunikaty: Wojewody Lubuskiego, KEP, Bp Ordynariusza. 2. Rekolekcje wielkopostne w naszej parafii ze&hellip;<\/p>\n","protected":false},"author":1,"featured_media":3316,"comment_status":"closed","ping_status":"closed","sticky":false,"template":"","format":"standard","meta":{"_lmt_disableupdate":"","_lmt_disable":"","footnotes":""},"categories":[19],"tags":[],"class_list":["post-3574","post","type-post","status-publish","format-standard","has-post-thumbnail","hentry","category-ogloszenia"],"_links":{"self":[{"href":"https:\/\/swiety-jozef.pl\/index.php\/wp-json\/wp\/v2\/posts\/3574","targetHints":{"allow":["GET"]}}],"collection":[{"href":"https:\/\/swiety-jozef.pl\/index.php\/wp-json\/wp\/v2\/posts"}],"about":[{"href":"https:\/\/swiety-jozef.pl\/index.php\/wp-json\/wp\/v2\/types\/post"}],"author":[{"embeddable":true,"href":"https:\/\/swiety-jozef.pl\/index.php\/wp-json\/wp\/v2\/users\/1"}],"replies":[{"embeddable":true,"href":"https:\/\/swiety-jozef.pl\/index.php\/wp-json\/wp\/v2\/comments?post=3574"}],"version-history":[{"count":1,"href":"https:\/\/swiety-jozef.pl\/index.php\/wp-json\/wp\/v2\/posts\/3574\/revisions"}],"predecessor-version":[{"id":3575,"href":"https:\/\/swiety-jozef.pl\/index.php\/wp-json\/wp\/v2\/posts\/3574\/revisions\/3575"}],"wp:featuredmedia":[{"embeddable":true,"href":"https:\/\/swiety-jozef.pl\/index.php\/wp-json\/wp\/v2\/media\/3316"}],"wp:attachment":[{"href":"https:\/\/swiety-jozef.pl\/index.php\/wp-json\/wp\/v2\/media?parent=3574"}],"wp:term":[{"taxonomy":"category","embeddable":true,"href":"https:\/\/swiety-jozef.pl\/index.php\/wp-json\/wp\/v2\/categories?post=3574"},{"taxonomy":"post_tag","embeddable":true,"href":"https:\/\/swiety-jozef.pl\/index.php\/wp-json\/wp\/v2\/tags?post=3574"}],"curies":[{"name":"wp","href":"https:\/\/api.w.org\/{rel}","templated":true}]}}