{"id":3570,"date":"2022-03-07T08:27:34","date_gmt":"2022-03-07T07:27:34","guid":{"rendered":"https:\/\/swiety-jozef.pl\/?p=3570"},"modified":"2022-03-07T08:27:36","modified_gmt":"2022-03-07T07:27:36","slug":"ogloszenia-duszpasterskie-01-03-2020-r","status":"publish","type":"post","link":"https:\/\/swiety-jozef.pl\/index.php\/2022\/03\/07\/ogloszenia-duszpasterskie-01-03-2020-r\/","title":{"rendered":"Og\u0142oszenia duszpasterskie 01.03.2020 r."},"content":{"rendered":"\n<p class=\"has-text-align-right\"><strong>Nowa S\u00f3l 1 III 2020<\/strong><\/p>\n\n\n\n<h4 class=\"has-text-align-center wp-block-heading\">Og\u0142oszenia duszpasterskie<br>I NIEDZIELA WIELKIEGO POSTU rok A<\/h4>\n\n\n\n<p><\/p>\n\n\n\n<p><strong>1<\/strong>. Dzisiaj I niedziela Wielkiego Postu, w naszym Wy\u017cszym Seminarium Duchownym nasz kleryk Damian \u015awiniarek otrzyma str\u00f3j duchowny.<\/p>\n\n\n\n<p><strong>2<\/strong>. W przysz\u0142a niedziel\u0119&nbsp;<strong>zbi\u00f3rka do puszek na cele misyjne Dzie\u0142 Pomocy AD GENTES.<\/strong><\/p>\n\n\n\n<!--more-->\n\n\n\n<p><strong>3<\/strong>.&nbsp;<strong>Dzisiaj rozpoczyna si\u0119 Kurs przedma\u0142\u017ce\u0144ski w naszej parafii od 1 do 7 marca.<\/strong>&nbsp;Rozpocznie si\u0119 Msz\u0105 \u015bw. o godz. 18:30 i p\u00f3\u017aniej spotkanie w szkole katolickiej.<\/p>\n\n\n\n<p><strong>4<\/strong>. Dzisiaj w niedziel\u0119 na Mszy \u015bw. o godz. 7:30&nbsp;<strong>zmiana tajemnic \u017bywego R\u00f3\u017ca\u0144ca. Zapraszamy do w\u0142\u0105czenia si\u0119 w t\u0105 modlitw\u0119.<\/strong><\/p>\n\n\n\n<p><strong>5<\/strong>.&nbsp;<strong>Dzisiaj w niedziele 1 marca zapraszamy na VII Nowosolski Marsz \u017bo\u0142nierzy Wykl\u0119tych. Rozpocznie si\u0119 Msz\u0105 \u015bw. o godz 18:30 w ko\u015bciele \u015aw. Antoniego. Po Mszach \u015bw. przy wyj\u015bciu z ko\u015bcio\u0142a b\u0119dzie mo\u017cna z\u0142o\u017cy\u0107 sw\u00f3j podpis pod petycj\u0105 do Rady Miasta o postawienie pomnika upami\u0119tniaj\u0105cego \u017bO\u0141NIERZY WYKL\u0118TYCH.<\/strong><\/p>\n\n\n\n<p><strong>6<\/strong>.&nbsp;<strong>Dzisiaj po Mszy \u015bw. o godz. 18:30 w szkole katolickiej, nauka przygotowuj\u0105ca do sakramentu chrztu \u015bw. dla rodzic\u00f3w i rodzic\u00f3w chrzestnych.<\/strong><\/p>\n\n\n\n<p><strong>7<\/strong>.&nbsp;<strong>Spotkanie Rady Parafialnej odb\u0119dzie si\u0119 21 marca po Mszy \u015bw. o godz. 18:00.<\/strong><\/p>\n\n\n\n<p><strong>8<\/strong>.&nbsp;<strong>W ka\u017cdy pi\u0105tek<\/strong>&nbsp;Wielkiego Postu: Nabo\u017ce\u0144stwo Drogi Krzy\u017cowej<\/p>\n\n\n\n<ul class=\"wp-block-list\"><li><strong>o godz. 16:30<\/strong>&nbsp;\u2013 Droga Krzy\u017cowa wok\u00f3\u0142 ko\u015bcio\u0142a \/dla dzieci szk\u00f3\u0142 podstawowych\/ i Kom. \u015bw.<\/li><li><strong>o godz. 17:30<\/strong>&nbsp;\u2013 Droga Krzy\u017cowa dla starszych i po niej bezpo\u015brednio Msza \u015bw.<\/li><li><strong>o godz. 18:00<\/strong>&nbsp;\u2013 Msza \u015bw.<\/li><li><strong>o godz. 18:30<\/strong>&nbsp;\u2013 Droga Krzy\u017cowa dla m\u0142odzie\u017c jako duchowe przygotowanie do Sakramentu Bierzmowania,&nbsp;oraz m\u0142odzie\u017cy szko\u0142y \u015bredniej, student\u00f3w i doros\u0142ych. Jest to nasza ekspiacja za nasze grzechy.<\/li><\/ul>\n\n\n\n<p><strong>9<\/strong>.&nbsp;<strong>W ka\u017cd\u0105 niedziel\u0119<\/strong>&nbsp;Wielkiego Postu b\u0119dziemy \u015bpiewa\u0107 nabo\u017ce\u0144stwo pasyjne&nbsp;<strong>Gorzkich \u017bali<\/strong>&nbsp;z kazaniem o M\u0119ce Pa\u0144skiej&nbsp;<strong>o godz. 17:30<\/strong>, ofiary sk\u0142adane przy adoracji krzy\u017ca przeznaczone s\u0105 na kwiaty do Bo\u017cego Grobu.<\/p>\n\n\n\n<p><strong>10<\/strong>.&nbsp;<strong>Rekolekcje wielkopostne odb\u0119d\u0105 si\u0119 od 15 III do 18 III prowadzi\u0142 je b\u0119dzie o. Wojciech J\u0119drzejewski dominikanin<\/strong>, rekolekcjonista i wsp\u00f3\u0142tw\u00f3rca serwisu internetowego &#8222;Mateusz&#8221;.<\/p>\n\n\n\n<p><strong>11<\/strong>.&nbsp;<strong>Rekolekcje szkolne odb\u0119d\u0105 si\u0119 od 9 do 11 marca.<\/strong><\/p>\n\n\n\n<p><strong>12<\/strong>. Zapraszamy dzieci i m\u0142odzie\u017c&nbsp;<strong>do \u015bpiewania w scholii<\/strong>&nbsp;w pi\u0105tek na godz. 16:00 w salce pod ko\u015bcio\u0142em.<\/p>\n\n\n\n<p><strong>13<\/strong>. W tym tygodniu I czwartek, I pi\u0105tek i I sobota miesi\u0105ca.<\/p>\n\n\n\n<ul class=\"wp-block-list\"><li>&#8211;&nbsp;<strong>W czwartek<\/strong>&nbsp;od godz. 17:00 adoracja Naj\u015bwi\u0119tszego Sakramentu w intencji powo\u0142a\u0144 kap\u0142a\u0144skich i zakonnych. Po Mszy \u015bw. spotkanie Przyjaci\u00f3\u0142 Parady\u017ca.<\/li><li>&#8211;&nbsp;<strong>W pi\u0105tek od godz. 15:00 \u2013 Godzina Mi\u0142osierdzia i Adoracja Naj\u015bwi\u0119tszego Sakramentu<\/strong>&nbsp;z nabo\u017ce\u0144stwem wynagradzaj\u0105cym. O godz. 18:00 Msza \u015bw. ku czci Naj\u015bwi\u0119tszego Serca Pana Jezusa.&nbsp;<strong>Spowied\u017a \u015bw. pierwszopi\u0105tkowa w pi\u0105tek od godz. 15:00 do 18:00.<\/strong><\/li><li>&#8211;&nbsp;<strong>W sobot\u0119<\/strong>&nbsp;zapraszamy na&nbsp;<strong>Nabo\u017ce\u0144stwo I Sob\u00f3t<\/strong>. Rozpoczniemy wystawieniem Naj\u015bwi\u0119tszego Sakramentu&nbsp;<strong>o godz. 16:00 odm\u00f3wimy 4 cz\u0119\u015bci R\u00f3\u017ca\u0144ca \u015bwi\u0119tego. O godz. 18:00 Msza \u015awi\u0119ta.<\/strong><\/li><\/ul>\n\n\n\n<p><strong>14<\/strong>.&nbsp;<strong>W sobot\u0119<\/strong>&nbsp;z pos\u0142ug\u0105 sakramentalna&nbsp;<strong>odwiedzimy chorych<\/strong>, nowych chorych mo\u017cna zg\u0142asza\u0107 w zakrystii o co bardzo prosimy.<\/p>\n\n\n\n<p><strong>15<\/strong>.&nbsp;<strong>Parafialny Zesp\u00f3\u0142 Caritas<\/strong>&nbsp;informuje, \u017ce organizuje&nbsp;<strong>zbi\u00f3rk\u0119 \u017cywno\u015bci dla najbardziej potrzebuj\u0105cych<\/strong>&nbsp;w parafii. Przed o\u0142tarzem w kaplicy i ko\u015bciele od przysz\u0142ej niedzieli b\u0119d\u0105 wystawiane kosze do kt\u00f3rych b\u0119dzie mo\u017cna sk\u0142ada\u0107 artyku\u0142y spo\u017cywcze d\u0142ugoterminowe.&nbsp;<strong>Ju\u017c dzisiaj dzi\u0119kujemy za tak\u0105 ja\u0142mu\u017cn\u0119 postn\u0105.<\/strong><\/p>\n\n\n\n<p><br><strong>16<\/strong>.&nbsp;<strong>Powiatowe Centrum Pomocy Rodzinie w Nowej Soli poszukuje kandydat\u00f3w do pe\u0142nienia funkcji rodziny zast\u0119pczej. Wi\u0119cej informacji na plakatach.<\/strong><\/p>\n\n\n\n<p><strong>17<\/strong>. W kaplicy naszego ko\u015bcio\u0142a&nbsp;<strong>trwa ca\u0142odniowa Adoracja Naj\u015bwi\u0119tszego Sakramentu,<\/strong>&nbsp;od poniedzia\u0142ku do pi\u0105tku w godzinach od 7:30 do Mszy wieczornej.<\/p>\n\n\n\n<p><strong>18<\/strong>.&nbsp;<strong>Mo\u017cliwo\u015b\u0107 spowiedzi codziennie p\u00f3\u0142 godziny przed Msz\u0105 \u015bwi\u0119t\u0105.<\/strong><\/p>\n\n\n\n<p><strong>19<\/strong>.&nbsp;<strong>Pielgrzymka: Niepokalan\u00f3w, Wilno, \u015awi\u0119ta Lipka, Gietrzwa\u0142d w dniach 19-25.05.2020 koszt:1110 z\u0142, zapisy w poniedzia\u0142ki od 17:00 do 18:00 w Caritas Parafialnej.<\/strong><\/p>\n\n\n\n<p><strong>20<\/strong>. Serdeczne \u201eB\u00f3g zap\u0142a\u0107\u201d&nbsp;<strong>3 osobom doros\u0142ym i 3 dzieci z ul. 1 Maja blok nr. 7<\/strong>&nbsp;za sprz\u0105tanie ko\u015bcio\u0142a i ofiar\u0119 na kwiaty. Msza \u015bw. w intencji tych os\u00f3b i ich rodzin b\u0119dzie si\u0119&nbsp;<strong>18.03 o godz. 7:00.<\/strong>&nbsp;<\/p>\n\n\n\n<p><strong>W sobot\u0119 na godz. 9:00 do sprz\u0105tania<\/strong>&nbsp;ko\u015bcio\u0142a prosz\u0119 wiernych<strong>&nbsp;z ul. 1 Maja blok nr. 9.<\/strong><\/p>\n\n\n\n<p><strong>21<\/strong>. Zach\u0119camy do zakupu i lektury prasy katolickiej:&nbsp;<strong>Tygodnika NIEDZIELA i GO\u015a\u0106 NIEDZIELNY, G\u0141OS \u015aW. J\u00d3ZEFA, MA\u0141Y GO\u015a\u0106 NIEDZIELNY<\/strong>&nbsp;kupi\u0107 mo\u017cna w zakrystii i u ministrant\u00f3w przy wyj\u015bciu z ko\u015bcio\u0142a.<\/p>\n\n\n\n<p><strong>22<\/strong>.&nbsp;<strong>Zmar\u0142 w minionym tygodniu z naszej parafii:<\/strong>&nbsp;+ Janusz Hofman i ks. Zbigniew Cieszkowski by\u0142y wikariusz w naszej parafii. Wieczne odpoczywanie racz im da\u0107 Panie&#8230;<\/p>\n\n\n\n<p><br>Wszystkim&nbsp;<strong>parafianom i go\u015bciom \u017cyczymy dobrej niedzieli i Bo\u017cego b\u0142ogos\u0142awie\u0144stwa.<\/strong><\/p>\n","protected":false},"excerpt":{"rendered":"<p>Nowa S\u00f3l 1 III 2020 Og\u0142oszenia duszpasterskieI NIEDZIELA WIELKIEGO POSTU rok A 1. Dzisiaj I niedziela Wielkiego Postu, w naszym Wy\u017cszym Seminarium Duchownym nasz kleryk Damian \u015awiniarek otrzyma str\u00f3j duchowny.&hellip;<\/p>\n","protected":false},"author":1,"featured_media":3316,"comment_status":"closed","ping_status":"closed","sticky":false,"template":"","format":"standard","meta":{"_lmt_disableupdate":"","_lmt_disable":"","footnotes":""},"categories":[19],"tags":[],"class_list":["post-3570","post","type-post","status-publish","format-standard","has-post-thumbnail","hentry","category-ogloszenia"],"_links":{"self":[{"href":"https:\/\/swiety-jozef.pl\/index.php\/wp-json\/wp\/v2\/posts\/3570","targetHints":{"allow":["GET"]}}],"collection":[{"href":"https:\/\/swiety-jozef.pl\/index.php\/wp-json\/wp\/v2\/posts"}],"about":[{"href":"https:\/\/swiety-jozef.pl\/index.php\/wp-json\/wp\/v2\/types\/post"}],"author":[{"embeddable":true,"href":"https:\/\/swiety-jozef.pl\/index.php\/wp-json\/wp\/v2\/users\/1"}],"replies":[{"embeddable":true,"href":"https:\/\/swiety-jozef.pl\/index.php\/wp-json\/wp\/v2\/comments?post=3570"}],"version-history":[{"count":1,"href":"https:\/\/swiety-jozef.pl\/index.php\/wp-json\/wp\/v2\/posts\/3570\/revisions"}],"predecessor-version":[{"id":3571,"href":"https:\/\/swiety-jozef.pl\/index.php\/wp-json\/wp\/v2\/posts\/3570\/revisions\/3571"}],"wp:featuredmedia":[{"embeddable":true,"href":"https:\/\/swiety-jozef.pl\/index.php\/wp-json\/wp\/v2\/media\/3316"}],"wp:attachment":[{"href":"https:\/\/swiety-jozef.pl\/index.php\/wp-json\/wp\/v2\/media?parent=3570"}],"wp:term":[{"taxonomy":"category","embeddable":true,"href":"https:\/\/swiety-jozef.pl\/index.php\/wp-json\/wp\/v2\/categories?post=3570"},{"taxonomy":"post_tag","embeddable":true,"href":"https:\/\/swiety-jozef.pl\/index.php\/wp-json\/wp\/v2\/tags?post=3570"}],"curies":[{"name":"wp","href":"https:\/\/api.w.org\/{rel}","templated":true}]}}