{"id":3568,"date":"2022-03-07T08:24:34","date_gmt":"2022-03-07T07:24:34","guid":{"rendered":"https:\/\/swiety-jozef.pl\/?p=3568"},"modified":"2022-03-07T08:24:36","modified_gmt":"2022-03-07T07:24:36","slug":"ogloszenia-duszpasterskie-23-02-2020-r","status":"publish","type":"post","link":"https:\/\/swiety-jozef.pl\/index.php\/2022\/03\/07\/ogloszenia-duszpasterskie-23-02-2020-r\/","title":{"rendered":"Og\u0142oszenia duszpasterskie 23.02.2020 r."},"content":{"rendered":"\n<p class=\"has-text-align-right\"><strong>Nowa S\u00f3l 23 II 2020<\/strong> <\/p>\n\n\n\n<h4 class=\"has-text-align-center wp-block-heading\">Og\u0142oszenia duszpasterskie<br>VII NIEDZIELA rok A<\/h4>\n\n\n\n<p><strong>1<\/strong>. Dzisiaj VII niedziela okresu zwyk\u0142ego.<\/p>\n\n\n\n<p><strong>2<\/strong>.&nbsp;<strong>Proboszcz i Wsp\u00f3lnota Ko\u015bcio\u0142a Domowego zapraszaj\u0105 ma\u0142\u017conk\u00f3w<\/strong>&nbsp;na spotkanie informacyjne dotycz\u0105ce dzia\u0142alno\u015bci Wsp\u00f3lnoty Domowego Ko\u015bcio\u0142a. Spotkanie odb\u0119dzie si\u0119 dzisiaj&nbsp;<strong>23 lutego o godz. 16:00<\/strong>&nbsp;w szkole katolickiej.<\/p>\n\n\n\n<!--more-->\n\n\n\n<p><strong>3<\/strong>.&nbsp;<strong>Spotkanie Rady Parafialnej odb\u0119dzie si\u0119 21 marca po Mszy \u015bw. o godz. 18:00.<\/strong><\/p>\n\n\n\n<p><strong>4<\/strong>. W \u015brod\u0119 \u2013 26 lutego przypada&nbsp;<strong>\u015aRODA POPIELCOWA<\/strong>, kt\u00f3ra rozpoczyna okres Wielkiego Postu, czasu przygotowania do \u015awi\u0105t Zmartwychwstania Pa\u0144skiego.<\/p>\n\n\n\n<p><strong>Msze \u015awi\u0119te w \u015arod\u0119 Popielcow\u0105 z posypaniem g\u0142\u00f3w popio\u0142em: o godz. 7:00&nbsp;, godz. 9:00, godz. 10:30, godz. 16:30, godz. 18:00.<\/strong><\/p>\n\n\n\n<p>W \u015arod\u0119 Popielcow\u0105 obowi\u0105zuje \u015bcis\u0142y post i abstynencja od napoj\u00f3w alkoholowych. Dzie\u0144 ten rozpoczyna Tydzie\u0144 Modlitw o trze\u017awo\u015b\u0107 w naszym narodzie, jak r\u00f3wnie\u017c jest dniem solidarno\u015bci z kap\u0142anami-seniorami naszej diecezji. Taca w \u015arod\u0119 Popielcow\u0105 przeznaczona jest na Domu Ksi\u0119\u017cy Emeryt\u00f3w.<\/p>\n\n\n\n<p><strong>5<\/strong>. W czwartek zapraszamy na Adoracj\u0119 Naj\u015bwi\u0119tszego Sakramentu m\u0142odzie\u017c przygotowuj\u0105ca si\u0119 do sakr. Bierzmowania i t\u0105 m\u0142odzie\u017c, kt\u00f3ra ju\u017c ten sakrament przyj\u0119\u0142a.<\/p>\n\n\n\n<p><strong>6<\/strong>. W pi\u0105tek 28 lutego \u2013 Diecezjalny Dzie\u0144 Postu i Modlitwy w intencji m\u0142odzie\u017cy.<\/p>\n\n\n\n<p><strong>7<\/strong>. W&nbsp;<strong>ka\u017cdy pi\u0105tek<\/strong>&nbsp;Wielkiego Postu: Nabo\u017ce\u0144stwo Drogi Krzy\u017cowej:<\/p>\n\n\n\n<ul class=\"wp-block-list\"><li>o godz.<strong>&nbsp;16:30<\/strong>&nbsp;\u2013 Droga Krzy\u017cowa wok\u00f3\u0142 ko\u015bcio\u0142a \/dla dzieci szk\u00f3\u0142 podstawowych\/ i Komunia \u015bw.<\/li><li>o godz.<strong>&nbsp;17:30<\/strong>&nbsp;\u2013 Droga Krzy\u017cowa dla starszych i po niej bezpo\u015brednio Msza \u015bw.<\/li><li>o godz.<strong>&nbsp;18:00<\/strong>&nbsp;\u2013 Msza \u015bw.<\/li><li>o godz.&nbsp;<strong>18:30<\/strong>&nbsp;\u2013 Droga Krzy\u017cowa dla m\u0142odzie\u017cy jako duchowe przygotowanie do Sakramentu Bierzmowania,&nbsp;oraz m\u0142odzie\u017cy szko\u0142y \u015bredniej, student\u00f3w i doros\u0142ych. Jest to nasza ekspiacja za nasze grzechy.<\/li><\/ul>\n\n\n\n<p><strong>8<\/strong>. W&nbsp;<strong>ka\u017cd\u0105 niedziel\u0119<\/strong>&nbsp;Wielkiego Postu b\u0119dziemy \u015bpiewa\u0107 nabo\u017ce\u0144stwo pasyjne&nbsp;<strong>Gorzkich \u017bali<\/strong>&nbsp;z kazaniem o M\u0119ce Pa\u0144skiej&nbsp;<strong>o godz. 17:30<\/strong>, ofiary sk\u0142adane przy adoracji krzy\u017ca przeznaczone s\u0105 na kwiaty do Bo\u017cego Grobu.<\/p>\n\n\n\n<p>Prosz\u0119 wszystkich Parafian, aby nie zmarnowa\u0107 tego czasu modlitwy i pokuty.<\/p>\n\n\n\n<p><strong>9<\/strong>.&nbsp;<strong>Rekolekcje wielkopostne odb\u0119d\u0105 si\u0119 od 15 III do 18 III prowadzi\u0142 je b\u0119dzie o. Wojciech J\u0119drzejewski dominikanin,<\/strong>&nbsp;rekolekcjonista i wsp\u00f3\u0142tw\u00f3rca serwisu internetowego &#8222;Mateusz&#8221;.<\/p>\n\n\n\n<p><strong>10<\/strong>.&nbsp;<strong>Rekolekcje szkolne odb\u0119d\u0105 si\u0119 od 9 do 11 marca.<\/strong><\/p>\n\n\n\n<p><strong>11<\/strong>.&nbsp;<strong>Kurs przedma\u0142\u017ce\u0144ski organizujemy w naszej parafii od 1 do 7 marca.<\/strong>&nbsp;Rozpocznie si\u0119 Msz\u0105 \u015bw. 1 marca o godz. 18:30 i p\u00f3\u017aniej spotkanie w szkole katolickiej.<\/p>\n\n\n\n<p><strong>12<\/strong>. W przysz\u0142\u0105 niedziel\u0119 na Mszy \u015bw. o godz. 7:30&nbsp;<strong>zmiana tajemnic \u017bywego R\u00f3\u017ca\u0144ca. Zapraszamy do w\u0142\u0105czenia si\u0119 w t\u0105 modlitw\u0119.<\/strong><\/p>\n\n\n\n<p><strong>13<\/strong>. W przysz\u0142\u0105 niedziele&nbsp;<strong>1 marca zapraszamy na VII Nowosolski Marsz \u017bo\u0142nierzy Wykl\u0119tych<\/strong>. Rozpocznie si\u0119 Msz\u0105 \u015bw.&nbsp;<strong>o godz 18:30 w ko\u015bciele \u015aw. Antoniego.<\/strong><\/p>\n\n\n\n<p><strong>14<\/strong>. Zapraszamy dzieci i m\u0142odzie\u017c&nbsp;<strong>do \u015bpiewania w scholi<\/strong>&nbsp;w pi\u0105tek na godz. 16:00 w salce pod ko\u015bcio\u0142em.<\/p>\n\n\n\n<p><strong>15<\/strong>. W kaplicy naszego ko\u015bcio\u0142a trwa&nbsp;<strong>ca\u0142odniowa Adoracja Naj\u015bwi\u0119tszego Sakramentu<\/strong>, od poniedzia\u0142ku do pi\u0105tku w godzinach od 7:30 do Mszy wieczornej.<\/p>\n\n\n\n<p><strong>16<\/strong>.&nbsp;<strong>Mo\u017cliwo\u015b\u0107 spowiedzi codziennie p\u00f3\u0142 godziny przed Msz\u0105 \u015bwi\u0119t\u0105.<\/strong><\/p>\n\n\n\n<p><strong>17<\/strong>. Serdeczne \u201eB\u00f3g zap\u0142a\u0107\u201d&nbsp;<strong>7 osobom z ul. 1 Maja blok nr. 5<\/strong>&nbsp;za sprz\u0105tanie ko\u015bcio\u0142a i ofiar\u0119 na kwiaty. Msza \u015bw. w intencji tych os\u00f3b i ich rodzin b\u0119dzie si\u0119&nbsp;<strong>17.03 o godz. 7:00.<\/strong><\/p>\n\n\n\n<p><strong>W sobot\u0119 na godz. 9:00<\/strong>&nbsp;do sprz\u0105tania ko\u015bcio\u0142a prosz\u0119 wiernych&nbsp;<strong>z ul. 1 Maja blok nr. 7.<\/strong><\/p>\n\n\n\n<p><strong>18<\/strong>. Zach\u0119camy do zakupu i lektury prasy katolickiej: T<strong>ygodnika NIEDZIELA i GO\u015a\u0106 NIEDZIELNY, G\u0141OS \u015aW. J\u00d3ZEFA, MA\u0141Y GO\u015a\u0106 NIEDZIELNY<\/strong>&nbsp;kupi\u0107 mo\u017cna w zakrystii i u ministrant\u00f3w przy wyj\u015bciu z ko\u015bcio\u0142a.<\/p>\n\n\n\n<p>Wszystkim&nbsp;<strong>parafianom i go\u015bciom \u017cyczymy dobrej niedzieli i Bo\u017cego b\u0142ogos\u0142awie\u0144stwa.<\/strong><\/p>\n","protected":false},"excerpt":{"rendered":"<p>Nowa S\u00f3l 23 II 2020 Og\u0142oszenia duszpasterskieVII NIEDZIELA rok A 1. Dzisiaj VII niedziela okresu zwyk\u0142ego. 2.&nbsp;Proboszcz i Wsp\u00f3lnota Ko\u015bcio\u0142a Domowego zapraszaj\u0105 ma\u0142\u017conk\u00f3w&nbsp;na spotkanie informacyjne dotycz\u0105ce dzia\u0142alno\u015bci Wsp\u00f3lnoty Domowego Ko\u015bcio\u0142a.&hellip;<\/p>\n","protected":false},"author":1,"featured_media":3316,"comment_status":"closed","ping_status":"closed","sticky":false,"template":"","format":"standard","meta":{"_lmt_disableupdate":"","_lmt_disable":"","footnotes":""},"categories":[19],"tags":[],"class_list":["post-3568","post","type-post","status-publish","format-standard","has-post-thumbnail","hentry","category-ogloszenia"],"_links":{"self":[{"href":"https:\/\/swiety-jozef.pl\/index.php\/wp-json\/wp\/v2\/posts\/3568","targetHints":{"allow":["GET"]}}],"collection":[{"href":"https:\/\/swiety-jozef.pl\/index.php\/wp-json\/wp\/v2\/posts"}],"about":[{"href":"https:\/\/swiety-jozef.pl\/index.php\/wp-json\/wp\/v2\/types\/post"}],"author":[{"embeddable":true,"href":"https:\/\/swiety-jozef.pl\/index.php\/wp-json\/wp\/v2\/users\/1"}],"replies":[{"embeddable":true,"href":"https:\/\/swiety-jozef.pl\/index.php\/wp-json\/wp\/v2\/comments?post=3568"}],"version-history":[{"count":1,"href":"https:\/\/swiety-jozef.pl\/index.php\/wp-json\/wp\/v2\/posts\/3568\/revisions"}],"predecessor-version":[{"id":3569,"href":"https:\/\/swiety-jozef.pl\/index.php\/wp-json\/wp\/v2\/posts\/3568\/revisions\/3569"}],"wp:featuredmedia":[{"embeddable":true,"href":"https:\/\/swiety-jozef.pl\/index.php\/wp-json\/wp\/v2\/media\/3316"}],"wp:attachment":[{"href":"https:\/\/swiety-jozef.pl\/index.php\/wp-json\/wp\/v2\/media?parent=3568"}],"wp:term":[{"taxonomy":"category","embeddable":true,"href":"https:\/\/swiety-jozef.pl\/index.php\/wp-json\/wp\/v2\/categories?post=3568"},{"taxonomy":"post_tag","embeddable":true,"href":"https:\/\/swiety-jozef.pl\/index.php\/wp-json\/wp\/v2\/tags?post=3568"}],"curies":[{"name":"wp","href":"https:\/\/api.w.org\/{rel}","templated":true}]}}