{"id":3518,"date":"2022-03-07T06:14:58","date_gmt":"2022-03-07T05:14:58","guid":{"rendered":"https:\/\/swiety-jozef.pl\/?p=3518"},"modified":"2022-03-07T06:15:00","modified_gmt":"2022-03-07T05:15:00","slug":"ogloszenia-duszpasterskie-08-09-2019-r","status":"publish","type":"post","link":"https:\/\/swiety-jozef.pl\/index.php\/2022\/03\/07\/ogloszenia-duszpasterskie-08-09-2019-r\/","title":{"rendered":"Og\u0142oszenia duszpasterskie 08.09.2019 r."},"content":{"rendered":"\n<p class=\"has-text-align-right\"><strong>Nowa S\u00f3l 08.09.2019<\/strong><\/p>\n\n\n\n<h4 class=\"has-text-align-center wp-block-heading\">Og\u0142oszenia duszpasterskie<br>23 Niedziela zwyk\u0142a<\/h4>\n\n\n\n<p><strong>1<\/strong>. Dzisiaj 23 niedziela okresu zwyk\u0142ego.<\/p>\n\n\n\n<p><strong>2<\/strong>.<strong>&nbsp;Z dniem 2 wrze\u015bnia rozpocz\u0119\u0142a pos\u0142ug\u0119 w naszej parafii siostra Natalia Konopczuk<\/strong>&nbsp;ze Zgromadzenia S\u0142ug Jezusa, przejmuj\u0105c obowi\u0105zki siostry Gieni. \u017byczymy Jej Bo\u017cego B\u0142ogos\u0142awie\u0144stwa i pami\u0119tajmy w modlitwie.<\/p>\n\n\n\n<!--more-->\n\n\n\n<p><strong>3<\/strong>.&nbsp;<strong>Rozpoczynamy nowy cykl przygotowania do sakramentu bierzmowania<\/strong>&nbsp;przeznaczony dla uczni\u00f3w klas VII SP Zapraszam na spotkanie indywidualne ucznia wraz ze swoim rodzicem do kancelarii parafialnej. Klasa&nbsp;<strong>VIIA i VIIB w czwartek;&nbsp;<\/strong>Klasa&nbsp;<strong>VIIC i VIID w pi\u0105tek<\/strong>; w godz. 16:00 do godz. 18:00 , spotkanie uzupe\u0142niaj\u0105ce w sobot\u0119 od godz. 9:00 do godz. 10:00.<\/p>\n\n\n\n<p><strong>4<\/strong>. M\u0142odzie\u017c starsza, kt\u00f3ra z r\u00f3\u017cnych przyczyn nie przyj\u0119\u0142a sakramentu Bierzmowania mo\u017ce do\u0142\u0105czy\u0107 do tej grupy \u2013 szczeg\u00f3\u0142y u ksi\u0119\u017cy w zakrystii.<\/p>\n\n\n\n<p><strong>5<\/strong>. W pi\u0105tek&nbsp;<strong>spotkanie kandydat\u00f3w do sakramentu bierzmowania klas VIII<\/strong>. Spotkania rozpoczynaj\u0105 si\u0119 Msz\u0105 \u015bw. o godz. 18:00.<\/p>\n\n\n\n<p><strong>6<\/strong>. W \u015brod\u0119 o godz. 18:00 Nowenna do Matki Bo\u017cej Nieustaj\u0105cej Pomocy.<\/p>\n\n\n\n<p><strong>7<\/strong>. W przysz\u0142\u0105 niedziel\u0119 po Mszy \u015bw. o godz. 11:00 zapraszam na spotkanie&nbsp;<strong>rodzic\u00f3w i dzieci klas trzecich<\/strong>&nbsp;w ramach<strong>&nbsp;przygotowania do I Komunii \u015awi\u0119tej.<\/strong>&nbsp;Na tej Mszy \u015aw. po\u015bwi\u0119cenie tornistr\u00f3w dla dzieci klas I.<\/p>\n\n\n\n<p><strong>8<\/strong>. W czwartek spotkanie&nbsp;<strong>oazy m\u0142odzie\u017cowej<\/strong>&nbsp;na Mszy \u015bw. o godz. 18:00.<\/p>\n\n\n\n<p><strong>9<\/strong>. W sobot\u0119 spotkanie<strong>&nbsp;oazy dzieci<\/strong>&nbsp;o godz. 11:00.<\/p>\n\n\n\n<p><strong>10<\/strong>. Zapraszamy dzieci i m\u0142odzie\u017c na&nbsp;<strong>spotkanie scholii w pi\u0105tek godz. 16:00.<\/strong><\/p>\n\n\n\n<p><strong>11<\/strong>. Przygotowujemy si\u0119&nbsp;<strong>do przyj\u0119cia relikwii \u015aw. Siostry Faustyny,<\/strong>&nbsp;udamy w pielgrzymce autokarowej do \u0141agiewnik. Wyjazd w pi\u0105tek 20 wrze\u015bnia do niedzieli 22 wrze\u015bnia.\/O\u015bwi\u0119cim, Krak\u00f3w, \u0141agiewniki, Kalwaria Zebrzydowska, Wadowice\/. Koszt 500 z\u0142, zapisy w zakrystii s\u0105 jeszcze wolne miejsca.<\/p>\n\n\n\n<p><strong>12<\/strong>. Przejmuj\u0105c relikwie musimy je umie\u015bci\u0107 w relikwiarzu \u2013 w przysz\u0142\u0105 niedziele po mszach \u015bw. b\u0119dzie mo\u017cna z\u0142o\u017cy\u0107 ofiar\u0119 na relikwiarz \u015bw. Siostry Faustyny.<\/p>\n\n\n\n<p><strong>13<\/strong>.&nbsp;<strong>Bp. Tadeusz zaprasza na modlitw\u0119 \u201eSpotkanie pod Krzy\u017cem\u201d<\/strong>&nbsp;&#8211; wszystkich pielgrzym\u00f3w i duchowych pielgrzym\u00f3w. Organizujemy wyjazd na to spotkanie w Rokitnie w t\u0105 sobot\u0119. Zapisy w zakrystii. Koszt 30 z\u0142<\/p>\n\n\n\n<p><strong>14<\/strong>. W sobot\u0119 14 wrze\u015bnia przypada \u015bwi\u0119to&nbsp;<strong>Podwy\u017cszeni Krzy\u017ca \u015awi\u0119tego.<\/strong>&nbsp;W tym dniu \u0142\u0105cz\u0105c si\u0119 z wiernymi w Polsce w spotkaniu modlitewnym POD KRZY\u017bEM \u2013 gromadzimy si\u0119 w naszej parafii na&nbsp;<strong>Mszy \u015bw. o godz. 18:00 po kt\u00f3rej udamy si\u0119 nabo\u017ce\u0144stwem DROGI KRZY\u017bOWEJ pod krzy\u017c,<\/strong>&nbsp;kt\u00f3ry po\u015bwi\u0119cili\u015bmy r\u00f3wno rok temu.&nbsp;Nasze modlitewne czuwanie&nbsp;<strong>zako\u0144czymy APELEM MARYJNYM<\/strong>&nbsp;pod KRZY\u017bEM.<\/p>\n\n\n\n<p>Zapraszam z ca\u0142ymi rodzinami. Rozwa\u017canie poszczeg\u00f3lnych stacji drogi krzy\u017cowej b\u0119d\u0105 prowadzi\u0142y grupy i wsp\u00f3lnoty dzia\u0142aj\u0105ce w naszej parafii. Lider\u00f3w zapraszam po Mszy \u015bw. do zakrystii po odbi\u00f3r rozwa\u017ca\u0144.&nbsp;<\/p>\n\n\n\n<p><strong>15<\/strong>. Serdeczne \u201eB\u00f3g zap\u0142a\u0107\u201d&nbsp;<strong>5 osobom z ul. Broniewskiego<\/strong>&nbsp;za sprz\u0105tanie ko\u015bcio\u0142a i ofiar\u0119 na kwiaty. Msza \u015bw. w intencji tych os\u00f3b i ich rodzin b\u0119dzie&nbsp;<strong>17 X o godz. 7:00<\/strong>, z ul. Ga\u0142czy\u0144skiego nie by\u0142o nikogo.<\/p>\n\n\n\n<p><strong>W sobot\u0119 na godz. 9:00<\/strong>&nbsp;do sprz\u0105tania ko\u015bcio\u0142a prosz\u0119 wiernych z<strong>&nbsp;ul. Kruczkowskiego i Norwida.<\/strong><\/p>\n\n\n\n<p><strong>16<\/strong>. Zach\u0119camy do zakupu i lektury prasy katolickiej: Tygodnika NIEDZIELA, GO\u015a\u0106 NIEDZIELNY, kupi\u0107 mo\u017cna w zakrystii i u ministrant\u00f3w przy wyj\u015bciu z ko\u015bcio\u0142a.<\/p>\n\n\n\n<p><strong>17<\/strong>. Mo\u017cna zaopatrzy\u0107 si\u0119&nbsp;<strong>w kalendarz na rok 2020<\/strong>&nbsp;z ilustracjami miejsc sakralnych w naszej diecezji. Kalendarz wielostronicowy 5 z\u0142, jednostronicowy 2 z\u0142. Kupi\u0107 mo\u017cna u ministrant\u00f3w i w zakrystii.<\/p>\n\n\n\n<p><strong>18<\/strong>. Mo\u017cliwo\u015b\u0107 spowiedzi codziennie p\u00f3\u0142 godziny przed Msz\u0105 \u015bwi\u0119t\u0105.<\/p>\n\n\n\n<p><strong>19<\/strong>. Ceremonia poch\u00f3wku dzieci nienarodzonych odb\u0119dzie si\u0119 12 IX o godz. 11:00 na cmentarzu w Otyniu.<\/p>\n\n\n\n<p><strong>20<\/strong>. Trwaj\u0105 prace termoizolacyjne w budynku plebanii (przygotowujemy si\u0119 do wymiany instalacji wodnej &#8211; hydrant\u00f3w, wymiana instalacji zasilaj\u0105cej wodnej i CO) Ze wzgl\u0119du na du\u017c\u0105 nieszczelno\u015b\u0107 i awaryjno\u015b\u0107. Za tydzie\u0144 III niedziela miesi\u0105ca taca przeznaczona jest na potrzeby parafii. Za zrozumienie i pomoc dzi\u0119kujemy.<\/p>\n\n\n\n<p><strong>21<\/strong>.&nbsp;<strong>Wszystkim parafianom i go\u015bciom \u017cyczymy dobrej niedzieli i Bo\u017cego b\u0142ogos\u0142awie\u0144stwa.<\/strong><\/p>\n","protected":false},"excerpt":{"rendered":"<p>Nowa S\u00f3l 08.09.2019 Og\u0142oszenia duszpasterskie23 Niedziela zwyk\u0142a 1. Dzisiaj 23 niedziela okresu zwyk\u0142ego. 2.&nbsp;Z dniem 2 wrze\u015bnia rozpocz\u0119\u0142a pos\u0142ug\u0119 w naszej parafii siostra Natalia Konopczuk&nbsp;ze Zgromadzenia S\u0142ug Jezusa, przejmuj\u0105c obowi\u0105zki&hellip;<\/p>\n","protected":false},"author":1,"featured_media":3316,"comment_status":"closed","ping_status":"closed","sticky":false,"template":"","format":"standard","meta":{"_lmt_disableupdate":"","_lmt_disable":"","footnotes":""},"categories":[19],"tags":[],"class_list":["post-3518","post","type-post","status-publish","format-standard","has-post-thumbnail","hentry","category-ogloszenia"],"_links":{"self":[{"href":"https:\/\/swiety-jozef.pl\/index.php\/wp-json\/wp\/v2\/posts\/3518","targetHints":{"allow":["GET"]}}],"collection":[{"href":"https:\/\/swiety-jozef.pl\/index.php\/wp-json\/wp\/v2\/posts"}],"about":[{"href":"https:\/\/swiety-jozef.pl\/index.php\/wp-json\/wp\/v2\/types\/post"}],"author":[{"embeddable":true,"href":"https:\/\/swiety-jozef.pl\/index.php\/wp-json\/wp\/v2\/users\/1"}],"replies":[{"embeddable":true,"href":"https:\/\/swiety-jozef.pl\/index.php\/wp-json\/wp\/v2\/comments?post=3518"}],"version-history":[{"count":1,"href":"https:\/\/swiety-jozef.pl\/index.php\/wp-json\/wp\/v2\/posts\/3518\/revisions"}],"predecessor-version":[{"id":3519,"href":"https:\/\/swiety-jozef.pl\/index.php\/wp-json\/wp\/v2\/posts\/3518\/revisions\/3519"}],"wp:featuredmedia":[{"embeddable":true,"href":"https:\/\/swiety-jozef.pl\/index.php\/wp-json\/wp\/v2\/media\/3316"}],"wp:attachment":[{"href":"https:\/\/swiety-jozef.pl\/index.php\/wp-json\/wp\/v2\/media?parent=3518"}],"wp:term":[{"taxonomy":"category","embeddable":true,"href":"https:\/\/swiety-jozef.pl\/index.php\/wp-json\/wp\/v2\/categories?post=3518"},{"taxonomy":"post_tag","embeddable":true,"href":"https:\/\/swiety-jozef.pl\/index.php\/wp-json\/wp\/v2\/tags?post=3518"}],"curies":[{"name":"wp","href":"https:\/\/api.w.org\/{rel}","templated":true}]}}