{"id":3492,"date":"2022-03-07T05:39:35","date_gmt":"2022-03-07T04:39:35","guid":{"rendered":"https:\/\/swiety-jozef.pl\/?p=3492"},"modified":"2022-03-07T05:39:38","modified_gmt":"2022-03-07T04:39:38","slug":"ogloszenia-duszpasterskie-09-06-2019-r","status":"publish","type":"post","link":"https:\/\/swiety-jozef.pl\/index.php\/2022\/03\/07\/ogloszenia-duszpasterskie-09-06-2019-r\/","title":{"rendered":"Og\u0142oszenia duszpasterskie 09.06.2019 r."},"content":{"rendered":"\n<p class=\"has-text-align-right\"><strong>Nowa S\u00f3l 9.06.2019<\/strong><\/p>\n\n\n\n<h4 class=\"has-text-align-center wp-block-heading\">Og\u0142oszenia duszpasterskie<\/h4>\n\n\n\n<!--more-->\n\n\n\n<p><strong>1<\/strong>. Dzisiaj&nbsp;<strong>uroczysto\u015b\u0107 Zes\u0142ania Ducha \u015awi\u0119tego<\/strong>, ko\u0144czy si\u0119 Okres Wielkanocny.<\/p>\n\n\n\n<p><strong>2<\/strong>. Uroczysto\u015b\u0107 Zes\u0142ania Ducha \u015awi\u0119tego jest misyjnym Dniem Chorych, kt\u00f3rego patronkom jest \u015aw. Teresa od Dzieci\u0105tka Jezus.<\/p>\n\n\n\n<p><strong>3<\/strong>. Dzisiaj na Mszy \u015bw. o godz. 11:00&nbsp;<strong>Rocznica I Komunii \u015aw..&nbsp;<\/strong><\/p>\n\n\n\n<p><strong>4<\/strong>. Jutro drugi dzie\u0144 Zielonych \u015awi\u0105t \u2013&nbsp;<strong>\u015bwi\u0119to Matki Bo\u017cej Kr\u00f3lowej Ko\u015bcio\u0142a.<\/strong><\/p>\n\n\n\n<p><strong>5<\/strong>.&nbsp;<strong>We wtorek 18 VI Uroczysto\u015b\u0107 MB Rokitnia\u0144skiej &#8211; XXX rocznica koronacji obrazu.<\/strong><\/p>\n\n\n\n<p><strong>6<\/strong>.&nbsp;<strong>W dniach 11 \u2013 18 czerwca obchody ku czci MB Rokitnia\u0144skiej. Zako\u0144czenie Roku Jubileuszowego 350-lecia obecno\u015bci obrazu Matki Bo\u017cej w Rokitnie.<\/strong><\/p>\n\n\n\n<p><strong>7<\/strong>. W \u015brod\u0119 12 czerwca organizujemy&nbsp;<strong>Pielgrzymk\u0119 Os\u00f3b Chorych do Rokitna<\/strong>. Zapraszamy do uczestnictwa. Zapisy w zakrystii. Koszt 35 z\u0142.&nbsp;<strong>Wyjazd o godz. 8:30<\/strong>.<\/p>\n\n\n\n<p><strong>8<\/strong>.&nbsp;<strong>Dzisiaj po ka\u017cdej mszy \u015bw. b\u0119dzie mo\u017cna wesprze\u0107 parafialn\u0105 orkiestr\u0119<\/strong>, kt\u00f3ra zosta\u0142a zaproszona na&nbsp;<strong>Festiwal Parafialnych Orkiestr D\u0119tych<\/strong>&nbsp;&#8211; zebrane ofiary zostan\u0105 przeznaczone na pokrycie koszt\u00f3w transportu tego wyjazdu. W imieniu cz\u0142onk\u00f3w orkiestry ju\u017c dzi\u015b sk\u0142adamy serdeczne B\u00f3g zap\u0142a\u0107!<\/p>\n\n\n\n<p><strong>9. Nabo\u017ce\u0144stwa Czerwcowe w dni powszednie o godz. 17:30 w niedziele o godz. 18:00.<\/strong><\/p>\n\n\n\n<p><strong>10<\/strong>. W \u015brod\u0119 o godz. 18:00&nbsp;<strong>Nowenna do MB Nieustaj\u0105cej Pomocy<\/strong>.<\/p>\n\n\n\n<p><strong>11<\/strong>. W czwartek \u015bwi\u0119to Jezusa Chrystusa Najwy\u017cszego i Wiecznego Kap\u0142ana.<\/p>\n\n\n\n<p><strong>12<\/strong>.&nbsp;<strong>Zako\u0144czenie Roku Katechetycznego dla klas VIII z wr\u0119czeniem \u015bwiadectw w czwartek na Mszy \u015bw. o godz. 18:00.<\/strong><\/p>\n\n\n\n<p><strong>13<\/strong>. W czwartek&nbsp;<strong>13 VI odpust w parafii \u015aw. Antoniego o godz. 18:30.<\/strong><\/p>\n\n\n\n<p><strong>14<\/strong>.<strong>&nbsp;Spowied\u017a codziennie p\u00f3\u0142 godziny przed Msz\u0105 \u015bw..<\/strong><\/p>\n\n\n\n<p><strong>15. W przysz\u0142\u0105 niedziel\u0119 Uroczysto\u015b\u0107 Tr\u00f3jcy Przenaj\u015bwi\u0119tszej.<\/strong><\/p>\n\n\n\n<p><strong>16<\/strong>.&nbsp;<strong>16 IV rocznica \u015bwi\u0119ce\u0144 biskupich Bpa Diecezjalnego Tadeusz Lity\u0144skiego &#8211; pami\u0119tajmy w modlitwie.<\/strong><\/p>\n\n\n\n<p><strong>17<\/strong>.&nbsp;<strong>Jubileusz M\u0142odych<\/strong>&nbsp;\u2013 organizujemy&nbsp;<strong>wyjazd 15 czerwca na spotkanie m\u0142odych w Rokitnie w roku 350 lecia obecno\u015bci obrazy MB Cierpliwie S\u0142uchaj\u0105cej w Rokitnie<\/strong>. Plan spotkania na plakatach i stronie internetowej,&nbsp;<strong>zapisy u ks. Szymona i w zakrystii.<\/strong><\/p>\n\n\n\n<p><strong>18<\/strong>. Serdeczne&nbsp;<strong>\u201eB\u00f3g zap\u0142a\u0107\u201d Rodzicom i dzieciom kt\u00f3re obchodz\u0105 Rocznic\u0119 I komunii \u015aw.<\/strong>&nbsp;za sprz\u0105tanie ko\u015bcio\u0142a i ofiar\u0119 na kwiaty.<\/p>\n\n\n\n<p><strong>W sobot\u0119 na godz. 9:00 do sprz\u0105tania ko\u015bcio\u0142a prosz\u0119 wiernych z os. Konstytucji blok nr 26.<\/strong><\/p>\n\n\n\n<p><strong>19<\/strong>. II bieg charytatywnym &#8211; organizowany przez Caritas 23 kwietnia wi\u0119cej informacji na plakatach.<\/p>\n\n\n\n<p><strong>20. Ob\u00f3z biblijny dla dzieci i m\u0142odzie\u017cy pod has\u0142em \u201eOdkrywcy mocy marze\u0144\u201d odb\u0119dzie si\u0119 w terminie 20-29 lipca w Z\u0142otym Stoku. Zapisy do 25 czerwca na stronie internetowej organizatora<\/strong><strong>.<\/strong><\/p>\n\n\n\n<p><strong>21<\/strong>.&nbsp;<strong>Organizujemy Piesz\u0105 Pielgrzymk\u0119 z Nowej Soli na Jasn\u0105 G\u00f3r\u0119 w dniach od 2 do 12 sierpnia.<\/strong><\/p>\n\n\n\n<ul class=\"wp-block-list\"><li>&#8211;&nbsp;<strong>Spotkanie przed pielgrzymkowe odb\u0119dzie si\u0119 dnia 16 czerwca \/w niedziele\/, po Mszy \u015bw. o godz. 12:30<\/strong>&nbsp;Wszystkich zainteresowanych bardzo serdecznie zapraszamy. Koszt 150 z\u0142 istnieje mo\u017cliwo\u015b\u0107 powrotu autokarem.<\/li><li>&#8211;<strong>&nbsp;Istnieje mo\u017cliwo\u015b\u0107 zapisania si\u0119 na list\u0119 honorowych pielgrzym\u00f3w \u2013 po ka\u017cdej Mszy \u015bw. w zakrystii<\/strong><\/li><li>&#8211;<strong>&nbsp;Istnieje mo\u017cliwo\u015b\u0107 dojazdu autokarem na ostatni etap pielgrzymki<\/strong><\/li><li>&#8211; wi\u0119cej informacji u ks. proboszcza i ks. Szymona i na stronie;&nbsp;<a href=\"http:\/\/www.pielgrzymka.zgora.pl\/\" target=\"_blank\" rel=\"noreferrer noopener\">www.pielgrzymka.zgora.pl<\/a>.<\/li><\/ul>\n\n\n\n<p><strong>22<\/strong>. Zach\u0119camy do zakupu i lektury prasy katolickiej:&nbsp;<strong>Tygodnika NIEDZIELA, GO\u015a\u0106 NIEDZIELNY I Ma\u0142y Go\u015b\u0107 Niedzielny,<\/strong>&nbsp;kupi\u0107 je mo\u017cna w zakrystii i u ministrant\u00f3w przy wyj\u015bciu z ko\u015bcio\u0142a.<\/p>\n\n\n\n<p><strong>23<\/strong>.&nbsp;<strong>Wszystkim parafianom i go\u015bciom \u017cyczymy dobrej niedzieli i Bo\u017cego b\u0142ogos\u0142awie\u0144stwa.<\/strong><\/p>\n","protected":false},"excerpt":{"rendered":"<p>Nowa S\u00f3l 9.06.2019 Og\u0142oszenia duszpasterskie<\/p>\n","protected":false},"author":1,"featured_media":3316,"comment_status":"closed","ping_status":"closed","sticky":false,"template":"","format":"standard","meta":{"_lmt_disableupdate":"","_lmt_disable":"","footnotes":""},"categories":[19],"tags":[],"class_list":["post-3492","post","type-post","status-publish","format-standard","has-post-thumbnail","hentry","category-ogloszenia"],"_links":{"self":[{"href":"https:\/\/swiety-jozef.pl\/index.php\/wp-json\/wp\/v2\/posts\/3492","targetHints":{"allow":["GET"]}}],"collection":[{"href":"https:\/\/swiety-jozef.pl\/index.php\/wp-json\/wp\/v2\/posts"}],"about":[{"href":"https:\/\/swiety-jozef.pl\/index.php\/wp-json\/wp\/v2\/types\/post"}],"author":[{"embeddable":true,"href":"https:\/\/swiety-jozef.pl\/index.php\/wp-json\/wp\/v2\/users\/1"}],"replies":[{"embeddable":true,"href":"https:\/\/swiety-jozef.pl\/index.php\/wp-json\/wp\/v2\/comments?post=3492"}],"version-history":[{"count":1,"href":"https:\/\/swiety-jozef.pl\/index.php\/wp-json\/wp\/v2\/posts\/3492\/revisions"}],"predecessor-version":[{"id":3493,"href":"https:\/\/swiety-jozef.pl\/index.php\/wp-json\/wp\/v2\/posts\/3492\/revisions\/3493"}],"wp:featuredmedia":[{"embeddable":true,"href":"https:\/\/swiety-jozef.pl\/index.php\/wp-json\/wp\/v2\/media\/3316"}],"wp:attachment":[{"href":"https:\/\/swiety-jozef.pl\/index.php\/wp-json\/wp\/v2\/media?parent=3492"}],"wp:term":[{"taxonomy":"category","embeddable":true,"href":"https:\/\/swiety-jozef.pl\/index.php\/wp-json\/wp\/v2\/categories?post=3492"},{"taxonomy":"post_tag","embeddable":true,"href":"https:\/\/swiety-jozef.pl\/index.php\/wp-json\/wp\/v2\/tags?post=3492"}],"curies":[{"name":"wp","href":"https:\/\/api.w.org\/{rel}","templated":true}]}}