{"id":3488,"date":"2022-03-07T05:31:43","date_gmt":"2022-03-07T04:31:43","guid":{"rendered":"https:\/\/swiety-jozef.pl\/?p=3488"},"modified":"2022-03-07T05:31:46","modified_gmt":"2022-03-07T04:31:46","slug":"ogloszenia-duszpasterskie-26-05-2019-r","status":"publish","type":"post","link":"https:\/\/swiety-jozef.pl\/index.php\/2022\/03\/07\/ogloszenia-duszpasterskie-26-05-2019-r\/","title":{"rendered":"Og\u0142oszenia duszpasterskie 26.05.2019 r."},"content":{"rendered":"\n<p class=\"has-text-align-right\"><strong>Nowa S\u00f3l 26.05.2019<\/strong><\/p>\n\n\n\n<h4 class=\"has-text-align-center wp-block-heading\">Og\u0142oszenia duszpasterskie<br>VI Niedziela Wielkanocna<\/h4>\n\n\n\n<p><strong>1<\/strong>. Dzisiaj\u00a0<strong>I Komunia \u015awi\u0119ta dzieci na mszy \u015bw. o godz. 11:00 i o godz. 12:30. Przez ca\u0142y tydzie\u0144 \/Bia\u0142y Tydzie\u0144\/ dzieci uczestnicz\u0105 w Nabo\u017ce\u0144stwie Majowym i Mszy \u015bw.<\/strong><\/p>\n\n\n\n<!--more-->\n\n\n\n<p><strong>2<\/strong>. Od poniedzia\u0142ku do \u015brody dni modlitw o urodzaje i u\u015bwi\u0119cenie pracy na roli<strong>&nbsp;tzw. Dni krzy\u017cowe.<\/strong><\/p>\n\n\n\n<p><strong>3<\/strong>.&nbsp;<strong>W pi\u0105tek 31 maja \u015bwi\u0119to Nawiedzenia NMP &#8211; odpust w Otyniu.<\/strong><\/p>\n\n\n\n<p><strong>4<\/strong>.&nbsp;<strong>Nabo\u017ce\u0144stwa Majowe w dni powszednie o godz. 17:30 w niedziele o godz. 18:00<\/strong>. Od soboty rozpoczynamy&nbsp;<strong>nabo\u017ce\u0144stwa Czerwcowe<\/strong>&nbsp;o tych samych godzinach co nabo\u017ce\u0144stwa Majowe.<\/p>\n\n\n\n<p><strong>5<\/strong>. W \u015brod\u0119 o godz. 18:00 Nowenna do MB Nieustaj\u0105cej Pomocy.<\/p>\n\n\n\n<p><strong>6<\/strong>. Od pi\u0105tku rozpoczyna si\u0119&nbsp;<strong>Nowenna do Ducha \u015awi\u0119tego.<\/strong><\/p>\n\n\n\n<p><strong>7<\/strong>.&nbsp;<strong>Spowied\u017a codziennie p\u00f3\u0142 godziny przed Msz\u0105 \u015bw..<\/strong>&nbsp;<\/p>\n\n\n\n<p><strong>8<\/strong>. Organizujemy&nbsp;<strong>wyjazd m\u0142odzie\u017cy na spotkanie m\u0142odych nad Lednice, kt\u00f3re odb\u0119dzie si\u0119 1 czerwca<\/strong>, koszt 70 z\u0142., zapisy u katechet\u00f3w i w zakrystii.<\/p>\n\n\n\n<p><strong>9<\/strong>.&nbsp;<strong>W sobot\u0119 1 czerwca Diecezjalny Dzie\u0144 Dziecka w Rokitnie.<\/strong><\/p>\n\n\n\n<p><strong>10<\/strong>.&nbsp;<strong>1 czerwca Pierwsza Sobota miesi\u0105ca zapraszamy na Nabo\u017ce\u0144stwo Fatimskie<\/strong>&nbsp;&#8211; Rozpoczniemy&nbsp;<strong>wystawieniem Naj\u015bwi\u0119tszego Sakramentu o godz. 16:30<\/strong>&nbsp;odm\u00f3wimy 2 cz\u0119\u015bci R\u00f3\u017ca\u0144ca \u015bwi\u0119tego. O godz. 17.30 Nabo\u017ce\u0144stwo czerwcowe I Msza \u015awi\u0119ta. Po Mszy \u015awi\u0119tej kolejne 2 cz\u0119\u015bci R\u00f3\u017ca\u0144ca \u015awi\u0119tego i procesja \u015bwiat\u0142a wok\u00f3\u0142 \u015bwi\u0105tyni.<\/p>\n\n\n\n<p><strong>11<\/strong>.&nbsp;<strong>Ze wzgl\u0119du na wyjazdy ksi\u0119\u017cy z dzie\u0107mi do Rokitna i na Lednice, chorych z pos\u0142ug\u0105 sakramentaln\u0105 ks. Szymon i ks. \u0141ukasz odwiedz\u0105 wed\u0142ug ustale\u0144 ze swoimi chorymi, ks. Tomasz i ks. Proboszcz w pierwsz\u0105 sobot\u0119 miesi\u0105ca.<\/strong><\/p>\n\n\n\n<p><strong>12<\/strong>. W przysz\u0142\u0105 niedziel\u0119&nbsp;<strong>Uroczysto\u015b\u0107 Wniebowst\u0105pienia Pa\u0144skiego<\/strong>, zbi\u00f3rka do puszek na rzecz budowy&nbsp;<strong>Centrum Opatrzno\u015bci Bo\u017cej<\/strong>.<\/p>\n\n\n\n<p><strong>13<\/strong>. W przysz\u0142a niedziele 2 czerwca&nbsp;<strong>22 rocznica wizyty Jana Paw\u0142a II w Gorzowie Wlkp..<\/strong><\/p>\n\n\n\n<p><strong>14<\/strong>.&nbsp;<strong>12 czerwca organizujemy Pielgrzymk\u0119 Os\u00f3b Chorych do Rokitna<\/strong>. Zapraszamy do uczestnictwa.&nbsp;<strong>Zapisy do przysz\u0142ej niedzieli w zakrystii. Koszt 35 z\u0142.<\/strong><\/p>\n\n\n\n<p><strong>15<\/strong>. 27 maja w parafii \u015bw. Micha\u0142a po Mszy \u015bw. o godz. 18:00 modlitwa uwielbienia za chorych.<\/p>\n\n\n\n<p><strong>16<\/strong>. Serdeczne \u201eB\u00f3g zap\u0142a\u0107\u201d&nbsp;<strong>rodzicom i dzieciom, kt\u00f3re przyst\u0105pi\u0105 do I Komunii \u015awi\u0119tej za sprz\u0105tanie ko\u015bcio\u0142a.<\/strong><\/p>\n\n\n\n<p><strong>W sobot\u0119 do sprz\u0105tania<\/strong>&nbsp;ko\u015bcio\u0142a prosz\u0119 wiernych z&nbsp;<strong>os. Konstytucji blok nr 25.<\/strong><\/p>\n\n\n\n<p><strong>17<\/strong>. Organizujemy&nbsp;<strong>Piesz\u0105 Pielgrzymk\u0119 z Nowej Soli na Jasn\u0105 G\u00f3r\u0119 w dniach od 2 do 12 sierpnia.<\/strong><\/p>\n\n\n\n<ul class=\"wp-block-list\"><li>&#8211; Spotkanie przed pielgrzymkowe odb\u0119dzie si\u0119 dnia 16 czerwca \/w niedziele\/, po Mszy \u015bw. o godz. 12:30 Wszystkich zainteresowanych bardzo serdecznie zapraszamy. Koszt 150 z\u0142 istnieje mo\u017cliwo\u015b\u0107 powrotu autokarem.<\/li><li>&#8211; Istnieje mo\u017cliwo\u015b\u0107 zapisania si\u0119 na list\u0119 honorowych pielgrzym\u00f3w \u2013 po ka\u017cdej Mszy \u015bw. w zakrystii<\/li><li>&#8211; Istnieje mo\u017cliwo\u015b\u0107 dojazdu autokarem na ostatni etap pielgrzymki<\/li><li>&#8211; wi\u0119cej informacji u ks. Szymona i na stronie;&nbsp;<a href=\"http:\/\/www.pielgrzymka.zgora.pl\/\" target=\"_blank\" rel=\"noreferrer noopener\">www.pielgrzymka.zgora.pl<\/a><\/li><\/ul>\n\n\n\n<p><strong>18<\/strong>. Zach\u0119camy do zakupu i lektury prasy katolickiej: Tygodnika&nbsp;<strong>NIEDZIELA, GO\u015a\u0106 NIEDZIELNY I Ma\u0142y Go\u015b\u0107 Niedzielny<\/strong>, kupi\u0107 je mo\u017cna w zakrystii i u ministrant\u00f3w przy wyj\u015bciu z ko\u015bcio\u0142a.<\/p>\n\n\n\n<p>Wszystkim&nbsp;<strong>parafianom i go\u015bciom \u017cyczymy dobrej niedzieli i Bo\u017cego b\u0142ogos\u0142awie\u0144stwa.<\/strong><\/p>\n","protected":false},"excerpt":{"rendered":"<p>Nowa S\u00f3l 26.05.2019 Og\u0142oszenia duszpasterskieVI Niedziela Wielkanocna 1. Dzisiaj\u00a0I Komunia \u015awi\u0119ta dzieci na mszy \u015bw. o godz. 11:00 i o godz. 12:30. Przez ca\u0142y tydzie\u0144 \/Bia\u0142y Tydzie\u0144\/ dzieci uczestnicz\u0105 w&hellip;<\/p>\n","protected":false},"author":1,"featured_media":3316,"comment_status":"closed","ping_status":"closed","sticky":false,"template":"","format":"standard","meta":{"_lmt_disableupdate":"","_lmt_disable":"","footnotes":""},"categories":[19],"tags":[],"class_list":["post-3488","post","type-post","status-publish","format-standard","has-post-thumbnail","hentry","category-ogloszenia"],"_links":{"self":[{"href":"https:\/\/swiety-jozef.pl\/index.php\/wp-json\/wp\/v2\/posts\/3488","targetHints":{"allow":["GET"]}}],"collection":[{"href":"https:\/\/swiety-jozef.pl\/index.php\/wp-json\/wp\/v2\/posts"}],"about":[{"href":"https:\/\/swiety-jozef.pl\/index.php\/wp-json\/wp\/v2\/types\/post"}],"author":[{"embeddable":true,"href":"https:\/\/swiety-jozef.pl\/index.php\/wp-json\/wp\/v2\/users\/1"}],"replies":[{"embeddable":true,"href":"https:\/\/swiety-jozef.pl\/index.php\/wp-json\/wp\/v2\/comments?post=3488"}],"version-history":[{"count":1,"href":"https:\/\/swiety-jozef.pl\/index.php\/wp-json\/wp\/v2\/posts\/3488\/revisions"}],"predecessor-version":[{"id":3489,"href":"https:\/\/swiety-jozef.pl\/index.php\/wp-json\/wp\/v2\/posts\/3488\/revisions\/3489"}],"wp:featuredmedia":[{"embeddable":true,"href":"https:\/\/swiety-jozef.pl\/index.php\/wp-json\/wp\/v2\/media\/3316"}],"wp:attachment":[{"href":"https:\/\/swiety-jozef.pl\/index.php\/wp-json\/wp\/v2\/media?parent=3488"}],"wp:term":[{"taxonomy":"category","embeddable":true,"href":"https:\/\/swiety-jozef.pl\/index.php\/wp-json\/wp\/v2\/categories?post=3488"},{"taxonomy":"post_tag","embeddable":true,"href":"https:\/\/swiety-jozef.pl\/index.php\/wp-json\/wp\/v2\/tags?post=3488"}],"curies":[{"name":"wp","href":"https:\/\/api.w.org\/{rel}","templated":true}]}}