{"id":3482,"date":"2022-03-07T05:23:13","date_gmt":"2022-03-07T04:23:13","guid":{"rendered":"https:\/\/swiety-jozef.pl\/?p=3482"},"modified":"2022-03-07T05:23:15","modified_gmt":"2022-03-07T04:23:15","slug":"ogloszenia-duszpasterskie-05-05-2019-r","status":"publish","type":"post","link":"https:\/\/swiety-jozef.pl\/index.php\/2022\/03\/07\/ogloszenia-duszpasterskie-05-05-2019-r\/","title":{"rendered":"Og\u0142oszenia duszpasterskie 05.05.2019 r."},"content":{"rendered":"\n<p class=\"has-text-align-right\"><strong>Nowa S\u00f3l 5.05.2019<\/strong><\/p>\n\n\n\n<h4 class=\"has-text-align-center wp-block-heading\">Og\u0142oszenia duszpasterskie<br>III niedziela Wielkanocna<\/h4>\n\n\n\n<!--more-->\n\n\n\n<p><strong>1<\/strong>. Dzisiaj III Niedziela Wielkanocna, kt\u00f3ra rozpoczyna Tydzie\u0144 Biblijny \u2013 zach\u0119camy by z okazji wydarze\u0144 religijnych obdarowywa\u0107 dzieci i m\u0142odzie\u017c ksi\u0119g\u0105 Pisma \u015awi\u0119tego. Niech w tym tygodni Pismo \u015aw. le\u017cy na naszych sto\u0142ach i cz\u0119sto Go czytajmy.<\/p>\n\n\n\n<p><strong>2<\/strong>. Dzisiaj w niedziel\u0119 po Mszy \u015bw. o godz. 18:30 konferencja dla&nbsp;<strong>rodzic\u00f3w i chrzestnych przygotowuj\u0105ca do sakramentu chrztu \u015bw. dzieci.<\/strong>&nbsp;\/szko\u0142a katolicka\/<\/p>\n\n\n\n<p><strong>3<\/strong>. W \u015brod\u0119 o godz 18:00 Nowenna do MB Nieustaj\u0105cej Pomocy.<\/p>\n\n\n\n<p><strong>4<\/strong>.&nbsp;<strong>Nabo\u017ce\u0144stwa Majowe w dni powszednie o godz. 17:30 w niedziele o godz. 18:00.<\/strong><\/p>\n\n\n\n<p><strong>5<\/strong>.&nbsp;<strong>Spowied\u017a codziennie p\u00f3\u0142 godziny przed Msz\u0105 \u015bw..<\/strong><\/p>\n\n\n\n<p><strong>6<\/strong>. Spotkanie m\u0142odzie\u017cy przygotowuj\u0105cej si\u0119&nbsp;<strong>do sakramentu Bierzmowania klasy VIII i III gimnazjum we wtorek na Nabo\u017ce\u0144stwie majowym o godz 17:30 i Mszy \u015bw. Do 11 maja jest termin zg\u0142oszenia si\u0119 do ks. proboszcza na rozmow\u0119 kwalifikacyjn\u0105.<\/strong><\/p>\n\n\n\n<p><strong>7<\/strong>.&nbsp;<strong>Spotkanie rodzic\u00f3w wraz z dzie\u0107mi przygotowuj\u0105cymi si\u0119 do I Komunii \u015bw. w poniedzia\u0142ek na nabo\u017ce\u0144stwie majowym o godz. 17:30.<\/strong><\/p>\n\n\n\n<p><strong>8<\/strong>. Spotkanie m\u0142odzie\u017cy przygotowuj\u0105cej si\u0119&nbsp;<strong>do sakramentu Bierzmowania klasy VII w pi\u0105tek na Nabo\u017ce\u0144stwie majowym o godz 17:30 i Mszy \u015bw..<\/strong><\/p>\n\n\n\n<p><strong>9<\/strong>.&nbsp;<strong>W sobot\u0119 11 maja \u015bwi\u0119cenia diakonatu w Rokitnie. Z naszej parafii \u015bwi\u0119cenia otrzyma kl. Dawid Klepusewicz. Pami\u0119tajmy o Nim w modlitwie.<\/strong><\/p>\n\n\n\n<p><strong>10<\/strong>.&nbsp;<strong>W przysz\u0142\u0105 niedziel\u0119 Niedziela Dobrego Pasterza.<\/strong><\/p>\n\n\n\n<p><strong>11<\/strong>. Serdeczne \u201eB\u00f3g zap\u0142a\u0107\u201d&nbsp;<strong>9 osobom z os. Konstytucji blok nr 23<\/strong>&nbsp;za sprz\u0105tanie ko\u015bcio\u0142a i ofiar\u0119 na kwiaty. Msza \u015bw. w intencji tych rodzin b\u0119dzie si\u0119&nbsp;<strong>3.06 o godz. 7:00.<\/strong><\/p>\n\n\n\n<p><strong>W sobot\u0119 na godz. 9:00<\/strong>&nbsp;<strong>do sprz\u0105tania ko\u015bcio\u0142a<\/strong>&nbsp;prosz\u0119 wiernych z&nbsp;<strong>osiedla Konstytucji blok nr 24.<\/strong><\/p>\n\n\n\n<p><strong>12<\/strong>. Zach\u0119camy do zakupu i lektury prasy katolickiej:&nbsp;<strong>Tygodnika NIEDZIELA, GO\u015a\u0106 NIEDZIELNY I Ma\u0142y Go\u015b\u0107 Niedzielny, Mi\u0142ujmy si\u0119<\/strong>, kupi\u0107 je mo\u017cna w zakrystii i u ministrant\u00f3w przy wyj\u015bciu z ko\u015bcio\u0142a.<\/p>\n\n\n\n<p>Wszystkim&nbsp;<strong>parafianom i go\u015bciom \u017cyczymy dobrej niedzieli i Bo\u017cego b\u0142ogos\u0142awie\u0144stwa.<\/strong><\/p>\n\n\n\n<p><br><strong>Podzi\u0119kowanie:<\/strong><\/p>\n\n\n\n<p>Dzi\u0119kuj\u0119&nbsp;<strong>Panu Bogu<\/strong>&nbsp;za do\u015bwiadczenie prze\u017cycia uroczysto\u015bci odpustowej i peregrynacyjnej obrazu \u015bw. J\u00f3zefa.<\/p>\n\n\n\n<p>Sk\u0142adam serdeczne \u201eB\u00f3g zap\u0142a\u0107\u201d ksi\u0119\u017com wsp\u00f3\u0142pracownikom i&nbsp;<strong>siostrom zakonnym<\/strong>. Serdeczne podzi\u0119kowanie naszej&nbsp;<strong>orkiestrze FERMATA BEND<\/strong>&nbsp;i parafialnemu&nbsp;<strong>ch\u00f3rowi<\/strong>. Dzi\u0119kuj\u0119&nbsp;<strong>Paniom i panom ze sztandarami<\/strong>&nbsp;i feretronami,&nbsp;<strong>szafarzom i ca\u0142ej s\u0142u\u017cbie liturgicznej<\/strong>&nbsp;o\u0142tarza, dzi\u0119kuj\u0119&nbsp;<strong>paniom katechetkom, dzieciom i m\u0142odzie\u017cy, Caritas<\/strong>&nbsp;parafialnej, dzi\u0119kuj\u0119&nbsp;<strong>paniom i panom za upieczenie ciast i przygotowanie bigosu<\/strong>, przywiezienie i ustawienie \u0142awek, dzi\u0119kuj\u0119 za otrzymane upominki firmie: Lodzik, Wszystko dla dziecka, pa\u0144stwu \u0141uckim i indywidualnym sponsorom, dzi\u0119kuj\u0119&nbsp;<strong>wsp\u00f3lnotom i wszystkim obecnym na wsp\u00f3lnym oddawaniu czci \u015bw. J\u00f3zefowi<\/strong>, kt\u00f3ry nieustannie otacza nas swoj\u0105 ojcowsk\u0105 opiek\u0105.&nbsp;<strong>B\u00d3G ZAP\u0141A\u0106.<\/strong><\/p>\n","protected":false},"excerpt":{"rendered":"<p>Nowa S\u00f3l 5.05.2019 Og\u0142oszenia duszpasterskieIII niedziela Wielkanocna<\/p>\n","protected":false},"author":1,"featured_media":3316,"comment_status":"closed","ping_status":"closed","sticky":false,"template":"","format":"standard","meta":{"_lmt_disableupdate":"","_lmt_disable":"","footnotes":""},"categories":[19],"tags":[],"class_list":["post-3482","post","type-post","status-publish","format-standard","has-post-thumbnail","hentry","category-ogloszenia"],"_links":{"self":[{"href":"https:\/\/swiety-jozef.pl\/index.php\/wp-json\/wp\/v2\/posts\/3482","targetHints":{"allow":["GET"]}}],"collection":[{"href":"https:\/\/swiety-jozef.pl\/index.php\/wp-json\/wp\/v2\/posts"}],"about":[{"href":"https:\/\/swiety-jozef.pl\/index.php\/wp-json\/wp\/v2\/types\/post"}],"author":[{"embeddable":true,"href":"https:\/\/swiety-jozef.pl\/index.php\/wp-json\/wp\/v2\/users\/1"}],"replies":[{"embeddable":true,"href":"https:\/\/swiety-jozef.pl\/index.php\/wp-json\/wp\/v2\/comments?post=3482"}],"version-history":[{"count":1,"href":"https:\/\/swiety-jozef.pl\/index.php\/wp-json\/wp\/v2\/posts\/3482\/revisions"}],"predecessor-version":[{"id":3483,"href":"https:\/\/swiety-jozef.pl\/index.php\/wp-json\/wp\/v2\/posts\/3482\/revisions\/3483"}],"wp:featuredmedia":[{"embeddable":true,"href":"https:\/\/swiety-jozef.pl\/index.php\/wp-json\/wp\/v2\/media\/3316"}],"wp:attachment":[{"href":"https:\/\/swiety-jozef.pl\/index.php\/wp-json\/wp\/v2\/media?parent=3482"}],"wp:term":[{"taxonomy":"category","embeddable":true,"href":"https:\/\/swiety-jozef.pl\/index.php\/wp-json\/wp\/v2\/categories?post=3482"},{"taxonomy":"post_tag","embeddable":true,"href":"https:\/\/swiety-jozef.pl\/index.php\/wp-json\/wp\/v2\/tags?post=3482"}],"curies":[{"name":"wp","href":"https:\/\/api.w.org\/{rel}","templated":true}]}}