{"id":3474,"date":"2022-03-07T04:32:31","date_gmt":"2022-03-07T03:32:31","guid":{"rendered":"https:\/\/swiety-jozef.pl\/?p=3474"},"modified":"2022-03-07T04:32:34","modified_gmt":"2022-03-07T03:32:34","slug":"ogloszenia-duszpasterskie-21-04-2019-niedziela-zmartwychwstania-panskiego","status":"publish","type":"post","link":"https:\/\/swiety-jozef.pl\/index.php\/2022\/03\/07\/ogloszenia-duszpasterskie-21-04-2019-niedziela-zmartwychwstania-panskiego\/","title":{"rendered":"Og\u0142oszenia duszpasterskie 21.04.2019. &#8211; Niedziela Zmartwychwstania Pa\u0144skiego"},"content":{"rendered":"\n<p class=\"has-text-align-right\"><strong>Nowa S\u00f3l 21.04.2019<\/strong><\/p>\n\n\n\n<h4 class=\"has-text-align-center wp-block-heading\">Og\u0142oszenia duszpasterskie<br>I NIEDZIELA Wielkanocna<br>ZMARTWYCHWSTANIA PA\u0143SKIEGO rok C<\/h4>\n\n\n\n<p><strong>1<\/strong>.&nbsp;<strong>Dzisiaj niedziela Zmartwychwstania Pana Jezusa. Msze \u015bw. w naszym ko\u015bciele:&nbsp;&nbsp;o godz. 6.00 z procesj\u0105 rezurekcyjn\u0105, o godz.: 9.30, 11.00 12.30, 14.00 i 18.30<\/strong><\/p>\n\n\n\n<!--more-->\n\n\n\n<p><strong>2<\/strong>. Jutro drugi dzie\u0144 \u015awi\u0105t Wielkanocnych. Msze \u015bw. w dniu jutrzejszym b\u0119d\u0105 wed\u0142ug porz\u0105dku niedzielnego, czyli o godz.<strong>&nbsp;7.30, 9.30, 11.00, 12.30, 14.00 i 18.30.&nbsp;<\/strong><\/p>\n\n\n\n<p><strong>3<\/strong>. Ofiary na tac\u0119 z drugiego dnia Wielkanocy tradycyjnie przeznaczone s\u0105 na Katolicki Uniwersytet Lubelski i Instytut Filozoficzno &#8211; Teologiczny w Zielonej G\u00f3rze.<\/p>\n\n\n\n<p><strong>4<\/strong>. Od wtorku przez ca\u0142y tydzie\u0144 nowenna do Mi\u0142osierdzia Bo\u017cego b\u0119dzie codziennie o godz. 15.00 a\u017c do Niedzieli Bo\u017cego Mi\u0142osierdzia.<\/p>\n\n\n\n<p><strong>5<\/strong>. Za tydzie\u0144 niedziel\u0119 28 kwietnia prze\u017cywa\u0107 b\u0119dziemy jako&nbsp;<em><strong>\u015awi\u0119to Mi\u0142osierdzia Bo\u017cego. Nasza parafia przygotowuje si\u0119 do przyj\u0119cia relikwii \u015aw. siostry Faustyny. W przysz\u0142\u0105 niedziel\u0119 po ka\u017cdej Mszy \u015bw. ka\u017cda rodzina otrzyma ksi\u0105\u017ceczk\u0119 informuj\u0105c\u0105 i zach\u0119caj\u0105c\u0105 do uwielbienia Jezusa Mi\u0142osiernego.<\/strong><\/em><\/p>\n\n\n\n<p><strong>6<\/strong>.&nbsp;<strong>Pragniemy wyrazi\u0107 szczer\u0105 i serdeczn\u0105 wdzi\u0119czno\u015b\u0107 Ksi\u0119\u017com Wikariuszom<\/strong>&nbsp;za pos\u0142ug\u0119 w konfesjonale w okresie Wielkiego Postu, za przygotowanie dekoracji Ciemnicy i Grobu Pa\u0144skiego, za opraw\u0119 liturgii. Dzi\u0119kuj\u0119&nbsp;<strong>szafarzom, ceremoniarzom<\/strong>&nbsp;i ca\u0142ej&nbsp;<strong>S\u0142u\u017cbie Liturgicznej O\u0142tarza, m\u0142odzie\u017cy oazowej i dzieciom oraz Papieskiej Stra\u017cy Ko\u015bcielnej i Panom Ministrantom<\/strong>, za starann\u0105 pos\u0142ug\u0119 podczas Triduum Paschalnego;&nbsp;<strong>Ch\u00f3rowi i Siostrze Gieni<\/strong>&nbsp;za przygotowan\u0105 i ca\u0142o\u015bciow\u0105 opraw\u0119 wokalno &#8211; muzyczn\u0105 Triduum Paschalnego, dzi\u0119kuj\u0119 pani&nbsp;<strong>Eli Janus<\/strong>&nbsp;za u\u0142o\u017cenie kwiat\u00f3w \u2013 i&nbsp;<strong>wszystkim kt\u00f3rzy z\u0142o\u017cyli ofiar\u0119 na kwiaty do Bo\u017cego Grobu.<\/strong>&nbsp;Serdeczne podzi\u0119kowanie&nbsp;<strong>panu Hubertowi i ca\u0142ej Parafialnej Orkiestrze D\u0119tej FERMATA BAND<\/strong>&nbsp;za udzia\u0142 w dzisiejszej uroczysto\u015bci rezurekcyjnej.&nbsp;<strong>Dzi\u0119kuj\u0119 za ciasto i specja\u0142y,<\/strong>&nbsp;kt\u00f3re otrzymali\u015bmy na plebani\u0119.<\/p>\n\n\n\n<p>Niech Dobry B\u00f3g wszystkim stokrotnie wynagrodzi za ka\u017cdy trud i ka\u017cde dobro wniesione dla wi\u0119kszej chwa\u0142y i duchowego dobra wiernych.<\/p>\n\n\n\n<p>7. W \u015brod\u0119 o godz. 18:00<strong>&nbsp;nowenna do MB Nieustaj\u0105cej Pomocy.<\/strong><\/p>\n\n\n\n<p><strong>8<\/strong>. W pi\u0105tek w oktawie Wielkanocy nie obowi\u0105zuj post od pokarm\u00f3w mi\u0119snych.<\/p>\n\n\n\n<p><strong>9<\/strong>. W sobot\u0119 27 kwietnia diecezjalna pielgrzymka ministrant\u00f3w do seminarium w Parady\u017cu.<\/p>\n\n\n\n<p><strong>10<\/strong>. W przysz\u0142\u0105 niedziel\u0119 zbi\u00f3rka do puszek na dzia\u0142alno\u015bci charytatywn\u0105 Caritas naszej Diecezji.<\/p>\n\n\n\n<p><strong>11<\/strong>. Przygotowujemy si\u0119&nbsp;<strong>na przyj\u0119cie Obrazu \u015aw. J\u00f3zefa<\/strong>, kt\u00f3ry przyb\u0119dzie do naszej<strong>&nbsp;parafii 1 maja<\/strong>, na dzie\u0144 naszego odpustu parafialnego.&nbsp;<strong>Rozpoczniemy to \u015bwi\u0119towanie Piknikiem Rodzinnym.<\/strong><\/p>\n\n\n\n<p><strong>12<\/strong>. Serdeczne \u201eB\u00f3g zap\u0142a\u0107\u201d&nbsp;<strong>3 osobom z os. Konstytucji blok nr 21<\/strong>&nbsp;za sprz\u0105tanie ko\u015bcio\u0142a i ofiar\u0119 na kwiaty. Msza \u015bw. w intencji tych rodziny b\u0119dzie si\u0119<strong>&nbsp;23.04 o godz. 7:00.<\/strong><\/p>\n\n\n\n<p><strong>W sobot\u0119 na godz. 9:00<\/strong>&nbsp;do sprz\u0105tania ko\u015bcio\u0142a prosz\u0119 wiernych z&nbsp;<strong>os. Konstytucji blok nr 22.<\/strong><\/p>\n\n\n\n<p><strong>13<\/strong>. Zach\u0119camy do zakupu i lektury prasy katolickiej:&nbsp;<strong>Tygodnika NIEDZIELA, GO\u015a\u0106 NIEDZIELNY I G\u0142os \u015awi\u0119tego J\u00f3zefa<\/strong>, kupi\u0107 je mo\u017cna w zakrystii i u ministrant\u00f3w przy wyj\u015bciu z ko\u015bcio\u0142a.<\/p>\n\n\n\n<p><strong>14<\/strong>.&nbsp;<strong>Drodzy Siostry i Bracia! Chrystus Zmartwychwsta\u0142, prawdziwie Zmartwychwsta\u0142!!! Alleluja!!! Pragniemy \u017cyczy\u0107 Wam jako Duszpasterze, aby Chrystus obecny w EUCHARYSTII odnowi\u0142 i opromieni\u0142 Was blaskiem Swego Zmartwychwstania. Niechaj rado\u015b\u0107 i nadzieja, kt\u00f3re wyp\u0142ywaj\u0105 z Groty Zmartwychwstania pozostan\u0105 na zawsze w Waszych Sercach. \u017byczymy Wam, aby Tajemnica Paschalna nape\u0142ni\u0142a ka\u017cdego z Was wiar\u0105 i rado\u015bci\u0105! Niech wyzwala w Waszych wn\u0119trzach Moc do pomna\u017cania dobra w rodzinach, parafii i naszej Ojczy\u017anie. \u017byczenia wszelkiego dobra od Zmartwychwsta\u0142ego Pana sk\u0142adamy r\u00f3wnie\u017c wszystkim przyby\u0142ym Go\u015bciom! Niech B\u00f3g Wszechmog\u0105cy Wszystkim za wszelkie ofiary, dobro\u0107, modlitw\u0119 i prace stokrotnie wynagrodzi. B\u00f3g Zap\u0142a\u0107!<\/strong><\/p>\n","protected":false},"excerpt":{"rendered":"<p>Nowa S\u00f3l 21.04.2019 Og\u0142oszenia duszpasterskieI NIEDZIELA WielkanocnaZMARTWYCHWSTANIA PA\u0143SKIEGO rok C 1.&nbsp;Dzisiaj niedziela Zmartwychwstania Pana Jezusa. Msze \u015bw. w naszym ko\u015bciele:&nbsp;&nbsp;o godz. 6.00 z procesj\u0105 rezurekcyjn\u0105, o godz.: 9.30, 11.00 12.30,&hellip;<\/p>\n","protected":false},"author":1,"featured_media":3316,"comment_status":"closed","ping_status":"closed","sticky":false,"template":"","format":"standard","meta":{"_lmt_disableupdate":"","_lmt_disable":"","footnotes":""},"categories":[19],"tags":[],"class_list":["post-3474","post","type-post","status-publish","format-standard","has-post-thumbnail","hentry","category-ogloszenia"],"_links":{"self":[{"href":"https:\/\/swiety-jozef.pl\/index.php\/wp-json\/wp\/v2\/posts\/3474","targetHints":{"allow":["GET"]}}],"collection":[{"href":"https:\/\/swiety-jozef.pl\/index.php\/wp-json\/wp\/v2\/posts"}],"about":[{"href":"https:\/\/swiety-jozef.pl\/index.php\/wp-json\/wp\/v2\/types\/post"}],"author":[{"embeddable":true,"href":"https:\/\/swiety-jozef.pl\/index.php\/wp-json\/wp\/v2\/users\/1"}],"replies":[{"embeddable":true,"href":"https:\/\/swiety-jozef.pl\/index.php\/wp-json\/wp\/v2\/comments?post=3474"}],"version-history":[{"count":1,"href":"https:\/\/swiety-jozef.pl\/index.php\/wp-json\/wp\/v2\/posts\/3474\/revisions"}],"predecessor-version":[{"id":3475,"href":"https:\/\/swiety-jozef.pl\/index.php\/wp-json\/wp\/v2\/posts\/3474\/revisions\/3475"}],"wp:featuredmedia":[{"embeddable":true,"href":"https:\/\/swiety-jozef.pl\/index.php\/wp-json\/wp\/v2\/media\/3316"}],"wp:attachment":[{"href":"https:\/\/swiety-jozef.pl\/index.php\/wp-json\/wp\/v2\/media?parent=3474"}],"wp:term":[{"taxonomy":"category","embeddable":true,"href":"https:\/\/swiety-jozef.pl\/index.php\/wp-json\/wp\/v2\/categories?post=3474"},{"taxonomy":"post_tag","embeddable":true,"href":"https:\/\/swiety-jozef.pl\/index.php\/wp-json\/wp\/v2\/tags?post=3474"}],"curies":[{"name":"wp","href":"https:\/\/api.w.org\/{rel}","templated":true}]}}