{"id":3452,"date":"2022-03-07T04:03:06","date_gmt":"2022-03-07T03:03:06","guid":{"rendered":"https:\/\/swiety-jozef.pl\/?p=3452"},"modified":"2022-03-07T04:03:09","modified_gmt":"2022-03-07T03:03:09","slug":"ogloszenia-duszpasterskie-03-02-2019-r","status":"publish","type":"post","link":"https:\/\/swiety-jozef.pl\/index.php\/2022\/03\/07\/ogloszenia-duszpasterskie-03-02-2019-r\/","title":{"rendered":"Og\u0142oszenia duszpasterskie 03.02.2019 r."},"content":{"rendered":"\n<p class=\"has-text-align-right\"><strong>Nowa S\u00f3l 3.02.2019<\/strong><\/p>\n\n\n\n<h4 class=\"has-text-align-center wp-block-heading\">Og\u0142oszenia duszpasterskie<br>IV NIEDZIELA rok C<\/h4>\n\n\n\n<p><strong>1<\/strong>. Dzisiaj&nbsp;<strong>IV niedziela okresu zwyk\u0142ego.<\/strong><\/p>\n\n\n\n<p><strong>2<\/strong>.&nbsp;<strong>We wtorek na Mszy \u015bw. o godz. 18:00 spotkanie katechet\u00f3w.<\/strong><\/p>\n\n\n\n<p><strong>3<\/strong>. W \u015brod\u0119 o godz. 18.00<strong>&nbsp;Nowenna do Matki Bo\u017cej Nieustaj\u0105cej Pomocy.<\/strong><\/p>\n\n\n\n<!--more-->\n\n\n\n<p><strong>4<\/strong>. W czwartek spotkanie&nbsp;<strong>oazy m\u0142odzie\u017cowej<\/strong>&nbsp;na Mszy \u015bw. o godz. 18:00.<\/p>\n\n\n\n<p><strong>5<\/strong>. Zapraszamy dzieci do&nbsp;<strong>\u015bpiewania w scholi<\/strong>&nbsp;w pi\u0105tek na godz. 16:00 w salce pod ko\u015bcio\u0142em.<\/p>\n\n\n\n<p><strong>6<\/strong>. W kaplicy naszego ko\u015bcio\u0142a&nbsp;<strong>trwa ca\u0142odniowa Adoracja Naj\u015bwi\u0119tszego Sakramentu<\/strong>, od poniedzia\u0142ku do pi\u0105tku w godzinach od 7:30 do Mszy wieczornej.<\/p>\n\n\n\n<p><strong>7<\/strong>. W tym tygodniu I czwartek miesi\u0105ca<\/p>\n\n\n\n<p><strong>8<\/strong>. Serdeczne \u201eB\u00f3g zap\u0142a\u0107\u201d&nbsp;<strong>11 osobom z ul. Konstytucji blok numer 9<\/strong>&nbsp;za sprz\u0105tanie ko\u015bcio\u0142a i ofiar\u0119 na kwiaty. Msza \u015bw. w intencji tych os\u00f3b i ich rodzin b\u0119dzie si\u0119&nbsp;<strong>12.02. o godz. 7:00.<\/strong><\/p>\n\n\n\n<p><strong>W sobot\u0119 na godz. 9:00<\/strong>&nbsp;do sprz\u0105tania ko\u015bcio\u0142a prosz\u0119 wiernych z&nbsp;<strong>Konstytucji blok numer 10.<\/strong><\/p>\n\n\n\n<p><strong>9<\/strong>. Zach\u0119camy do zakupu i lektury prasy katolickiej: Tygodnika&nbsp;<strong>NIEDZIELA, GO\u015a\u0106 NIEDZIELNY i G\u0142os \u015awi\u0119tego J\u00f3zefa<\/strong>&nbsp;kupi\u0107 mo\u017cna w zakrystii i u ministrant\u00f3w przy wyj\u015bciu z ko\u015bcio\u0142a.<\/p>\n\n\n\n<p><strong>10<\/strong>. W tym tygodniu zako\u0144czyli\u015bmy&nbsp;<strong>duszpastersk\u0105 wizyt\u0119 w rodzinach naszej parafii, zwan\u0105 kol\u0119d\u0105.<\/strong>&nbsp;Dzi\u0119kujemy za wsp\u00f3ln\u0105 modlitw\u0119 i sympatyczne spotkania i ofiary, kt\u00f3re w cz\u0119\u015bci s\u0105 przeznaczone na potrzeby parafii. B\u00f3g zap\u0142a\u0107.<\/p>\n\n\n\n<p>Przewodnimi zagadnieniami kt\u00f3re by\u0142y poruszane to:<\/p>\n\n\n\n<ul class=\"wp-block-list\"><li>1.<strong>&nbsp;Sprz\u0105tanie ko\u015bcio\u0142a<\/strong>&nbsp;\u2013 szukamy pomys\u0142\u00f3w, dora\u017anie zwi\u0119kszamy ilo\u015b\u0107 rodzin na sobotnie sprz\u0105tnie.<\/li><li>2.&nbsp;<strong>Ogrzewanie ko\u015bcio\u0142a<\/strong>&nbsp;\u2013 uruchomili\u015bmy nagrzewnice, du\u017ce koszty przy ma\u0142ej efektywno\u015bci wzrostu temperatury.<\/li><li>3. Du\u017cej ilo\u015bci os\u00f3b<strong>&nbsp;starszych zaproponowali\u015bmy sakramenty w ich domach w I sobot\u0119 miesi\u0105ca.<\/strong><\/li><li>4. \u017byj\u0105cym w zawi\u0105zkach bez \u015blubu&nbsp;<strong>zaproponowali\u015bmy pomoc w przygotowaniu do przyj\u0119cia sakramentu<\/strong><\/li><li>5.Wielkim problemem jest brak uczestnictwa&nbsp;<strong>rodzin w coniedzielnej Mszy \u015bw. , brak dzieci i m\u0142odzie\u017cy w \u017cyciu sakramentalnym<\/strong>&nbsp;\u2013 proponowali\u015bmy w\u0142\u0105czenie si\u0119 we wsp\u00f3lnoty dzia\u0142aj\u0105ce w parafii: \u017bywy R\u00f3\u017caniec, Oaza Dzieci, m\u0142odzie\u017cy i doros\u0142ych, ministranci, schola.<\/li><li>6. Przepraszamy, co by\u0142o zauwa\u017cone, za niejednokrotnie&nbsp;<strong>zbyt kr\u00f3tkie spotkania kol\u0119dowe<\/strong>, jednym z powod\u00f3w by\u0142o nieomijanie tych rodzin, kt\u00f3re nie z\u0142o\u017cy\u0142y zaprosze\u0144, co powodowa\u0142o \u017ce do planowanej ilo\u015bci rodzin dosz\u0142y nieplanowane. Dla usprawnienia planu kol\u0119dy<strong>&nbsp;na przysz\u0142y rok prosimy o sk\u0142adanie zaprosze\u0144.<\/strong>&nbsp;W czasie kol\u0119dy wyja\u015bnili\u015bmy wiele indywidualnych zapyta\u0144 i niejasno\u015bci. Jeszcze raz B\u00f3g Zap\u0142a\u0107.<\/li><\/ul>\n\n\n\n<p><strong>11. 9 lutego \/sobota\/ w naszym ko\u015bciele o godz. 15:00 ks. Bp Tadeusz Lity\u0144ski odprawi Msz\u0119 \u015bw. w intencji pracownik\u00f3w s\u0142u\u017cby zdrowia, po Mszy \u015bwi\u0119tej w Nowosolskim Domu Kultury zostan\u0105 wr\u0119czone nagrody jako wdzi\u0119czno\u015b\u0107 za s\u0142u\u017cb\u0119 chorym. Zapraszamy wszystkich wiernych<\/strong>.<\/p>\n\n\n\n<p><strong>12<\/strong>.&nbsp;<strong>11 lutego obchodzimy \u015awiatowy Dzie\u0144 Chorego.<\/strong>&nbsp;Z tej racji w ko\u015bciele w naszej parafii w niedziele&nbsp;<strong>10 lutego o godz. 14.00 zostanie odprawiona pod przewodnictwem Ksi\u0119dza Biskupa Msza \u015bw. w intencji os\u00f3b chorych, cierpi\u0105cych z udzieleniem sakramentu namaszczenia.<\/strong>&nbsp;Po Mszy \u015bw. odb\u0119dzie si\u0119 koncert dedykowany osobom chorym i wsp\u00f3lny pocz\u0119stunek. Prosimy rodziny os\u00f3b chorych o pomoc w dotarciu na to spotkanie. Prosimy o upieczenie ciasta na pocz\u0119stunek dla chorych. Osoby, kt\u00f3re chc\u0105 przynie\u015b\u0107 ciasto prosz\u0119 o zg\u0142oszenie si\u0119 w zakrystii.<\/p>\n\n\n\n<p><strong>Wszystkim parafianom i go\u015bciom \u017cyczymy dobrej niedzieli i Bo\u017cego b\u0142ogos\u0142awie\u0144stwa.<\/strong><\/p>\n","protected":false},"excerpt":{"rendered":"<p>Nowa S\u00f3l 3.02.2019 Og\u0142oszenia duszpasterskieIV NIEDZIELA rok C 1. Dzisiaj&nbsp;IV niedziela okresu zwyk\u0142ego. 2.&nbsp;We wtorek na Mszy \u015bw. o godz. 18:00 spotkanie katechet\u00f3w. 3. W \u015brod\u0119 o godz. 18.00&nbsp;Nowenna do&hellip;<\/p>\n","protected":false},"author":1,"featured_media":3316,"comment_status":"closed","ping_status":"closed","sticky":false,"template":"","format":"standard","meta":{"_lmt_disableupdate":"","_lmt_disable":"","footnotes":""},"categories":[19],"tags":[],"class_list":["post-3452","post","type-post","status-publish","format-standard","has-post-thumbnail","hentry","category-ogloszenia"],"_links":{"self":[{"href":"https:\/\/swiety-jozef.pl\/index.php\/wp-json\/wp\/v2\/posts\/3452","targetHints":{"allow":["GET"]}}],"collection":[{"href":"https:\/\/swiety-jozef.pl\/index.php\/wp-json\/wp\/v2\/posts"}],"about":[{"href":"https:\/\/swiety-jozef.pl\/index.php\/wp-json\/wp\/v2\/types\/post"}],"author":[{"embeddable":true,"href":"https:\/\/swiety-jozef.pl\/index.php\/wp-json\/wp\/v2\/users\/1"}],"replies":[{"embeddable":true,"href":"https:\/\/swiety-jozef.pl\/index.php\/wp-json\/wp\/v2\/comments?post=3452"}],"version-history":[{"count":1,"href":"https:\/\/swiety-jozef.pl\/index.php\/wp-json\/wp\/v2\/posts\/3452\/revisions"}],"predecessor-version":[{"id":3453,"href":"https:\/\/swiety-jozef.pl\/index.php\/wp-json\/wp\/v2\/posts\/3452\/revisions\/3453"}],"wp:featuredmedia":[{"embeddable":true,"href":"https:\/\/swiety-jozef.pl\/index.php\/wp-json\/wp\/v2\/media\/3316"}],"wp:attachment":[{"href":"https:\/\/swiety-jozef.pl\/index.php\/wp-json\/wp\/v2\/media?parent=3452"}],"wp:term":[{"taxonomy":"category","embeddable":true,"href":"https:\/\/swiety-jozef.pl\/index.php\/wp-json\/wp\/v2\/categories?post=3452"},{"taxonomy":"post_tag","embeddable":true,"href":"https:\/\/swiety-jozef.pl\/index.php\/wp-json\/wp\/v2\/tags?post=3452"}],"curies":[{"name":"wp","href":"https:\/\/api.w.org\/{rel}","templated":true}]}}