{"id":3448,"date":"2022-03-07T03:58:05","date_gmt":"2022-03-07T02:58:05","guid":{"rendered":"https:\/\/swiety-jozef.pl\/?p=3448"},"modified":"2022-03-07T03:58:08","modified_gmt":"2022-03-07T02:58:08","slug":"ogloszenia-duszpasterskie-20-01-2019-r","status":"publish","type":"post","link":"https:\/\/swiety-jozef.pl\/index.php\/2022\/03\/07\/ogloszenia-duszpasterskie-20-01-2019-r\/","title":{"rendered":"Og\u0142oszenia duszpasterskie 20.01.2019 r."},"content":{"rendered":"\n<p class=\"has-text-align-right\"><strong>Nowa S\u00f3l 20.01.2019<\/strong><\/p>\n\n\n\n<h4 class=\"has-text-align-center wp-block-heading\">Og\u0142oszenia duszpasterskie<br>II NIEDZIELA rok C<\/h4>\n\n\n\n<p><strong>1<\/strong>. Dzisiaj II&nbsp;<strong>niedziela okresu zwyk\u0142ego<\/strong>, ale w Polsce dekoracje bo\u017conarodzeniowe zostaj\u0105 do \u015bwi\u0119ta&nbsp;<strong>Ofiarowania Pa\u0144skiego, czyli Matki Bo\u017cej Gromnicznej 2 lutego.<\/strong><\/p>\n\n\n\n<p><strong>2<\/strong>.<strong>&nbsp;Dzisiaj &#8211; trzeci\u0105 niedziel\u0105 miesi\u0105ca.<\/strong>&nbsp;Ofiary na tac\u0119 tradycyjnie sk\u0142adamy na potrzeby naszej parafii. Za pami\u0119\u0107 i ofiarno\u015b\u0107 sk\u0142adamy serdeczne \u201eB\u00f3g zap\u0142a\u0107\u201d.<\/p>\n\n\n\n<!--more-->\n\n\n\n<p><strong>3<\/strong>. W zakrystii od dzisiejszej niedzieli<strong>&nbsp;mo\u017cna zakupi\u0107 \u015bwiece gromnice.<\/strong><\/p>\n\n\n\n<p><strong>4<\/strong>. W poniedzia\u0142ek obchodzimy&nbsp;<strong>Dzie\u0144 Babci a we wtorek Dzie\u0144 Dziadka,<\/strong>&nbsp;pami\u0119tajmy z wdzi\u0119czno\u015bci\u0105 sk\u0142adaj\u0105c \u017cyczenia \u017cyj\u0105cym i m\u00f3dlmy si\u0119 za zmar\u0142ych.<\/p>\n\n\n\n<p><strong>5<\/strong>. We wtorek<strong>&nbsp;XXXII rocznica \u015bmierci S\u0142ugi Bo\u017cego Bp. Wilhelma Pluty.<\/strong><\/p>\n\n\n\n<p><strong>6<\/strong>. W \u015brod\u0119 o godz. 18.00<strong>&nbsp;Nowenna do Matki Bo\u017cej Nieustaj\u0105cej Pomocy.<\/strong><\/p>\n\n\n\n<p><strong>7<\/strong>. W pi\u0105tek \u015bwi\u0119to&nbsp;<strong>Nawr\u00f3cenia \u015aw. Paw\u0142a Aposto\u0142a.<\/strong><\/p>\n\n\n\n<p><strong>8<\/strong>. W kaplicy naszego ko\u015bcio\u0142a trwa&nbsp;<strong>ca\u0142odniowa Adoracja Naj\u015bwi\u0119tszego Sakramentu<\/strong>, od poniedzia\u0142ku do pi\u0105tku w godzinach od 7:30 do Mszy wieczornej.<\/p>\n\n\n\n<p><strong>9<\/strong>.&nbsp;<strong>Msze \u015bw. w dni powszednie o godz. 7:00 i o godz. 18:00.<\/strong><\/p>\n\n\n\n<p><strong>10<\/strong>.&nbsp;<strong>Mo\u017cliwo\u015b\u0107 spowiedzi w okresie kol\u0119dy: w niedziel\u0119 p\u00f3\u0142 godziny przed ka\u017cd\u0105 Msz\u0105 \u015bwi\u0119t\u0105 i w dni powszednie p\u00f3\u0142 godziny przed rann\u0105 Msz\u0105 \u015bwi\u0119t\u0105.<\/strong><\/p>\n\n\n\n<p><strong>11<\/strong>. Serdeczne \u201eB\u00f3g zap\u0142a\u0107\u201d&nbsp;<strong>13 osobom z ul. Konstytucji blok numer 4<\/strong>&nbsp;za sprz\u0105tanie ko\u015bcio\u0142a i ofiar\u0119 na kwiaty. Msza \u015bw. w intencji tych os\u00f3b i ich rodzin b\u0119dzie si\u0119&nbsp;<strong>4.02. o godz. 7:00.<\/strong><\/p>\n\n\n\n<p><strong>W sobot\u0119 na godz. 9.00<\/strong>&nbsp;do sprz\u0105tania ko\u015bcio\u0142a prosz\u0119 wiernych z&nbsp;<strong>osiedla Konstytucji blok numer 8.<\/strong><\/p>\n\n\n\n<p><strong>12<\/strong>. Zach\u0119camy do zakupu i lektury prasy katolickiej: Tygodnika&nbsp;<strong>NIEDZIELA, GO\u015a\u0106 NIEDZIELNY<\/strong>&nbsp;kupi\u0107 mo\u017cna w zakrystii i u ministrant\u00f3w przy wyj\u015bciu z ko\u015bcio\u0142a.<\/p>\n\n\n\n<p><strong>13<\/strong>. S\u0105 do nabycia w zakrystii i u ministrant\u00f3w<strong>&nbsp;kalendarze na rok 2019 z motywami anio\u0142\u00f3w w cenie 3 z\u0142.<\/strong><\/p>\n\n\n\n<p><strong>14<\/strong>. Rozpocz\u0119li\u015bmy&nbsp;<strong>duszpastersk\u0105 wizyt\u0119 w rodzinach naszej parafii, zwana kol\u0119d\u0105.<\/strong>&nbsp;Celem kol\u0119dy jest wsp\u00f3lna modlitwa z b\u0142ogos\u0142awie\u0144stwem domu oraz rozmowa na tematy \u017cycia religijnego w rodzinie i spraw duszpasterstwa w parafii.<\/p>\n\n\n\n<p><strong>Kol\u0119da jest znakiem utrzymywania wi\u0119zi z parafi\u0105, jako wsp\u00f3lnot\u0105 wiary, dlatego pragniemy odwiedzi\u0107 wszystkie rodziny i wszystkich wiernych w parafii.<\/strong>&nbsp;Na kol\u0119d\u0119 powinien by\u0107 st\u00f3\u0142 nakryty bia\u0142ym obrusem, na nim ustawiony krzy\u017c i dwie zapalone \u015bwiece, naczynie z wod\u0105 \u015bwi\u0119con\u0105 i kropid\u0142o oraz Ksi\u0119ga Pisma \u015awi\u0119tego, a gdy s\u0105 dzieci w wieku szkolnym to tak\u017ce zeszyty z religii oraz indeksy kandydat\u00f3w do Bierzmowania.&nbsp;<strong>Dok\u0142adny plan kol\u0119dy jest wywieszony w gablotach i umieszczony na stronie internetowej parafii<\/strong>, jednak mo\u017ce ulec ma\u0142ym zmianom.<br><br>Wszystkim&nbsp;<strong>parafianom i go\u015bciom \u017cyczymy dobrej niedzieli i Bo\u017cego b\u0142ogos\u0142awie\u0144stwa.<\/strong><\/p>\n","protected":false},"excerpt":{"rendered":"<p>Nowa S\u00f3l 20.01.2019 Og\u0142oszenia duszpasterskieII NIEDZIELA rok C 1. Dzisiaj II&nbsp;niedziela okresu zwyk\u0142ego, ale w Polsce dekoracje bo\u017conarodzeniowe zostaj\u0105 do \u015bwi\u0119ta&nbsp;Ofiarowania Pa\u0144skiego, czyli Matki Bo\u017cej Gromnicznej 2 lutego. 2.&nbsp;Dzisiaj &#8211;&hellip;<\/p>\n","protected":false},"author":1,"featured_media":3316,"comment_status":"closed","ping_status":"closed","sticky":false,"template":"","format":"standard","meta":{"_lmt_disableupdate":"","_lmt_disable":"","footnotes":""},"categories":[19],"tags":[],"class_list":["post-3448","post","type-post","status-publish","format-standard","has-post-thumbnail","hentry","category-ogloszenia"],"_links":{"self":[{"href":"https:\/\/swiety-jozef.pl\/index.php\/wp-json\/wp\/v2\/posts\/3448","targetHints":{"allow":["GET"]}}],"collection":[{"href":"https:\/\/swiety-jozef.pl\/index.php\/wp-json\/wp\/v2\/posts"}],"about":[{"href":"https:\/\/swiety-jozef.pl\/index.php\/wp-json\/wp\/v2\/types\/post"}],"author":[{"embeddable":true,"href":"https:\/\/swiety-jozef.pl\/index.php\/wp-json\/wp\/v2\/users\/1"}],"replies":[{"embeddable":true,"href":"https:\/\/swiety-jozef.pl\/index.php\/wp-json\/wp\/v2\/comments?post=3448"}],"version-history":[{"count":1,"href":"https:\/\/swiety-jozef.pl\/index.php\/wp-json\/wp\/v2\/posts\/3448\/revisions"}],"predecessor-version":[{"id":3449,"href":"https:\/\/swiety-jozef.pl\/index.php\/wp-json\/wp\/v2\/posts\/3448\/revisions\/3449"}],"wp:featuredmedia":[{"embeddable":true,"href":"https:\/\/swiety-jozef.pl\/index.php\/wp-json\/wp\/v2\/media\/3316"}],"wp:attachment":[{"href":"https:\/\/swiety-jozef.pl\/index.php\/wp-json\/wp\/v2\/media?parent=3448"}],"wp:term":[{"taxonomy":"category","embeddable":true,"href":"https:\/\/swiety-jozef.pl\/index.php\/wp-json\/wp\/v2\/categories?post=3448"},{"taxonomy":"post_tag","embeddable":true,"href":"https:\/\/swiety-jozef.pl\/index.php\/wp-json\/wp\/v2\/tags?post=3448"}],"curies":[{"name":"wp","href":"https:\/\/api.w.org\/{rel}","templated":true}]}}